{"id":48313,"date":"2025-11-02T14:18:08","date_gmt":"2025-11-02T18:18:08","guid":{"rendered":"https:\/\/noticiasveraces.com\/?p=48313"},"modified":"2025-11-02T14:18:08","modified_gmt":"2025-11-02T18:18:08","slug":"una-nueva-terapia-contra-la-calvicie-podria-hacer-que-el-cabello-vuelva-a-crecer-en-20-dias-utilizando-un-tratamiento-con-suero","status":"publish","type":"post","link":"https:\/\/noticiasveraces.com\/?p=48313","title":{"rendered":"Una nueva terapia contra la calvicie podr\u00eda hacer que el cabello vuelva a crecer en 20 d\u00edas utilizando un tratamiento con suero"},"content":{"rendered":"<p> \n<\/p>\n<div>\n<div id=\"beyondwords-wrapper\" class=\"beyondwords-wrapper\">\n<p><span class=\"label-bg\">NUEVO<\/span>\u00a1Ahora puedes escuchar los art\u00edculos de Fox News!\n  <\/p>\n<\/div>\n<p class=\"speakable\">Una cura para la calvicie podr\u00eda estar en el horizonte.<\/p>\n<p class=\"speakable\">Investigadores de la Universidad de Taiw\u00e1n dicen que han descubierto un suero que podr\u00eda hacer que el cabello vuelva a crecer en s\u00f3lo 20 d\u00edas.<\/p>\n<p>El estudio, publicado en la revista Cell Metabolism, demostr\u00f3 que las c\u00e9lulas grasas debajo de la piel pueden reiniciar el crecimiento del cabello.<\/p>\n<p><strong>NUEVA TERAPIA CON C\u00c9LULAS MADRE MUESTRA RESULTADOS &#8216;PROMETEDORES&#8217; PARA EL TRATAMIENTO DE LA P\u00c9RDIDA DE CABELLO EN ENSAYOS PRECL\u00cdNICOS<\/strong><\/p>\n<p>Los investigadores utilizaron muestras de piel de rat\u00f3n para monitorear los cambios en el tejido graso debajo de la piel, as\u00ed como en los fol\u00edculos pilosos y las c\u00e9lulas que ayudan al crecimiento del cabello, despu\u00e9s de que provocaron peque\u00f1as lesiones para desencadenar ciertas reacciones, seg\u00fan un comunicado de prensa.<\/p>\n<div class=\"image-ct inline\">\n<div class=\"m\"><picture><source media=\"(max-width: 767px)\" srcset=\"https:\/\/a57.foxnews.com\/static.foxnews.com\/foxnews.com\/content\/uploads\/2025\/10\/343\/192\/bald-man-serum-scalp.jpg?ve=1&amp;tl=1, https:\/\/a57.foxnews.com\/static.foxnews.com\/foxnews.com\/content\/uploads\/2025\/10\/686\/384\/bald-man-serum-scalp.jpg?ve=1&amp;tl=1 2x\" height=\"192\" width=\"343\"><source media=\"(min-width: 768px) and (max-width: 1023px)\" srcset=\"https:\/\/a57.foxnews.com\/static.foxnews.com\/foxnews.com\/content\/uploads\/2025\/10\/672\/378\/bald-man-serum-scalp.jpg?ve=1&amp;tl=1, https:\/\/a57.foxnews.com\/static.foxnews.com\/foxnews.com\/content\/uploads\/2025\/10\/1344\/756\/bald-man-serum-scalp.jpg?ve=1&amp;tl=1 2x\" height=\"378\" width=\"672\"><source media=\"(min-width: 1024px) and (max-width: 1279px)\" srcset=\"https:\/\/a57.foxnews.com\/static.foxnews.com\/foxnews.com\/content\/uploads\/2025\/10\/931\/523\/bald-man-serum-scalp.jpg?ve=1&amp;tl=1, https:\/\/a57.foxnews.com\/static.foxnews.com\/foxnews.com\/content\/uploads\/2025\/10\/1862\/1046\/bald-man-serum-scalp.jpg?ve=1&amp;tl=1 2x\" height=\"523\" width=\"931\"><source media=\"(min-width: 1280px)\" srcset=\"https:\/\/a57.foxnews.com\/static.foxnews.com\/foxnews.com\/content\/uploads\/2025\/10\/720\/405\/bald-man-serum-scalp.jpg?ve=1&amp;tl=1, https:\/\/a57.foxnews.com\/static.foxnews.com\/foxnews.com\/content\/uploads\/2025\/10\/1440\/810\/bald-man-serum-scalp.jpg?ve=1&amp;tl=1 2x\" height=\"405\" width=\"720\"><img loading=\"lazy\" decoding=\"async\" src=\"https:\/\/a57.foxnews.com\/static.foxnews.com\/foxnews.com\/content\/uploads\/2025\/10\/1200\/675\/bald-man-serum-scalp.jpg?ve=1&amp;tl=1\" alt=\"El hombre aplica suero con un gotero en la parte superior de su cabeza calva.\" width=\"1200\" height=\"675\"\/><\/source><\/source><\/source><\/source><\/picture><\/div>\n<div class=\"info\">\n<div class=\"caption\">\n<p><span>Los investigadores descubrieron que la aplicaci\u00f3n de un tratamiento t\u00f3pico de \u00e1cidos grasos en la piel promueve el crecimiento del cabello despu\u00e9s de una lesi\u00f3n cut\u00e1nea.<\/span> <span>(iStock)<\/span><\/p>\n<\/div>\n<\/div>\n<\/div>\n<p>Despu\u00e9s de una lesi\u00f3n en la piel, las c\u00e9lulas grasas comenzaron a descomponer la grasa almacenada en un proceso llamado lip\u00f3lisis. Luego se liberaron \u00e1cidos grasos en la piel, que actuaron como una se\u00f1al para el crecimiento de las c\u00e9lulas madre del cabello.<\/p>\n<p>Cuando los cient\u00edficos impidieron que las c\u00e9lulas grasas descompusieran la grasa, impidieron que el cabello creciera.<\/p>\n<p><strong>LOS HOMBRES QUE SE QUEDAN CALVOS RECURREN AL &#8216;NUEVO BOTOX&#8217; PARA EL TRATAMIENTO DE LA P\u00c9RDIDA DEL CABELLO<\/strong><\/p>\n<p>Se frotaron \u00e1cidos grasos sobre la piel de los ratones para determinar si provocar\u00edan el crecimiento del cabello en estas \u00e1reas. El experimento tuvo \u00e9xito y desencaden\u00f3 el crecimiento del cabello.<\/p>\n<p>El mismo patr\u00f3n fue reconocido en m\u00faltiples experimentos, aunque la investigaci\u00f3n a\u00fan es temprana y a\u00fan no se ha probado en humanos, anotaron los investigadores.<\/p>\n<div class=\"image-ct inline\">\n<div class=\"m\"><picture><source media=\"(max-width: 767px)\" srcset=\"https:\/\/a57.foxnews.com\/static.foxnews.com\/foxnews.com\/content\/uploads\/2025\/09\/343\/192\/man-hair-loss-thinning-protein-deficiency.jpg?ve=1&amp;tl=1, https:\/\/a57.foxnews.com\/static.foxnews.com\/foxnews.com\/content\/uploads\/2025\/09\/686\/384\/man-hair-loss-thinning-protein-deficiency.jpg?ve=1&amp;tl=1 2x\" height=\"192\" width=\"343\"><source media=\"(min-width: 768px) and (max-width: 1023px)\" srcset=\"https:\/\/a57.foxnews.com\/static.foxnews.com\/foxnews.com\/content\/uploads\/2025\/09\/672\/378\/man-hair-loss-thinning-protein-deficiency.jpg?ve=1&amp;tl=1, https:\/\/a57.foxnews.com\/static.foxnews.com\/foxnews.com\/content\/uploads\/2025\/09\/1344\/756\/man-hair-loss-thinning-protein-deficiency.jpg?ve=1&amp;tl=1 2x\" height=\"378\" width=\"672\"><source media=\"(min-width: 1024px) and (max-width: 1279px)\" srcset=\"https:\/\/a57.foxnews.com\/static.foxnews.com\/foxnews.com\/content\/uploads\/2025\/09\/931\/523\/man-hair-loss-thinning-protein-deficiency.jpg?ve=1&amp;tl=1, https:\/\/a57.foxnews.com\/static.foxnews.com\/foxnews.com\/content\/uploads\/2025\/09\/1862\/1046\/man-hair-loss-thinning-protein-deficiency.jpg?ve=1&amp;tl=1 2x\" height=\"523\" width=\"931\"><source media=\"(min-width: 1280px)\" srcset=\"https:\/\/a57.foxnews.com\/static.foxnews.com\/foxnews.com\/content\/uploads\/2025\/09\/720\/405\/man-hair-loss-thinning-protein-deficiency.jpg?ve=1&amp;tl=1, https:\/\/a57.foxnews.com\/static.foxnews.com\/foxnews.com\/content\/uploads\/2025\/09\/1440\/810\/man-hair-loss-thinning-protein-deficiency.jpg?ve=1&amp;tl=1 2x\" height=\"405\" width=\"720\"><img loading=\"lazy\" decoding=\"async\" src=\"https:\/\/a57.foxnews.com\/static.foxnews.com\/foxnews.com\/content\/uploads\/2025\/09\/1200\/675\/man-hair-loss-thinning-protein-deficiency.jpg?ve=1&amp;tl=1\" alt=\"Hombre inspeccionando la ca\u00edda del cabello en el espejo\" width=\"1200\" height=\"675\"\/><\/source><\/source><\/source><\/source><\/picture><\/div>\n<div class=\"info\">\n<div class=\"caption\">\n<p><span>Los investigadores concluyeron que esta terapia tiene \u00abun potencial considerable para tratar las condiciones de ca\u00edda del cabello en el futuro\u00bb.<\/span> <span>(iStock)<\/span><\/p>\n<\/div>\n<\/div>\n<\/div>\n<p>En un experimento, los cient\u00edficos observaron que el cabello volv\u00eda a crecer en ratones dentro de los 20 d\u00edas posteriores a la aplicaci\u00f3n de los tratamientos t\u00f3picos una vez al d\u00eda.<\/p>\n<p><strong>HAGA CLIC AQU\u00cd PARA DESCARGAR LA APLICACI\u00d3N FOX NEWS<\/strong><\/p>\n<p>Estos resultados s\u00f3lo se identificaron despu\u00e9s de una lesi\u00f3n en la piel. Los investigadores observaron que anteriormente se hab\u00eda demostrado que la inflamaci\u00f3n controlada de la piel, causada por irritaci\u00f3n qu\u00edmica o \u00ablesiones d\u00e9rmicas m\u00e1s profundas\u00bb, promueve el crecimiento del cabello y se \u00abutiliza cl\u00ednicamente en el tratamiento de la ca\u00edda del cabello\u00bb.<\/p>\n<p>\u00abSin embargo, los mecanismos por los cuales latente [stem cells] y sus c\u00e9lulas nicho detectan y responden a estas lesiones para iniciar la regeneraci\u00f3n del cabello a\u00fan no est\u00e1n claras\u00bb, se\u00f1alaron los cient\u00edficos en el estudio.<\/p>\n<p><strong>HAGA CLIC AQU\u00cd PARA SUSCRIBIRSE A NUESTRO BOLET\u00cdN DE SALUD<\/strong><\/p>\n<p>Los experimentos demostraron que poner \u00e1cidos grasos monoinsaturados en la piel podr\u00eda ayudar a que el cabello crezca, anotaron los investigadores. Como estas grasas se encuentran naturalmente en el cuerpo y ya se sabe que son seguras, podr\u00edan convertirse en una opci\u00f3n viable para tratar la ca\u00edda del cabello en el futuro, agregaron.<\/p>\n<div class=\"image-ct inline\">\n<div class=\"m\"><picture><source media=\"(max-width: 767px)\" srcset=\"https:\/\/a57.foxnews.com\/static.foxnews.com\/foxnews.com\/content\/uploads\/2025\/06\/343\/192\/gettyimages-2187694587.jpg?ve=1&amp;tl=1, https:\/\/a57.foxnews.com\/static.foxnews.com\/foxnews.com\/content\/uploads\/2025\/06\/686\/384\/gettyimages-2187694587.jpg?ve=1&amp;tl=1 2x\" height=\"192\" width=\"343\"><source media=\"(min-width: 768px) and (max-width: 1023px)\" srcset=\"https:\/\/a57.foxnews.com\/static.foxnews.com\/foxnews.com\/content\/uploads\/2025\/06\/672\/378\/gettyimages-2187694587.jpg?ve=1&amp;tl=1, https:\/\/a57.foxnews.com\/static.foxnews.com\/foxnews.com\/content\/uploads\/2025\/06\/1344\/756\/gettyimages-2187694587.jpg?ve=1&amp;tl=1 2x\" height=\"378\" width=\"672\"><source media=\"(min-width: 1024px) and (max-width: 1279px)\" srcset=\"https:\/\/a57.foxnews.com\/static.foxnews.com\/foxnews.com\/content\/uploads\/2025\/06\/931\/523\/gettyimages-2187694587.jpg?ve=1&amp;tl=1, https:\/\/a57.foxnews.com\/static.foxnews.com\/foxnews.com\/content\/uploads\/2025\/06\/1862\/1046\/gettyimages-2187694587.jpg?ve=1&amp;tl=1 2x\" height=\"523\" width=\"931\"><source media=\"(min-width: 1280px)\" srcset=\"https:\/\/a57.foxnews.com\/static.foxnews.com\/foxnews.com\/content\/uploads\/2025\/06\/720\/405\/gettyimages-2187694587.jpg?ve=1&amp;tl=1, https:\/\/a57.foxnews.com\/static.foxnews.com\/foxnews.com\/content\/uploads\/2025\/06\/1440\/810\/gettyimages-2187694587.jpg?ve=1&amp;tl=1 2x\" height=\"405\" width=\"720\"><img loading=\"lazy\" decoding=\"async\" src=\"https:\/\/a57.foxnews.com\/static.foxnews.com\/foxnews.com\/content\/uploads\/2025\/06\/1200\/675\/gettyimages-2187694587.jpg?ve=1&amp;tl=1\" alt=\"mujer examinando la ca\u00edda del cabello\" width=\"1200\" height=\"675\"\/><\/source><\/source><\/source><\/source><\/picture><\/div>\n<div class=\"info\">\n<div class=\"caption\">\n<p><span>Un dermat\u00f3logo se\u00f1al\u00f3 que se necesita m\u00e1s investigaci\u00f3n sobre este m\u00e9todo como posible opci\u00f3n de tratamiento para la alopecia androgen\u00e9tica.<\/span> <span>(iStock)<\/span><\/p>\n<\/div>\n<\/div>\n<\/div>\n<p>En una entrevista con Fox News Digital, el Dr. Brendan Camp, dermat\u00f3logo certificado con sede en Nueva York, dijo que considera estos hallazgos \u00abnotables\u00bb en medio del \u00abintenso inter\u00e9s\u00bb en la investigaci\u00f3n sobre tratamientos para la ca\u00edda del cabello.<\/p>\n<p>\u00abPero son muy preliminares, y debido a que los experimentos no se realizaron en la piel del cuero cabelludo humano, los resultados pueden no ser aplicables a las personas\u00bb, dijo.<\/p>\n<p><strong>PRUEBA CON NUESTRO \u00daLTIMO QUIZ DE ESTILO DE VIDA<\/strong><\/p>\n<p>\u00abEste estudio es peque\u00f1o y se necesita m\u00e1s investigaci\u00f3n sobre este m\u00e9todo como una posible opci\u00f3n de tratamiento para la alopecia androgen\u00e9tica (p\u00e9rdida de cabello patr\u00f3n, el tipo m\u00e1s com\u00fan tanto en hombres como en mujeres)\u00bb.<\/p>\n<p>Hasta que este m\u00e9todo potencial sea aprobado para uso cl\u00ednico en humanos, Camp alienta a quienes experimentan p\u00e9rdida de cabello a concentrarse en los tratamientos actualmente disponibles y \u00abbien estudiados\u00bb, as\u00ed como a programar una cita con un dermat\u00f3logo certificado para su evaluaci\u00f3n.<\/p>\n<p><strong>HAGA CLIC AQU\u00cd PARA M\u00c1S HISTORIAS DE SALUD<\/strong><\/p>\n<p>Fox News Digital se acerc\u00f3 a los investigadores del estudio para solicitar comentarios.<\/p>\n<p> <!----> <\/p>\n<div class=\"article-meta\">\n<div class=\"author-bio\">\n<p>Angelica Stabile es reportera de estilo de vida de Fox News Digital.<\/p>\n<\/div>\n<\/div>\n<\/div>\n\n","protected":false},"excerpt":{"rendered":"<p>NUEVO\u00a1Ahora puedes escuchar los art\u00edculos de Fox News! Una cura para la calvicie podr\u00eda estar en el horizonte. Investigadores de la Universidad de Taiw\u00e1n dicen que han descubierto un suero que podr\u00eda hacer que el cabello vuelva a crecer en s\u00f3lo 20 d\u00edas. El estudio, publicado en la revista Cell Metabolism, demostr\u00f3 que las c\u00e9lulas &hellip;<\/p>\n","protected":false},"author":1,"featured_media":48315,"comment_status":"open","ping_status":"open","sticky":false,"template":"","format":"standard","meta":{"fifu_image_url":"https:\/\/a57.foxnews.com\/static.foxnews.com\/foxnews.com\/content\/uploads\/2025\/10\/1200\/675\/bald-man-serum-scalp.jpg?ve=1&tl=1","fifu_image_alt":"","footnotes":""},"categories":[8],"tags":[],"class_list":["post-48313","post","type-post","status-publish","format-standard","has-post-thumbnail","","category-salud"],"_links":{"self":[{"href":"https:\/\/noticiasveraces.com\/index.php?rest_route=\/wp\/v2\/posts\/48313","targetHints":{"allow":["GET"]}}],"collection":[{"href":"https:\/\/noticiasveraces.com\/index.php?rest_route=\/wp\/v2\/posts"}],"about":[{"href":"https:\/\/noticiasveraces.com\/index.php?rest_route=\/wp\/v2\/types\/post"}],"author":[{"embeddable":true,"href":"https:\/\/noticiasveraces.com\/index.php?rest_route=\/wp\/v2\/users\/1"}],"replies":[{"embeddable":true,"href":"https:\/\/noticiasveraces.com\/index.php?rest_route=%2Fwp%2Fv2%2Fcomments&post=48313"}],"version-history":[{"count":0,"href":"https:\/\/noticiasveraces.com\/index.php?rest_route=\/wp\/v2\/posts\/48313\/revisions"}],"wp:featuredmedia":[{"embeddable":true,"href":"https:\/\/noticiasveraces.com\/index.php?rest_route=\/wp\/v2\/media\/48315"}],"wp:attachment":[{"href":"https:\/\/noticiasveraces.com\/index.php?rest_route=%2Fwp%2Fv2%2Fmedia&parent=48313"}],"wp:term":[{"taxonomy":"category","embeddable":true,"href":"https:\/\/noticiasveraces.com\/index.php?rest_route=%2Fwp%2Fv2%2Fcategories&post=48313"},{"taxonomy":"post_tag","embeddable":true,"href":"https:\/\/noticiasveraces.com\/index.php?rest_route=%2Fwp%2Fv2%2Ftags&post=48313"}],"curies":[{"name":"wp","href":"https:\/\/api.w.org\/{rel}","templated":true}]}}