{"id":48303,"date":"2025-11-02T14:07:45","date_gmt":"2025-11-02T18:07:45","guid":{"rendered":"https:\/\/noticiasveraces.com\/?p=48303"},"modified":"2025-11-02T14:07:45","modified_gmt":"2025-11-02T18:07:45","slug":"evo-morales-armo-pataleta-ante-posible-visita-del-rey-felipe-vi-a-bolivia-para-investidura-de-rodrigo-paz","status":"publish","type":"post","link":"https:\/\/noticiasveraces.com\/?p=48303","title":{"rendered":"Evo Morales arm\u00f3 pataleta ante posible visita del rey Felipe VI a Bolivia para investidura de Rodrigo Paz"},"content":{"rendered":"<p> \n<\/p>\n<div>\n<p> <span rel=\"author\" class=\"fn\">con una esp\u00e1tula<\/span><\/p>\n<p> <time class=\"entry-date published updated\" datetime=\"2025-11-02T14:05:18-04:00\">noviembre 02 2025, 2:05 pm<\/time> <span class=\"spot-im-replies-count\" data-post-id=\"5824483\"\/><\/p>\n<figure id=\"attachment_5801807\" aria-describedby=\"caption-attachment-5801807\" style=\"width: 640px\" class=\"wp-caption alignnone\"><img fetchpriority=\"high\" decoding=\"async\" onerror=\"this.onerror=null;this.src=\" https:=\"\" class=\"wp-image-5801807\" src=\"https:\/\/sandia.datanubex.uk\/wp-content\/uploads\/2025\/09\/Evo-Morales-Bolivia.jpg\" alt=\"\" width=\"640\" height=\"433\"\/><figcaption id=\"caption-attachment-5801807\" class=\"wp-caption-text\">Cortes\u00eda<\/figcaption><\/figure>\n<\/p>\n<p>El expresidente de Bolivia, Evo Morales, critic\u00f3 este domingo la posible visita del rey Felipe VI al pa\u00eds suramericano para la investidura del mandatario electo, Rodrigo Paz Pereira, y consider\u00f3 que el monarca llegar\u00e1 para \u00abreconocer al primer presidente espa\u00f1ol\u00bb, en alusi\u00f3n a que Paz naci\u00f3 en Espa\u00f1a por el exilio de sus padres.<\/p>\n<p>En su programa dominical, en la radio cocalera Kawsachun Coca, Morales (2006-2019) sostuvo que \u00ablo hist\u00f3rico\u00bb que tendr\u00e1 la toma de juramento de Paz el pr\u00f3ximo 8 de noviembre \u00abes que el rey viene a reconocer al primer presidente espa\u00f1ol\u00bb.<\/p>\n<p><!-- Begin Mailchimp Signup Form --><\/p>\n<div id=\"mc_embed_signup\">\n<p><label for=\"mce-EMAIL\">  \u00a1\u00danete al club ahora! Suscr\u00edbete al bolet\u00edn m\u00e1s importante de Venezuela <\/label><iframe data-test-id=\"beehiiv-embed\" height=\"52\" frameborder=\"0\" scrolling=\"no\" style=\"margin: 0; border-radius: 0px !important; &#10; background-color: transparent;\" data-src=\"https:\/\/embeds.beehiiv.com\/cdab9503-16ae-4689-ad4f-1408c727a83a?slim=true\" class=\"lazyload\"><\/iframe><\/p>\n<\/div>\n<p><!--End mc_embed_signup 2--><\/p>\n<p>\u00abYo no comparto con monarqu\u00edas, se respeta su monarqu\u00eda en Espa\u00f1a, pero que no traigan monarqu\u00eda a Bolivia, a Latinoam\u00e9rica. Esa llamada Cumbre de jefes de Estado de Iberoam\u00e9rica deber\u00eda eliminarse\u00bb, manifest\u00f3 el exgobernante.<\/p>\n<p>Adem\u00e1s, el tambi\u00e9n exl\u00edder del a\u00fan gubernamental Movimiento al Socialismo (MAS) acus\u00f3 a Paz de supuestamente ocultar su lugar de nacimiento.<\/p>\n<p>\u00abYo escuch\u00e9 decir al presidente electo \u2018yo he sido exiliado a Venezuela, a M\u00e9xico\u2019, a muchos pa\u00edses, pero nunca dijo que \u00e9l es espa\u00f1ol, ha nacido en Espa\u00f1a, (y tiene) madre espa\u00f1ola, nunca dijo eso. La pol\u00edtica no se hace con mentiras\u00bb, expres\u00f3 el exmandatario.<\/p>\n<p>Morales reconoci\u00f3 el apoyo que en su momento le dio el ex jefe de Gobierno espa\u00f1ol Jos\u00e9 Luis Rodr\u00edguez Zapatero, bajo cuya administraci\u00f3n Espa\u00f1a don\u00f3 ambulancias a Bolivia.<\/p>\n<p>La presencia del rey de Espa\u00f1a en la investidura de Paz no ha sido a\u00fan confirmada oficialmente.<\/p>\n<p>Rodrigo Paz naci\u00f3 en Santiago de Compostela en 1967 y vivi\u00f3 su ni\u00f1ez en al menos una decena de pa\u00edses debido a que sus padres, la espa\u00f1ola Carmen Pereira y el expresidente boliviano Jaime Paz Zamora (1989-1993), fueron perseguidos durante los gobiernos militares bolivianos.<\/p>\n<p>En una reciente entrevista con EFE, el presidente electo manifest\u00f3 que tiene \u00abuna relaci\u00f3n especial\u00bb con su natal Santiago de Compostela y con su \u00abfamilia gallega\u00bb, a la que tiene \u00abcari\u00f1o\u00bb y \u00abapego\u00bb por su solidaridad.<\/p>\n<p>Paz tambi\u00e9n manifest\u00f3 su deseo de que \u00absean muy buenas\u00bb las relaciones con Espa\u00f1a, pues hay un \u00abnexo especial\u00bb entre ambos pa\u00edses y expres\u00f3 su confianza en que eso \u00abse vincule a una visi\u00f3n de desarrollo, de crecimiento\u00bb.<\/p>\n<p>Tanto el presidente del Gobierno espa\u00f1ol, Pedro S\u00e1nchez, como el rey Felipe VI, con quien Paz mantiene \u00abuna amistad\u00bb, lo felicitaron tras conocer sobre su triunfo en la segunda vuelta presidencial realizada el pasado 19 de octubre.<\/p>\n<p>Morales ha expresado varias veces su rechazo a las monarqu\u00edas y en julio de 2014 afirm\u00f3 que son un \u00abinsulto a la humanidad\u00bb y \u00aba la vida\u00bb.<\/p>\n<p>Cuando el rey Felipe VI era pr\u00edncipe asisti\u00f3 a dos investiduras del exmandatario boliviano, en 2006 y 2010, y no estuvo presente en su tercera toma de posesi\u00f3n en 2015, pero s\u00ed asisti\u00f3 a la toma de juramento del presidente saliente, Luis Arce, en 2020. \/<strong>EFE<\/strong><\/p>\n<p>  <!-- CONTENT END 2 --><\/div>\n\n","protected":false},"excerpt":{"rendered":"<p>con una esp\u00e1tula noviembre 02 2025, 2:05 pm Cortes\u00eda El expresidente de Bolivia, Evo Morales, critic\u00f3 este domingo la posible visita del rey Felipe VI al pa\u00eds suramericano para la investidura del mandatario electo, Rodrigo Paz Pereira, y consider\u00f3 que el monarca llegar\u00e1 para \u00abreconocer al primer presidente espa\u00f1ol\u00bb, en alusi\u00f3n a que Paz naci\u00f3 &hellip;<\/p>\n","protected":false},"author":1,"featured_media":48305,"comment_status":"open","ping_status":"open","sticky":false,"template":"","format":"standard","meta":{"fifu_image_url":"https:\/\/sandia.datanubex.uk\/wp-content\/uploads\/2025\/09\/Evo-Morales-Bolivia.jpg","fifu_image_alt":"","footnotes":""},"categories":[13],"tags":[],"class_list":["post-48303","post","type-post","status-publish","format-standard","has-post-thumbnail","","category-mundo"],"_links":{"self":[{"href":"https:\/\/noticiasveraces.com\/index.php?rest_route=\/wp\/v2\/posts\/48303","targetHints":{"allow":["GET"]}}],"collection":[{"href":"https:\/\/noticiasveraces.com\/index.php?rest_route=\/wp\/v2\/posts"}],"about":[{"href":"https:\/\/noticiasveraces.com\/index.php?rest_route=\/wp\/v2\/types\/post"}],"author":[{"embeddable":true,"href":"https:\/\/noticiasveraces.com\/index.php?rest_route=\/wp\/v2\/users\/1"}],"replies":[{"embeddable":true,"href":"https:\/\/noticiasveraces.com\/index.php?rest_route=%2Fwp%2Fv2%2Fcomments&post=48303"}],"version-history":[{"count":0,"href":"https:\/\/noticiasveraces.com\/index.php?rest_route=\/wp\/v2\/posts\/48303\/revisions"}],"wp:featuredmedia":[{"embeddable":true,"href":"https:\/\/noticiasveraces.com\/index.php?rest_route=\/wp\/v2\/media\/48305"}],"wp:attachment":[{"href":"https:\/\/noticiasveraces.com\/index.php?rest_route=%2Fwp%2Fv2%2Fmedia&parent=48303"}],"wp:term":[{"taxonomy":"category","embeddable":true,"href":"https:\/\/noticiasveraces.com\/index.php?rest_route=%2Fwp%2Fv2%2Fcategories&post=48303"},{"taxonomy":"post_tag","embeddable":true,"href":"https:\/\/noticiasveraces.com\/index.php?rest_route=%2Fwp%2Fv2%2Ftags&post=48303"}],"curies":[{"name":"wp","href":"https:\/\/api.w.org\/{rel}","templated":true}]}}