{"id":48301,"date":"2025-11-02T14:06:39","date_gmt":"2025-11-02T18:06:39","guid":{"rendered":"https:\/\/noticiasveraces.com\/?p=48301"},"modified":"2025-11-02T14:06:39","modified_gmt":"2025-11-02T18:06:39","slug":"viuda-de-diogo-jota-recordo-conmovedor-momento-con-fotografia-que-involucra-a-luis-diaz-esta-es-curiosidades-de-futbol","status":"publish","type":"post","link":"https:\/\/noticiasveraces.com\/?p=48301","title":{"rendered":"Viuda de Diogo Jota record\u00f3 conmovedor momento con fotograf\u00eda que involucra a Luis D\u00edaz: esta es | Curiosidades de f\u00fatbol"},"content":{"rendered":"<p> \n<\/p>\n<div id=\"cuerpoArticulo\">\n<p class=\"texto intro cnx-companion-firstparagraph\" id=\"p257990-m1049-1048-1050\">El f\u00fatbol no olvida a Diogo Jota, que en julio de 2025, falleci\u00f3 en medio de un accidente de tr\u00e1nsito en compa\u00f1\u00eda de su hermano, quien tambi\u00e9n era jugador profesional. Liverpool, que todav\u00eda ten\u00eda en sus filas a Luis D\u00edaz, Europa y en general, el mundo, se vistieron de luto ante la tr\u00e1gica noticia. <\/p>\n<p>Ya han pasado varios meses, pero en la memoria, el portugu\u00e9s sigue estando presente. Y es que, su esposa, Rute Cardoso, recientemente lo record\u00f3 con una emotiva fotograf\u00eda, en la que se observa al jugador mostrando la camiseta &#8216;7&#8217;, que, en ese entonces, le pertenec\u00eda a Luis D\u00edaz. <\/p>\n<p class=\"texto contenido-parrafo-articulo cnx-companion-paragraph\" id=\"p257990-m1112-3-1113\">Este hecho no pas\u00f3 desapercibido y desde el diario Bild, lo describieron as\u00ed: \u00abLa mujer portuguesa comparti\u00f3 el mi\u00e9rcoles en la secci\u00f3n de historias de su cuenta (1,7 millones de seguidores) una foto muy especial de su difunto compa\u00f1ero, tomada el 29 de septiembre de 2023. Jota sostiene una camiseta del Liverpool, no la suya, sino la de la estrella actual del Bayern, Luis D\u00edaz\u00bb. <\/p>\n<div class=\"fotografia caja-articulo\" id=\"p257990-m1118-4-1119\">\n<div class=\"imagen-cuerpo-bk\">\n<figure itemscope=\"\" itemtype=\"https:\/\/schema.org\/ImageObject\" itemprop=\"image\" id=\"m1123-1122-1124\" class=\"foto-galeria-articulo imagen-articulo foto-texto-articulo-galeria\"><img decoding=\"async\" alt=\"Luis D\u00edaz y Diogo Jota\" src=\"data:image\/png;base64,iVBORw0KGgoAAAANSUhEUgAAAAEAAAABCAQAAAC1HAwCAAAAC0lEQVR42mP8\/x0AAvsB+DlKarAAAAAASUVORK5CYII=\" style=\" display: inline;\" data-original=\"\/files\/article_content\/uploads\/2022\/08\/02\/62e91360b0e0a.jpeg\"\/><meta itemprop=\"width\" content=\"600\"\/><meta itemprop=\"height\" content=\"450\"\/> <meta itemprop=\"url\" content=\"https:\/\/www.futbolred.com\/files\/article_content\/uploads\/2022\/08\/02\/62e91360b0e0a.jpeg\"\/><\/figure>\n<\/div><\/div>\n<p class=\"texto contenido-parrafo-articulo cnx-companion-paragraph\" id=\"p257990-m1144-5-1145\">Y es que, en ese momento, el colombiano viv\u00eda una delicada situaci\u00f3n, pues su padre, Man\u00e9 D\u00edaz, hab\u00eda sido secuestrado por un grupo al margen de la ley en Colombia. Por eso, Diogo, en una forma de apoyo, pos\u00f3 con la camiseta de &#8216;Lucho&#8217; mientras celebraba un gol. <\/p>\n<p>\u00abJota levant\u00f3 la camiseta de su compa\u00f1ero de equipo y amigo despu\u00e9s de marcar el primer gol en el partido de liga del Liverpool contra el Nottingham (3-0) el 29 de octubre\u00bb, rese\u00f1\u00f3 el medio anteriormente citado.<\/p>\n<div id=\"p257990-m1150-6-1151\" class=\"\">\n<blockquote class=\"twitter-tweet\" data-media-max-width=\"560\">\n<p lang=\"en\" dir=\"ltr\">29 de octubre de 2023<br \/>Diogo Jota con un emotivo gesto hacia su compa\u00f1ero Luis D\u00edaz, quien se perdi\u00f3 el partido luego de que su padre fuera secuestrado en Colombia. <a href=\"https:\/\/t.co\/XELtUp1LMV\">pic.twitter.com\/XELtUp1LMV<\/a><\/p>\n<p>&#8211; LFChistory.net (@LFChistory) <a href=\"https:\/\/twitter.com\/LFChistory\/status\/1983466855932010997?ref_src=twsrc%5Etfw\">29 de octubre de 2025<\/a><\/p><\/blockquote><\/div>\n<p class=\"texto contenido-parrafo-articulo cnx-companion-paragraph\" id=\"p257990-m1156-7-1157\">Esta imagen le dio la vuelta al mundo y ahora, Rute, sigui\u00f3 inmortalizando el sentido homenaje. En su cuenta oficial de Instagram, la replic\u00f3 etiquetando tanto a Luis D\u00edaz como a su esposa, Geraldine Ponce. \u201cHace dos a\u00f1os\u2026\u201d, escribi\u00f3 Cardoso.<\/p>\n<div class=\"fotografia caja-articulo\" id=\"p257990-m1162-8-1163\">\n<div class=\"imagen-cuerpo-bk\">\n<figure itemscope=\"\" itemtype=\"https:\/\/schema.org\/ImageObject\" itemprop=\"image\" id=\"m1167-1166-1168\" class=\"foto-galeria-articulo imagen-articulo foto-texto-articulo-galeria\"><img decoding=\"async\" alt=\"Foto Diego Joto - Luis D\u00edaz\" src=\"data:image\/png;base64,iVBORw0KGgoAAAANSUhEUgAAAAEAAAABCAQAAAC1HAwCAAAAC0lEQVR42mP8\/x0AAvsB+DlKarAAAAAASUVORK5CYII=\" style=\" display: inline;\" data-original=\"\/files\/article_content\/uploads\/2025\/11\/01\/6906212a77237.png\"\/><meta itemprop=\"width\" content=\"600\"\/><meta itemprop=\"height\" content=\"450\"\/> <meta itemprop=\"url\" content=\"https:\/\/www.futbolred.com\/files\/article_content\/uploads\/2025\/11\/01\/6906212a77237.png\"\/><\/figure>\n<\/div>\n<div class=\"figcaption-cuerpo-bk credito-image-bk\"><figcaption class=\"foto-info\">\n<div class=\"titulo-foto-bk\">\n<p id=\"m1174-1-1175\" class=\"titulo pie-de-foto\">Publicaci\u00f3n de Rute Cardoso, viuda de Diogo Jota.<\/p>\n<\/div>\n<p class=\"credito\">\n                            <span class=\"linea pre_credito\">Foto:<\/span><\/p>\n<p>                        <span id=\"m1180-2-1181\" class=\"autor\">Tomado de redes sociales<\/span><\/p>\n<\/figcaption><\/div>\n<\/p><\/div>\n<\/div>\n<p><script async src=\"https:\/\/platform.twitter.com\/widgets.js\" charset=\"utf-8\"><\/script><br \/>\n<br \/>\n","protected":false},"excerpt":{"rendered":"<p>El f\u00fatbol no olvida a Diogo Jota, que en julio de 2025, falleci\u00f3 en medio de un accidente de tr\u00e1nsito en compa\u00f1\u00eda de su hermano, quien tambi\u00e9n era jugador profesional. Liverpool, que todav\u00eda ten\u00eda en sus filas a Luis D\u00edaz, Europa y en general, el mundo, se vistieron de luto ante la tr\u00e1gica noticia. Ya &hellip;<\/p>\n","protected":false},"author":1,"featured_media":48302,"comment_status":"open","ping_status":"open","sticky":false,"template":"","format":"standard","meta":{"fifu_image_url":"https:\/\/www.futbolred.com\/files\/og_thumbnail\/uploads\/2025\/07\/03\/6866bc61c60a5.jpeg","fifu_image_alt":"","footnotes":""},"categories":[6],"tags":[],"class_list":["post-48301","post","type-post","status-publish","format-standard","has-post-thumbnail","","category-deportes"],"_links":{"self":[{"href":"https:\/\/noticiasveraces.com\/index.php?rest_route=\/wp\/v2\/posts\/48301","targetHints":{"allow":["GET"]}}],"collection":[{"href":"https:\/\/noticiasveraces.com\/index.php?rest_route=\/wp\/v2\/posts"}],"about":[{"href":"https:\/\/noticiasveraces.com\/index.php?rest_route=\/wp\/v2\/types\/post"}],"author":[{"embeddable":true,"href":"https:\/\/noticiasveraces.com\/index.php?rest_route=\/wp\/v2\/users\/1"}],"replies":[{"embeddable":true,"href":"https:\/\/noticiasveraces.com\/index.php?rest_route=%2Fwp%2Fv2%2Fcomments&post=48301"}],"version-history":[{"count":0,"href":"https:\/\/noticiasveraces.com\/index.php?rest_route=\/wp\/v2\/posts\/48301\/revisions"}],"wp:featuredmedia":[{"embeddable":true,"href":"https:\/\/noticiasveraces.com\/index.php?rest_route=\/wp\/v2\/media\/48302"}],"wp:attachment":[{"href":"https:\/\/noticiasveraces.com\/index.php?rest_route=%2Fwp%2Fv2%2Fmedia&parent=48301"}],"wp:term":[{"taxonomy":"category","embeddable":true,"href":"https:\/\/noticiasveraces.com\/index.php?rest_route=%2Fwp%2Fv2%2Fcategories&post=48301"},{"taxonomy":"post_tag","embeddable":true,"href":"https:\/\/noticiasveraces.com\/index.php?rest_route=%2Fwp%2Fv2%2Ftags&post=48301"}],"curies":[{"name":"wp","href":"https:\/\/api.w.org\/{rel}","templated":true}]}}