{"id":48296,"date":"2025-11-02T12:39:54","date_gmt":"2025-11-02T16:39:54","guid":{"rendered":"https:\/\/noticiasveraces.com\/?p=48296"},"modified":"2025-11-02T12:39:54","modified_gmt":"2025-11-02T16:39:54","slug":"un-curso-intensivo-de-musica-infantil-para-la-diaspora-venezolana","status":"publish","type":"post","link":"https:\/\/noticiasveraces.com\/?p=48296","title":{"rendered":"Un curso intensivo de m\u00fasica infantil para la di\u00e1spora venezolana"},"content":{"rendered":"<p> \n<\/p>\n<div>\n<p>El 1 de julio de este a\u00f1o di a luz a una venezolana\u2026 en Italia.<\/p>\n<p>A medida que mi hija crezca en la di\u00e1spora, quiero ayudarla a sentirse conectada con la tierra natal de su padre. Cuando le ped\u00ed a mi marido que me ense\u00f1ara algunas canciones de su infancia, afirm\u00f3 que no recordaba la letra de ninguna. Si bien inicialmente era esc\u00e9ptico, el hecho de que use el Himno Nacional como canci\u00f3n de cuna sugiere que, de hecho, esto puede ser cierto.<\/p>\n<p>Por suerte, unas semanas despu\u00e9s, vinieron de visita nuestros primos venezolanos que ahora viven en Espa\u00f1a. Uno de ellos nos hab\u00eda preparado una lista de reproducci\u00f3n de grandes \u00e9xitos, incluido el <em>gran tr\u00edo<\/em> of their youth: Popy, Las Payasitas Nifu Nifa, and Juan Coraz\u00f3n.<\/p>\n<p>Para los no iniciados como yo, un r\u00e1pido anuncio de servicio p\u00fablico: posiblemente los tres m\u00fasicos infantiles m\u00e1s destacados de las d\u00e9cadas de 1970 y 1980 eran todos, esperen, payasos.<\/p>\n<p>Ya sea que reconozca estos nombres o que sean nuevos para usted, aqu\u00ed tiene un curso intensivo r\u00e1pido sobre los <em>payasos<\/em> de la m\u00fasica infantil venezolana.<\/p>\n<h3 class=\"wp-block-heading\"><strong>Un payaso renacido<\/strong><\/h3>\n<p>La primera <em>payaso<\/em> En nuestra alineaci\u00f3n est\u00e1 Popy. Un elemento b\u00e1sico de la televisi\u00f3n venezolana durante m\u00e1s de tres d\u00e9cadas, Dionisio Rafael L\u00f3pez Ramos (Diony L\u00f3pez) fue un cantante, actor y director famoso por su personaje Popy. El payaso surgi\u00f3 por primera vez en Venezolana de Televisi\u00f3n en 1970 y se populariz\u00f3 en <em>El show de Popy<\/em> (1971-1988) en Radio Caracas Televisi\u00f3n (RCTV). Produjo nueve \u00e1lbumes musicales y es tan conocido que la frase \u201cponerse Popy\u201d es utilizada por los venezolanos con el significado de causar problemas o oponerse a algo. B\u00e1sicamente un sin\u00f3nimo culturalmente significativo de \u201cponerse c\u00f3mico\u201d.<\/p>\n<p>Hoy, quince a\u00f1os despu\u00e9s de la muerte de L\u00f3pez, su legado sigue vivo en Miami a trav\u00e9s de su hijo Gabriel. En marzo de este a\u00f1o, Gabriel abri\u00f3 un canal de YouTube para el personaje Popy Jr. En su primera entrevista sobre este nuevo proyecto, Gabriel explica que su objetivo no es copiar (por un lado, ha dejado atr\u00e1s el maquillaje de payaso) sino rendir homenaje a su padre. Inicialmente reacio a producir contenido para ni\u00f1os, Gabriel cita que su inspiraci\u00f3n fue vivir con su sobrino y ser testigo de primera mano de la falta de \u00abcontenido de valor\u00bb para los j\u00f3venes de hoy. Popy Jr. traer\u00e1 de vuelta viejos favoritos pero tambi\u00e9n tendr\u00e1 canciones propias que cubrir\u00e1n temas y temas modernos.<\/p>\n<p><span style=\"text-decoration: underline;\">Escuche:<\/span> Vea \u201cA Cepillarse\u201d original de Popy, as\u00ed como la nueva interpretaci\u00f3n de Popy Jr.<\/p>\n<h3 class=\"wp-block-heading\"><strong>\u00bfUn caso de traici\u00f3n de payaso?<\/strong><\/h3>\n<p>Las Payasitas Nifu Nifa fueron fundadas en 1984 por Gianna Lodi. Lo que comenz\u00f3 como actuaciones para fiestas de cumplea\u00f1os y escuelas se convirti\u00f3 en una sensaci\u00f3n internacional y sigue vigente hoy despu\u00e9s de cuatro d\u00e9cadas. Conocidas por sus pelucas de colores y sus monos lam\u00e9, Las Payasitas Nifu Nifa han obtenido numerosos reconocimientos, incluidas dos nominaciones al Grammy Latino.<\/p>\n<blockquote class=\"wp-block-quote is-layout-flow wp-block-quote-is-layout-flow\">\n<p>En una conmovedora entrevista con Globovisi\u00f3n en 2016, Monsalve (Juan Coraz\u00f3n) recuerda c\u00f3mo el dibujo de una margarita que hizo un ni\u00f1o le ayud\u00f3 a retomar su vida.<\/p>\n<\/blockquote>\n<p>As\u00ed como el chavismo ha dividido a muchas familias, tambi\u00e9n parece haber dividido a las payasitas&#8230; al menos indirectamente. Lodi abandon\u00f3 el pa\u00eds en 2007 y en 2014 dio permiso a las ex integrantes Dayana Fuentes y Carolina Laya para continuar dando presentaciones en Venezuela bajo el nombre de Nifu Nifa, siempre y cuando ella recibiera una parte razonable y su trabajo continuara cumpliendo con los est\u00e1ndares del grupo. Mientras tanto, Lodi reinici\u00f3 Las Payasitas Nifu Nifa en Panam\u00e1 y luego las traslad\u00f3 a Miami.<\/p>\n<p>En 2018, sin que Lodi lo supiera, Fuentes registr\u00f3 la marca Nifu Nifa en Venezuela bajo su propio nombre. Parece que la corrupci\u00f3n y el trato preferencial estaban en juego, ya que Lodi hab\u00eda estado intentando, sin \u00e9xito, renovar la marca con el Servicio Aut\u00f3nomo de la Propiedad Intelectual (SAPI) desde 2006. Para obtener m\u00e1s informaci\u00f3n sobre esta s\u00f3rdida historia, consulte el documental \u201cNifu Nifa: El Legado Robado\u201d, que vale la pena ver aunque solo sea para ver entrevistas serias realizadas vistiendo trajes de payaso.<\/p>\n<p>Lodi, propietario de los derechos de Nifu Nifa fuera de Venezuela, contin\u00faa dirigiendo espect\u00e1culos y actuaciones internacionales. De hecho, si est\u00e1s en el \u00e1rea de Miami, el original <em>payasitas<\/em> est\u00e1n disponibles para alquiler para la fiesta de cumplea\u00f1os de su hijo o la \u00abhora loca\u00bb de su boda.<\/p>\n<p><span style=\"text-decoration: underline;\">Escuche:<\/span> Echa un vistazo a su \u00e9xito m\u00e1s reconocible, \u201cKi ki k\u00ed \u2013 Co co c\u00f3\u201d, una melod\u00eda llena de energ\u00eda centrada en onomatopeyas de animales. Dato curioso: la canci\u00f3n es una reinterpretaci\u00f3n de la canci\u00f3n italiana \u201cCh\u00ec ch\u00ec ch\u00ec c\u00f2 c\u00f2 c\u00f2\u201d que Pippo Franco estren\u00f3 en el festival de m\u00fasica de San Remo de 1983.<\/p>\n<h3 class=\"wp-block-heading\"><strong>La flor de un payaso<\/strong><\/h3>\n<p>Juan Coraz\u00f3n, interpretado por el cantante y actor Alberto Rafael Monsalve Aponte (Rafael Monsalve), puede interpretarse como una especie de competencia directa de Las Payacitas Nifu Nifa. El personaje, que no llevaba peluca ni maquillaje tradicional de payaso sino s\u00f3lo un coraz\u00f3n pintado sobre su ojo izquierdo, es m\u00e1s conocido por sus \u00e1lbumes musicales y sus apariciones en \u201cFant\u00e1stico\u201d de RCTV en los a\u00f1os 70 y 80.<\/p>\n<p>Juan Coraz\u00f3n fue posteriormente exportado y finalmente retirado despu\u00e9s de una carrera fallida en Puerto Rico. Tras ser abandonado por su agente, Monsalve cay\u00f3 en una depresi\u00f3n. En una conmovedora entrevista con Globovisi\u00f3n en 2016, Monsalve (Juan Coraz\u00f3n) recuerda c\u00f3mo el dibujo de una margarita que hizo un ni\u00f1o le ayud\u00f3 a retomar su vida. Cuando la entrevistadora Roc\u00edo Higuera le pide a Monsalve que haga un dibujo de Venezuela, Monsalve dibuja esa misma margarita, brotando incluso de los suelos m\u00e1s quebrados, una hermosa met\u00e1fora que, desafortunadamente, sigue siendo relevante casi una d\u00e9cada despu\u00e9s.<\/p>\n<p>Escuche: si bien Juan Coraz\u00f3n es quiz\u00e1s mejor conocido por canciones como \u201cMi Abuelita Me Cont\u00f3\u201d y \u201cKalelo\u201d, la favorita personal de mi esposo es \u201cEmpieza Con A\u201d, un juego musical del \u201cahorcado\u201d que se juega con vocales.<\/p>\n<h3 class=\"wp-block-heading\"><strong>Lista de reproducci\u00f3n BYO nostalgia<\/strong><\/h3>\n<p>De ahora en adelante, gracias a la nueva lista de reproducci\u00f3n de mi hija, adem\u00e1s de conocer a estos payasos, me asegurar\u00e9 de cantar \u201cArepita de manteca \/ pa&#8217; mam\u00e1 que da la teta\u201d mientras echamos nuestra masa por las ma\u00f1anas. Y \u201cSana sana colita de rana\u201d cuando recibe un abucheo.<\/p>\n<p>\u00bfCu\u00e1les eran tus canciones infantiles favoritas? Y para aquellos de ustedes en la di\u00e1spora, \u00bfc\u00f3mo mantienen viva la m\u00fasica venezolana en su familia?<\/p>\n<\/p><\/div>\n\n","protected":false},"excerpt":{"rendered":"<p>El 1 de julio de este a\u00f1o di a luz a una venezolana\u2026 en Italia. A medida que mi hija crezca en la di\u00e1spora, quiero ayudarla a sentirse conectada con la tierra natal de su padre. Cuando le ped\u00ed a mi marido que me ense\u00f1ara algunas canciones de su infancia, afirm\u00f3 que no recordaba la &hellip;<\/p>\n","protected":false},"author":1,"featured_media":48297,"comment_status":"open","ping_status":"open","sticky":false,"template":"","format":"standard","meta":{"fifu_image_url":"https:\/\/www.caracaschronicles.com\/wp-content\/uploads\/2025\/11\/NifuNifa.jpg","fifu_image_alt":"","footnotes":""},"categories":[13],"tags":[],"class_list":["post-48296","post","type-post","status-publish","format-standard","has-post-thumbnail","","category-mundo"],"_links":{"self":[{"href":"https:\/\/noticiasveraces.com\/index.php?rest_route=\/wp\/v2\/posts\/48296","targetHints":{"allow":["GET"]}}],"collection":[{"href":"https:\/\/noticiasveraces.com\/index.php?rest_route=\/wp\/v2\/posts"}],"about":[{"href":"https:\/\/noticiasveraces.com\/index.php?rest_route=\/wp\/v2\/types\/post"}],"author":[{"embeddable":true,"href":"https:\/\/noticiasveraces.com\/index.php?rest_route=\/wp\/v2\/users\/1"}],"replies":[{"embeddable":true,"href":"https:\/\/noticiasveraces.com\/index.php?rest_route=%2Fwp%2Fv2%2Fcomments&post=48296"}],"version-history":[{"count":0,"href":"https:\/\/noticiasveraces.com\/index.php?rest_route=\/wp\/v2\/posts\/48296\/revisions"}],"wp:featuredmedia":[{"embeddable":true,"href":"https:\/\/noticiasveraces.com\/index.php?rest_route=\/wp\/v2\/media\/48297"}],"wp:attachment":[{"href":"https:\/\/noticiasveraces.com\/index.php?rest_route=%2Fwp%2Fv2%2Fmedia&parent=48296"}],"wp:term":[{"taxonomy":"category","embeddable":true,"href":"https:\/\/noticiasveraces.com\/index.php?rest_route=%2Fwp%2Fv2%2Fcategories&post=48296"},{"taxonomy":"post_tag","embeddable":true,"href":"https:\/\/noticiasveraces.com\/index.php?rest_route=%2Fwp%2Fv2%2Ftags&post=48296"}],"curies":[{"name":"wp","href":"https:\/\/api.w.org\/{rel}","templated":true}]}}