{"id":48239,"date":"2025-11-02T00:42:32","date_gmt":"2025-11-02T04:42:32","guid":{"rendered":"https:\/\/noticiasveraces.com\/?p=48239"},"modified":"2025-11-02T00:42:32","modified_gmt":"2025-11-02T04:42:32","slug":"mark-carney-se-disculpa-con-trump-por-la-controvertida-campana-publicitaria-de-reagan","status":"publish","type":"post","link":"https:\/\/noticiasveraces.com\/?p=48239","title":{"rendered":"Mark Carney se disculpa con Trump por la controvertida campa\u00f1a publicitaria de Reagan"},"content":{"rendered":"<p> \n<\/p>\n<div><!----> <!----> <\/p>\n<div class=\"featured featured-video video-ct\">\n<div class=\"contain\">\n<div class=\"info\">\n<div class=\"caption\">\n<p>El ex presidente interino del Consejo de Asesores Econ\u00f3micos, Tomas Philipson, analiza la cancelaci\u00f3n por parte del presidente Donald Trump de las conversaciones comerciales con Canad\u00e1 luego de un anuncio que cita las ideas del ex presidente Ronald Reagan sobre los aranceles en &#8216;The Bottom Line&#8217;.<\/p>\n<\/div>\n<\/div>\n<\/div>\n<\/div>\n<p>El primer ministro canadiense, Mark Carney, dijo el s\u00e1bado que se disculp\u00f3 con el presidente Donald Trump por un controvertido anuncio pol\u00edtico que citaba el discurso de radio del ex presidente Ronald Reagan de 1987 criticando las barreras comerciales.<\/p>\n<p>El anuncio, que se transmiti\u00f3 en cadenas de televisi\u00f3n estadounidenses, mostraba fragmentos de Reagan advirtiendo que los aranceles conducen a guerras comerciales y desastres econ\u00f3micos. <\/p>\n<p>El anuncio, que utilizaba las palabras de Reagan para criticar las pol\u00edticas arancelarias de Trump hacia Canad\u00e1, fue r\u00e1pidamente criticado por la Casa Blanca. La Casa Blanca acus\u00f3 a Canad\u00e1 de sacar de contexto las palabras de Reagan. <\/p>\n<p>En respuesta, Trump cancel\u00f3 las conversaciones comerciales con Canad\u00e1 y aument\u00f3 los aranceles a las importaciones canadienses en un 10%.<\/p>\n<p><strong>LA CASA BLANCA DESPIERTA AL &#8216;BUF\u00d3N IMBECILIC&#8217; TIM WALZ DESPU\u00c9S DE LA CR\u00cdTICA ARANCELARIA DE TRUMP<\/strong><\/p>\n<div class=\"inline image-ct\">\n<div class=\"m\"><picture><source media=\"(max-width: 767px)\" srcset=\"https:\/\/a57.foxnews.com\/static.foxbusiness.com\/foxbusiness.com\/content\/uploads\/2025\/11\/343\/192\/trump-carney-handshake3.jpg?ve=1&amp;tl=1, https:\/\/a57.foxnews.com\/static.foxbusiness.com\/foxbusiness.com\/content\/uploads\/2025\/11\/686\/384\/trump-carney-handshake3.jpg?ve=1&amp;tl=1 2x\"><source media=\"(min-width: 768px) and (max-width: 1023px)\" srcset=\"https:\/\/a57.foxnews.com\/static.foxbusiness.com\/foxbusiness.com\/content\/uploads\/2025\/11\/672\/378\/trump-carney-handshake3.jpg?ve=1&amp;tl=1, https:\/\/a57.foxnews.com\/static.foxbusiness.com\/foxbusiness.com\/content\/uploads\/2025\/11\/1344\/756\/trump-carney-handshake3.jpg?ve=1&amp;tl=1 2x\"><source media=\"(min-width: 1024px) and (max-width: 1279px)\" srcset=\"https:\/\/a57.foxnews.com\/static.foxbusiness.com\/foxbusiness.com\/content\/uploads\/2025\/11\/931\/523\/trump-carney-handshake3.jpg?ve=1&amp;tl=1, https:\/\/a57.foxnews.com\/static.foxbusiness.com\/foxbusiness.com\/content\/uploads\/2025\/11\/1862\/1046\/trump-carney-handshake3.jpg?ve=1&amp;tl=1 2x\"><source media=\"(min-width: 1280px)\" srcset=\"https:\/\/a57.foxnews.com\/static.foxbusiness.com\/foxbusiness.com\/content\/uploads\/2025\/11\/720\/405\/trump-carney-handshake3.jpg?ve=1&amp;tl=1, https:\/\/a57.foxnews.com\/static.foxbusiness.com\/foxbusiness.com\/content\/uploads\/2025\/11\/1440\/810\/trump-carney-handshake3.jpg?ve=1&amp;tl=1 2x\"><img decoding=\"async\" src=\"https:\/\/a57.foxnews.com\/static.foxbusiness.com\/foxbusiness.com\/content\/uploads\/2025\/11\/931\/523\/trump-carney-handshake3.jpg?ve=1&amp;tl=1\" alt=\"Donald Trump le da la mano al primer ministro canadiense, Mark Carney, durante la cumbre en Egipto\"\/><\/source><\/source><\/source><\/source><\/picture><\/div>\n<div class=\"caption\">\n<p><span>El presidente Donald Trump saluda al primer ministro canadiense Mark Carney durante una cumbre de l\u00edderes mundiales sobre el fin de la guerra de Gaza el 13 de octubre de 2025 en Sharm El-Sheikh, Egipto. <\/span><span>  (Evan Vucci\/Pool\/Getty Images\/Getty Images)<\/span><\/p>\n<\/div>\n<\/div>\n<p>\u00abMe disculp\u00e9 con el presidente\u00bb, dijo Carney el s\u00e1bado, hablando con los periodistas despu\u00e9s de asistir a una cumbre de Asia y el Pac\u00edfico en Corea del Sur, seg\u00fan Reuters.<\/p>\n<p>Carney dijo que se hab\u00eda disculpado en privado con Trump cuando ambos asistieron a una cena ofrecida por el presidente de Corea del Sur el mi\u00e9rcoles.<\/p>\n<p>El viernes, Trump dijo que Carney fue amable en su disculpa.<\/p>\n<p>\u00abFue muy amable. Se disculp\u00f3 por lo que hicieron en el comercial\u00bb, dijo Trump, seg\u00fan Reuters.<\/p>\n<p>Carney dijo que hab\u00eda revisado el anuncio con el primer ministro de Ontario, Doug Ford, antes de que saliera al aire, pero se opon\u00eda a publicarlo. Ford encarg\u00f3 el anuncio.<\/p>\n<p>\u00abLe dije a Ford que no quer\u00eda seguir adelante con el anuncio\u00bb, dijo Carney.<\/p>\n<div class=\"inline image-ct\">\n<div class=\"m\"><picture><source media=\"(max-width: 767px)\" srcset=\"https:\/\/a57.foxnews.com\/static.foxbusiness.com\/foxbusiness.com\/content\/uploads\/2025\/08\/343\/192\/mark-carney-trump-canada-us-getty.jpg?ve=1&amp;tl=1, https:\/\/a57.foxnews.com\/static.foxbusiness.com\/foxbusiness.com\/content\/uploads\/2025\/08\/686\/384\/mark-carney-trump-canada-us-getty.jpg?ve=1&amp;tl=1 2x\"><source media=\"(min-width: 768px) and (max-width: 1023px)\" srcset=\"https:\/\/a57.foxnews.com\/static.foxbusiness.com\/foxbusiness.com\/content\/uploads\/2025\/08\/672\/378\/mark-carney-trump-canada-us-getty.jpg?ve=1&amp;tl=1, https:\/\/a57.foxnews.com\/static.foxbusiness.com\/foxbusiness.com\/content\/uploads\/2025\/08\/1344\/756\/mark-carney-trump-canada-us-getty.jpg?ve=1&amp;tl=1 2x\"><source media=\"(min-width: 1024px) and (max-width: 1279px)\" srcset=\"https:\/\/a57.foxnews.com\/static.foxbusiness.com\/foxbusiness.com\/content\/uploads\/2025\/08\/931\/523\/mark-carney-trump-canada-us-getty.jpg?ve=1&amp;tl=1, https:\/\/a57.foxnews.com\/static.foxbusiness.com\/foxbusiness.com\/content\/uploads\/2025\/08\/1862\/1046\/mark-carney-trump-canada-us-getty.jpg?ve=1&amp;tl=1 2x\"><source media=\"(min-width: 1280px)\" srcset=\"https:\/\/a57.foxnews.com\/static.foxbusiness.com\/foxbusiness.com\/content\/uploads\/2025\/08\/720\/405\/mark-carney-trump-canada-us-getty.jpg?ve=1&amp;tl=1, https:\/\/a57.foxnews.com\/static.foxbusiness.com\/foxbusiness.com\/content\/uploads\/2025\/08\/1440\/810\/mark-carney-trump-canada-us-getty.jpg?ve=1&amp;tl=1 2x\"><img decoding=\"async\" src=\"https:\/\/a57.foxnews.com\/static.foxbusiness.com\/foxbusiness.com\/content\/uploads\/2025\/08\/931\/523\/mark-carney-trump-canada-us-getty.jpg?ve=1&amp;tl=1\" alt=\"El primer ministro canadiense, Mark Carney, y Trump\"\/><\/source><\/source><\/source><\/source><\/picture><\/div>\n<div class=\"caption\">\n<p><span>El primer ministro canadiense, Mark Carney, y el presidente Donald Trump posan para una fotograf\u00eda durante la Cumbre del G7 el 16 de junio de 2025.<\/span><span>  (Brendan Smialowski\/AFP v\u00eda Getty Images\/Getty Images)<\/span><\/p>\n<\/div>\n<\/div>\n<p>Ford, un conservador, dijo anteriormente que el anuncio de campa\u00f1a del 14 de octubre buscaba \u00abtomar las palabras de Ronald Reagan y hac\u00e9rselas llegar al pueblo estadounidense\u00bb en las principales cadenas estadounidenses. Dijo que el anuncio no era desagradable y era \u00abmuy objetivo\u00bb.<\/p>\n<p><strong><u>LOS ARANCELES DE TRUMP APORTAN M\u00c1S DE $200 MIL MILLONES EN INGRESOS MIENTRAS LA CORTE SUPREMA PESA EL DESAF\u00cdO A LA LEGALIDAD<\/u><\/strong><\/p>\n<p>A pesar de las cr\u00edticas de la Casa Blanca, Ford redobl\u00f3 su posici\u00f3n la semana pasada, calific\u00e1ndolo como \u00abel mejor anuncio que he publicado\u00bb, seg\u00fan Newsweek.<\/p>\n<p>Trump critic\u00f3 previamente el anuncio y escribi\u00f3 en Truth Social que Canad\u00e1 hab\u00eda \u00abhecho trampa y fue atrapado\u00bb.<\/p>\n<p>\u00abAceptaron fraudulentamente un anuncio de gran compra que dec\u00eda que a Ronald Reagan no le gustaban los aranceles, cuando en realidad LE ENCANTABAN LOS ARANCELES PARA NUESTRO PA\u00cdS Y SU SEGURIDAD NACIONAL\u00bb, dijo Trump en una publicaci\u00f3n en las redes sociales la semana pasada despu\u00e9s de que se revelara el anuncio.<\/p>\n<p>La Fundaci\u00f3n Presidencial Ronald Reagan, una organizaci\u00f3n sin fines de lucro que busca continuar su legado, afirm\u00f3 que la campa\u00f1a publicitaria utiliz\u00f3 \u00abaudio selectivo\u00bb que \u00abtergiversa\u00bb el discurso de Reagan.<\/p>\n<div class=\"inline image-ct\">\n<div class=\"m\"><picture><source media=\"(max-width: 767px)\" srcset=\"https:\/\/a57.foxnews.com\/static.foxbusiness.com\/foxbusiness.com\/content\/uploads\/2025\/10\/343\/192\/ronald-reagan-sharpened-image.jpg?ve=1&amp;tl=1, https:\/\/a57.foxnews.com\/static.foxbusiness.com\/foxbusiness.com\/content\/uploads\/2025\/10\/686\/384\/ronald-reagan-sharpened-image.jpg?ve=1&amp;tl=1 2x\"><source media=\"(min-width: 768px) and (max-width: 1023px)\" srcset=\"https:\/\/a57.foxnews.com\/static.foxbusiness.com\/foxbusiness.com\/content\/uploads\/2025\/10\/672\/378\/ronald-reagan-sharpened-image.jpg?ve=1&amp;tl=1, https:\/\/a57.foxnews.com\/static.foxbusiness.com\/foxbusiness.com\/content\/uploads\/2025\/10\/1344\/756\/ronald-reagan-sharpened-image.jpg?ve=1&amp;tl=1 2x\"><source media=\"(min-width: 1024px) and (max-width: 1279px)\" srcset=\"https:\/\/a57.foxnews.com\/static.foxbusiness.com\/foxbusiness.com\/content\/uploads\/2025\/10\/931\/523\/ronald-reagan-sharpened-image.jpg?ve=1&amp;tl=1, https:\/\/a57.foxnews.com\/static.foxbusiness.com\/foxbusiness.com\/content\/uploads\/2025\/10\/1862\/1046\/ronald-reagan-sharpened-image.jpg?ve=1&amp;tl=1 2x\"><source media=\"(min-width: 1280px)\" srcset=\"https:\/\/a57.foxnews.com\/static.foxbusiness.com\/foxbusiness.com\/content\/uploads\/2025\/10\/720\/405\/ronald-reagan-sharpened-image.jpg?ve=1&amp;tl=1, https:\/\/a57.foxnews.com\/static.foxbusiness.com\/foxbusiness.com\/content\/uploads\/2025\/10\/1440\/810\/ronald-reagan-sharpened-image.jpg?ve=1&amp;tl=1 2x\"><img decoding=\"async\" src=\"https:\/\/a57.foxnews.com\/static.foxbusiness.com\/foxbusiness.com\/content\/uploads\/2025\/10\/931\/523\/ronald-reagan-sharpened-image.jpg?ve=1&amp;tl=1\" alt=\"Ronald Reagan pronuncia un discurso\"\/><\/source><\/source><\/source><\/source><\/picture><\/div>\n<div class=\"caption\">\n<p><span>El presidente Ronald Reagan se sienta en un escritorio en la Oficina Oval de la Casa Blanca despu\u00e9s de dirigirse a la naci\u00f3n sobre el asunto Ir\u00e1n-Contra.<\/span><span>  (Diana Walker\/Getty Images\/Getty Images)<\/span><\/p>\n<\/div>\n<\/div>\n<p><strong><u>HAGA CLIC AQU\u00cd PARA DESCARGAR LA APLICACI\u00d3N FOX NEWS<\/u><\/strong><\/p>\n<p>Carney se reuni\u00f3 con el presidente chino Xi Jinping el viernes y dijo que las conversaciones marcaron un punto de inflexi\u00f3n en las relaciones despu\u00e9s de a\u00f1os de tensi\u00f3n.<\/p>\n<p>El viaje a Asia fue parte de los esfuerzos para reducir la dependencia de Canad\u00e1 de Estados Unidos, dijo Carney.<\/p>\n<p>\u00abNo puede suceder de la noche a la ma\u00f1ana, pero estamos avanzando muy r\u00e1pido\u00bb, afirm\u00f3.<\/p>\n<p><i>Reuters contribuy\u00f3 a este informe.<\/i><\/p>\n<\/div>\n\n","protected":false},"excerpt":{"rendered":"<p>El ex presidente interino del Consejo de Asesores Econ\u00f3micos, Tomas Philipson, analiza la cancelaci\u00f3n por parte del presidente Donald Trump de las conversaciones comerciales con Canad\u00e1 luego de un anuncio que cita las ideas del ex presidente Ronald Reagan sobre los aranceles en &#8216;The Bottom Line&#8217;. El primer ministro canadiense, Mark Carney, dijo el s\u00e1bado &hellip;<\/p>\n","protected":false},"author":1,"featured_media":48241,"comment_status":"open","ping_status":"open","sticky":false,"template":"","format":"standard","meta":{"fifu_image_url":"https:\/\/a57.foxnews.com\/static.foxbusiness.com\/foxbusiness.com\/content\/uploads\/2025\/11\/0\/0\/trump-carney-handshake3.jpg?ve=1&tl=1","fifu_image_alt":"","footnotes":""},"categories":[3],"tags":[],"class_list":["post-48239","post","type-post","status-publish","format-standard","has-post-thumbnail","","category-negocio"],"_links":{"self":[{"href":"https:\/\/noticiasveraces.com\/index.php?rest_route=\/wp\/v2\/posts\/48239","targetHints":{"allow":["GET"]}}],"collection":[{"href":"https:\/\/noticiasveraces.com\/index.php?rest_route=\/wp\/v2\/posts"}],"about":[{"href":"https:\/\/noticiasveraces.com\/index.php?rest_route=\/wp\/v2\/types\/post"}],"author":[{"embeddable":true,"href":"https:\/\/noticiasveraces.com\/index.php?rest_route=\/wp\/v2\/users\/1"}],"replies":[{"embeddable":true,"href":"https:\/\/noticiasveraces.com\/index.php?rest_route=%2Fwp%2Fv2%2Fcomments&post=48239"}],"version-history":[{"count":0,"href":"https:\/\/noticiasveraces.com\/index.php?rest_route=\/wp\/v2\/posts\/48239\/revisions"}],"wp:featuredmedia":[{"embeddable":true,"href":"https:\/\/noticiasveraces.com\/index.php?rest_route=\/wp\/v2\/media\/48241"}],"wp:attachment":[{"href":"https:\/\/noticiasveraces.com\/index.php?rest_route=%2Fwp%2Fv2%2Fmedia&parent=48239"}],"wp:term":[{"taxonomy":"category","embeddable":true,"href":"https:\/\/noticiasveraces.com\/index.php?rest_route=%2Fwp%2Fv2%2Fcategories&post=48239"},{"taxonomy":"post_tag","embeddable":true,"href":"https:\/\/noticiasveraces.com\/index.php?rest_route=%2Fwp%2Fv2%2Ftags&post=48239"}],"curies":[{"name":"wp","href":"https:\/\/api.w.org\/{rel}","templated":true}]}}