{"id":48211,"date":"2025-11-01T19:43:29","date_gmt":"2025-11-01T23:43:29","guid":{"rendered":"https:\/\/noticiasveraces.com\/?p=48211"},"modified":"2025-11-01T19:43:29","modified_gmt":"2025-11-01T23:43:29","slug":"rehabilitan-modulo-de-atencion-barrio-adentro-i-en-caracas","status":"publish","type":"post","link":"https:\/\/noticiasveraces.com\/?p=48211","title":{"rendered":"Rehabilitan m\u00f3dulo de atenci\u00f3n Barrio Adentro I en Caracas"},"content":{"rendered":"<p> \n<\/p>\n<div>\n<p>En el marco de la Jornada de Atenci\u00f3n Integral Comunitaria en la Comuna Miraflores, se llev\u00f3 a cabo la rehabilitaci\u00f3n y entrega a la comunidad del m\u00f3dulo de atenci\u00f3n Barrio Adentro I \u00abUni\u00f3n y Fuerza\u00bb, ubicado en el sector Buena Vista en la ciudad de Caracas.<\/p>\n<p>La reinauguraci\u00f3n fue encabezada por el ministro del Poder Popular del Despacho de la Presidencia y Seguimiento de la Gesti\u00f3n de Gobierno,  An\u00edbal Coronado, y el viceministro para la Suprema Felicidad Social del Pueblo, Jos\u00e9 Mendoza Rodr\u00edguez, junto al viceministro de Asuntos para la Paz, Emilio Feriozzi;  la autoridad \u00fanica de Salud de Caracas,  Rosalbina Hurtado, y representantes del poder popular organizado.<\/p>\n<p>En estas instalaciones se realiz\u00f3 la recuperaci\u00f3n del cercado perimetral, impermeabilizaci\u00f3n, pintura interna y externa, rehabilitaci\u00f3n de los ba\u00f1os y del sistema el\u00e9ctrico, as\u00ed como trabajos de pica y poda.<\/p>\n<p>Ante el resultado de esta importante obra, una de las voceras del sector, L\u00e9rida Yance, expres\u00f3: \u00abGracias, presidente Nicol\u00e1s Maduro, por regalarle a la comunidad este nuevo m\u00f3dulo. Estamos felices, ya no tenemos que ir a otro lugar; ya nuestra comunidad tiene un \u00f3ptimo centro de salud\u00bb.<\/p>\n<p>Durante el acto, se entregaron ayudas t\u00e9cnicas, como muletas y bastones. Tambi\u00e9n se despleg\u00f3 la Brigada de la Esperanza, la Fundaci\u00f3n Nacional Ni\u00f1o Sim\u00f3n, el INN, la UPF Rey de Reyes y hubo inmunizaci\u00f3n.<\/p>\n<p>Adem\u00e1s, se dotaron insumos m\u00e9dicos, lo que permitir\u00e1 que el centro de salud cuente con equipos como un ec\u00f3grafo y servicios en oftalmolog\u00eda, pediatr\u00eda, farmacia y medicina general.<\/p>\n<p>Con estas acciones, se contin\u00faa demostrando que el gobierno bolivariano del presidente Nicol\u00e1s Maduro destina su gesti\u00f3n a garantizar un sistema \u00f3ptimo de salud para todos, cumpliendo con el legado del Comandante Supremo Hugo Ch\u00e1vez de asegurar la mayor suma de felicidad posible al pueblo.<\/p>\n<\/div>\n\n","protected":false},"excerpt":{"rendered":"<p>En el marco de la Jornada de Atenci\u00f3n Integral Comunitaria en la Comuna Miraflores, se llev\u00f3 a cabo la rehabilitaci\u00f3n y entrega a la comunidad del m\u00f3dulo de atenci\u00f3n Barrio Adentro I \u00abUni\u00f3n y Fuerza\u00bb, ubicado en el sector Buena Vista en la ciudad de Caracas. La reinauguraci\u00f3n fue encabezada por el ministro del Poder &hellip;<\/p>\n","protected":false},"author":1,"featured_media":48212,"comment_status":"open","ping_status":"open","sticky":false,"template":"","format":"standard","meta":{"fifu_image_url":"https:\/\/ultimasnoticias.com.ve\/wp-content\/uploads\/2025\/11\/1001940017.jpg","fifu_image_alt":"","footnotes":""},"categories":[4],"tags":[],"class_list":["post-48211","post","type-post","status-publish","format-standard","has-post-thumbnail","","category-historias-destacadas"],"_links":{"self":[{"href":"https:\/\/noticiasveraces.com\/index.php?rest_route=\/wp\/v2\/posts\/48211","targetHints":{"allow":["GET"]}}],"collection":[{"href":"https:\/\/noticiasveraces.com\/index.php?rest_route=\/wp\/v2\/posts"}],"about":[{"href":"https:\/\/noticiasveraces.com\/index.php?rest_route=\/wp\/v2\/types\/post"}],"author":[{"embeddable":true,"href":"https:\/\/noticiasveraces.com\/index.php?rest_route=\/wp\/v2\/users\/1"}],"replies":[{"embeddable":true,"href":"https:\/\/noticiasveraces.com\/index.php?rest_route=%2Fwp%2Fv2%2Fcomments&post=48211"}],"version-history":[{"count":0,"href":"https:\/\/noticiasveraces.com\/index.php?rest_route=\/wp\/v2\/posts\/48211\/revisions"}],"wp:featuredmedia":[{"embeddable":true,"href":"https:\/\/noticiasveraces.com\/index.php?rest_route=\/wp\/v2\/media\/48212"}],"wp:attachment":[{"href":"https:\/\/noticiasveraces.com\/index.php?rest_route=%2Fwp%2Fv2%2Fmedia&parent=48211"}],"wp:term":[{"taxonomy":"category","embeddable":true,"href":"https:\/\/noticiasveraces.com\/index.php?rest_route=%2Fwp%2Fv2%2Fcategories&post=48211"},{"taxonomy":"post_tag","embeddable":true,"href":"https:\/\/noticiasveraces.com\/index.php?rest_route=%2Fwp%2Fv2%2Ftags&post=48211"}],"curies":[{"name":"wp","href":"https:\/\/api.w.org\/{rel}","templated":true}]}}