{"id":48180,"date":"2025-11-01T13:42:30","date_gmt":"2025-11-01T17:42:30","guid":{"rendered":"https:\/\/noticiasveraces.com\/?p=48180"},"modified":"2025-11-01T13:42:30","modified_gmt":"2025-11-01T17:42:30","slug":"el-cnp-denuncio-el-traslado-de-leandro-palmar-y-belices-cubillan-a-la-carcel-de-tocoron","status":"publish","type":"post","link":"https:\/\/noticiasveraces.com\/?p=48180","title":{"rendered":"El CNP denunci\u00f3 el traslado de Leandro Palmar y Belices Cubill\u00e1n a la c\u00e1rcel de Tocor\u00f3n"},"content":{"rendered":"<p> \n<\/p>\n<div>\n<p>El Colegio Nacional de Periodistas (CNP) denunci\u00f3 el 1\u00b0 de noviembre que el comunicador <strong>Leandro Palmar y el t\u00e9cnico audiovisual Belices Cubill\u00e1n<\/strong> fueron trasladados a la c\u00e1rcel de Tocor\u00f3n, estado Aragua, luego de 10 meses detenidos por documentar una protesta en Zulia.<\/p>\n<p> La informaci\u00f3n fue confirmada por el gremio en sus redes sociales, quienes expresaron su <strong>\u201cpreocupaci\u00f3n\u201d <\/strong>por la medida. <\/p>\n<p>Palmar y Cubill\u00e1n, miembros de LUZ Radio, fueron acusados por los <strong>delitos de terrorismo, incitaci\u00f3n al odio, asociaci\u00f3n para delinquir y alteraci\u00f3n del orden p\u00fablico<\/strong>en enero de 2025, seg\u00fan hab\u00eda indicado el Sindicato Nacional de Trabajadores de la Prensa (SNTP) en una publicaci\u00f3n en X. <\/p>\n<figure class=\"wp-block-image size-large\"><img fetchpriority=\"high\" width=\"1200\" height=\"800\" alt=\"El CNP denunci\u00f3 el traslado de Leandro Palmar y Belices Cubill\u00e1n a la c\u00e1rcel de Tocor\u00f3n\" sizes=\"(max-width: 1200px) 100vw, 1200px\" srcset=\"https:\/\/eldiario.com\/nitropack_static\/DWpklAePbJBFiBKvuTtiGMLbtJlHUqWt\/assets\/images\/optimized\/rev-4610e21\/eldiario.com\/wp-content\/uploads\/2025\/11\/Diseno-sin-titulo-80-1200x800.jpg 1200w, https:\/\/eldiario.com\/nitropack_static\/DWpklAePbJBFiBKvuTtiGMLbtJlHUqWt\/assets\/images\/optimized\/rev-4610e21\/eldiario.com\/wp-content\/uploads\/2025\/11\/Diseno-sin-titulo-80-300x200.jpg 300w, https:\/\/eldiario.com\/nitropack_static\/DWpklAePbJBFiBKvuTtiGMLbtJlHUqWt\/assets\/images\/optimized\/rev-4610e21\/eldiario.com\/wp-content\/uploads\/2025\/11\/Diseno-sin-titulo-80-768x512.jpg 768w, https:\/\/eldiario.com\/nitropack_static\/DWpklAePbJBFiBKvuTtiGMLbtJlHUqWt\/assets\/images\/optimized\/rev-4610e21\/eldiario.com\/wp-content\/uploads\/2025\/11\/Diseno-sin-titulo-80-1536x1024.jpg 1536w, https:\/\/eldiario.com\/nitropack_static\/DWpklAePbJBFiBKvuTtiGMLbtJlHUqWt\/assets\/images\/optimized\/rev-4610e21\/eldiario.com\/wp-content\/uploads\/2025\/11\/Diseno-sin-titulo-80-330x220.jpg 330w, https:\/\/eldiario.com\/nitropack_static\/DWpklAePbJBFiBKvuTtiGMLbtJlHUqWt\/assets\/images\/optimized\/rev-4610e21\/eldiario.com\/wp-content\/uploads\/2025\/11\/Diseno-sin-titulo-80-420x280.jpg 420w, https:\/\/eldiario.com\/nitropack_static\/DWpklAePbJBFiBKvuTtiGMLbtJlHUqWt\/assets\/images\/optimized\/rev-4610e21\/eldiario.com\/wp-content\/uploads\/2025\/11\/Diseno-sin-titulo-80-615x410.jpg 615w, https:\/\/eldiario.com\/nitropack_static\/DWpklAePbJBFiBKvuTtiGMLbtJlHUqWt\/assets\/images\/optimized\/rev-4610e21\/eldiario.com\/wp-content\/uploads\/2025\/11\/Diseno-sin-titulo-80-860x574.jpg 860w, https:\/\/eldiario.com\/nitropack_static\/DWpklAePbJBFiBKvuTtiGMLbtJlHUqWt\/assets\/images\/optimized\/rev-4610e21\/eldiario.com\/wp-content\/uploads\/2025\/11\/Diseno-sin-titulo-80-150x100.jpg 150w, https:\/\/eldiario.com\/nitropack_static\/DWpklAePbJBFiBKvuTtiGMLbtJlHUqWt\/assets\/images\/optimized\/rev-4610e21\/eldiario.com\/wp-content\/uploads\/2025\/11\/Diseno-sin-titulo-80.jpg 1600w\" src=\"https:\/\/eldiario.com\/nitropack_static\/DWpklAePbJBFiBKvuTtiGMLbtJlHUqWt\/assets\/images\/optimized\/rev-4610e21\/eldiario.com\/wp-content\/uploads\/2025\/11\/Diseno-sin-titulo-80-1200x800.jpg\" class=\"wp-image-825461 nitro-lazy\" decoding=\"async\" nitro-lazy-empty=\"\" id=\"ODAyOjEyNjI=-1\"\/><\/figure>\n<p>Desde entonces, ambos trabajadores de la prensa estaban detenidos en el <strong>Destacamento 111 de la Guardia Nacional Bolivariana (GNB),<\/strong> en Maracaibo. <\/p>\n<p>Plamar y Cubill\u00e1n fueron detenidos el 9 de enero de 2025 por funcionarios militares, <strong>cuando hac\u00edan cobertura de una protesta de la oposici\u00f3n en la plaza Rep\u00fablica de Maracaibo<\/strong>. <\/p>\n<p>Tras el hecho, tanto el CNP, SNTP, familiares y allegados del periodista y del t\u00e9cnico audiovisual <strong>exigieron la liberaci\u00f3n de ambos<\/strong>. Asimismo, el gremio rechaz\u00f3 que \u201c<strong>se pretenda criminalizar la labor de estos comunicadores\u201d<\/strong>.<\/p>\n<p>El 29 de octubre, el SNTP inform\u00f3 que el reportero Omario Castellano, del medio <em>Soy Larense,<\/em> fue presentado ante un<strong> tribunal de terrorismo<\/strong> el 27 de octubre, luego de 11 d\u00edas detenido en una sede de PoliLara. <\/p>\n<p>Las autoridades le imputaron los delitos de<strong> terrorismo, incitaci\u00f3n al odio, asociaci\u00f3n para delinquir y traici\u00f3n a la patria<\/strong>. <\/p>\n<p>Castellano, quien adem\u00e1s es estudiante de Comunicaci\u00f3n Social, fue presentado junto a su madre y hermano <strong>sin la presencia de sus abogados de confianza<\/strong>. En la audiencia se orden\u00f3 el traslado de toda la familia a la c\u00e1rcel de Yare (Miranda). <\/p>\n<figure class=\"wp-block-image size-large\"><picture decoding=\"async\" class=\"wp-image-813474\"><source type=\"image\/webp\" sizes=\"(max-width: 1200px) 100vw, 1200px\" nitro-lazy-srcset=\"https:\/\/eldiario.com\/nitropack_static\/DWpklAePbJBFiBKvuTtiGMLbtJlHUqWt\/assets\/images\/optimized\/rev-4610e21\/eldiario.com\/wp-content\/uploads\/2025\/09\/camera-3633075-1920-1200x800.jpg.webp 1200w, https:\/\/eldiario.com\/nitropack_static\/DWpklAePbJBFiBKvuTtiGMLbtJlHUqWt\/assets\/images\/optimized\/rev-4610e21\/eldiario.com\/wp-content\/uploads\/2025\/09\/camera-3633075-1920-300x200.jpg.webp 300w, https:\/\/eldiario.com\/nitropack_static\/DWpklAePbJBFiBKvuTtiGMLbtJlHUqWt\/assets\/images\/optimized\/rev-4610e21\/eldiario.com\/wp-content\/uploads\/2025\/09\/camera-3633075-1920-768x512.jpg.webp 768w, https:\/\/eldiario.com\/nitropack_static\/DWpklAePbJBFiBKvuTtiGMLbtJlHUqWt\/assets\/images\/optimized\/rev-4610e21\/eldiario.com\/wp-content\/uploads\/2025\/09\/camera-3633075-1920-1536x1023.jpg.webp 1536w, https:\/\/eldiario.com\/nitropack_static\/DWpklAePbJBFiBKvuTtiGMLbtJlHUqWt\/assets\/images\/optimized\/rev-4610e21\/eldiario.com\/wp-content\/uploads\/2025\/09\/camera-3633075-1920-330x220.jpg.webp 330w, https:\/\/eldiario.com\/nitropack_static\/DWpklAePbJBFiBKvuTtiGMLbtJlHUqWt\/assets\/images\/optimized\/rev-4610e21\/eldiario.com\/wp-content\/uploads\/2025\/09\/camera-3633075-1920-420x280.jpg.webp 420w, https:\/\/eldiario.com\/nitropack_static\/DWpklAePbJBFiBKvuTtiGMLbtJlHUqWt\/assets\/images\/optimized\/rev-4610e21\/eldiario.com\/wp-content\/uploads\/2025\/09\/camera-3633075-1920-615x410.jpg.webp 615w, https:\/\/eldiario.com\/nitropack_static\/DWpklAePbJBFiBKvuTtiGMLbtJlHUqWt\/assets\/images\/optimized\/rev-4610e21\/eldiario.com\/wp-content\/uploads\/2025\/09\/camera-3633075-1920-860x573.jpg.webp 860w, https:\/\/eldiario.com\/nitropack_static\/DWpklAePbJBFiBKvuTtiGMLbtJlHUqWt\/assets\/images\/optimized\/rev-4610e21\/eldiario.com\/wp-content\/uploads\/2025\/09\/camera-3633075-1920-150x100.jpg.webp 150w, https:\/\/eldiario.com\/nitropack_static\/DWpklAePbJBFiBKvuTtiGMLbtJlHUqWt\/assets\/images\/optimized\/rev-4610e21\/eldiario.com\/wp-content\/uploads\/2025\/09\/camera-3633075-1920.jpg.webp 1600w\" nitro-lazy-empty=\"\" id=\"ODM3Ojk4NQ==-1\" srcset=\"data:image\/svg+xml;nitro-empty-id=ODM3Ojk4NQ==-1;base64,PHN2ZyB2aWV3Qm94PSIwIDAgMTIwMCA4MDAiIHdpZHRoPSIxMjAwIiBoZWlnaHQ9IjgwMCIgeG1sbnM9Imh0dHA6Ly93d3cudzMub3JnLzIwMDAvc3ZnIj48L3N2Zz4=\"\/><img loading=\"lazy\" width=\"1200\" height=\"800\" alt=\"El CNP registr\u00f3 88 agresiones a medios y periodistas en Venezuela entre enero y agosto de 2025\" sizes=\"auto, (max-width: 1200px) 100vw, 1200px\" srcset=\"https:\/\/eldiario.com\/nitropack_static\/DWpklAePbJBFiBKvuTtiGMLbtJlHUqWt\/assets\/images\/optimized\/rev-4610e21\/eldiario.com\/wp-content\/uploads\/2025\/09\/camera-3633075-1920-1200x800.jpg 1200w, https:\/\/eldiario.com\/nitropack_static\/DWpklAePbJBFiBKvuTtiGMLbtJlHUqWt\/assets\/images\/optimized\/rev-4610e21\/eldiario.com\/wp-content\/uploads\/2025\/09\/camera-3633075-1920-300x200.jpg 300w, https:\/\/eldiario.com\/nitropack_static\/DWpklAePbJBFiBKvuTtiGMLbtJlHUqWt\/assets\/images\/optimized\/rev-4610e21\/eldiario.com\/wp-content\/uploads\/2025\/09\/camera-3633075-1920-768x512.jpg 768w, https:\/\/eldiario.com\/nitropack_static\/DWpklAePbJBFiBKvuTtiGMLbtJlHUqWt\/assets\/images\/optimized\/rev-4610e21\/eldiario.com\/wp-content\/uploads\/2025\/09\/camera-3633075-1920-1536x1023.jpg 1536w, https:\/\/eldiario.com\/nitropack_static\/DWpklAePbJBFiBKvuTtiGMLbtJlHUqWt\/assets\/images\/optimized\/rev-4610e21\/eldiario.com\/wp-content\/uploads\/2025\/09\/camera-3633075-1920-330x220.jpg 330w, https:\/\/eldiario.com\/nitropack_static\/DWpklAePbJBFiBKvuTtiGMLbtJlHUqWt\/assets\/images\/optimized\/rev-4610e21\/eldiario.com\/wp-content\/uploads\/2025\/09\/camera-3633075-1920-420x280.jpg 420w, https:\/\/eldiario.com\/nitropack_static\/DWpklAePbJBFiBKvuTtiGMLbtJlHUqWt\/assets\/images\/optimized\/rev-4610e21\/eldiario.com\/wp-content\/uploads\/2025\/09\/camera-3633075-1920-615x410.jpg 615w, https:\/\/eldiario.com\/nitropack_static\/DWpklAePbJBFiBKvuTtiGMLbtJlHUqWt\/assets\/images\/optimized\/rev-4610e21\/eldiario.com\/wp-content\/uploads\/2025\/09\/camera-3633075-1920-860x573.jpg 860w, https:\/\/eldiario.com\/nitropack_static\/DWpklAePbJBFiBKvuTtiGMLbtJlHUqWt\/assets\/images\/optimized\/rev-4610e21\/eldiario.com\/wp-content\/uploads\/2025\/09\/camera-3633075-1920-150x100.jpg 150w, https:\/\/eldiario.com\/nitropack_static\/DWpklAePbJBFiBKvuTtiGMLbtJlHUqWt\/assets\/images\/optimized\/rev-4610e21\/eldiario.com\/wp-content\/uploads\/2025\/09\/camera-3633075-1920.jpg 1600w\" src=\"https:\/\/eldiario.com\/nitropack_static\/DWpklAePbJBFiBKvuTtiGMLbtJlHUqWt\/assets\/images\/optimized\/rev-4610e21\/eldiario.com\/wp-content\/uploads\/2025\/09\/camera-3633075-1920-1200x800.jpg\" class=\"nitro-lazy\" decoding=\"async\" nitro-lazy-empty=\"\" id=\"ODM4OjExNDY=-1\"\/> <\/picture><figcaption class=\"wp-element-caption\">Foto: Pixabay<\/figcaption><\/figure>\n<p>Previamente, el 23 de octubre, el SNTP tambi\u00e9n denunci\u00f3 el traslado de Yorbin Garc\u00eda, colaborador del medio <em>Palpitar Trujillano<\/em>, <strong>desde la sede del Sebin en Valera a la c\u00e1rcel de Yare II<\/strong>. <\/p>\n<p>Garc\u00eda fue detenido el 18 de octubre en Isnot\u00fa, en Trujillo, y presentado en tribunales el 21 de octubre. <\/p>\n<p>\u201cA Garc\u00eda lo estar\u00edan acusando por supuestamente tener un bolso con volantes que inclu\u00edan la frase \u2018canonizaci\u00f3n sin presos pol\u00edticos\u2019. Se tratar\u00eda de una prueba fabricada\u201d, escribi\u00f3 el SNTP en su X. <\/p>\n<p>Por otro lado, el gremio tambi\u00e9n denunci\u00f3 la \u201cdesaparici\u00f3n\u201d del periodista Joan Camargo, quien fue obligado, por sujetos desconocidos, <strong>a abordar un autom\u00f3vil el 30 de octubre <\/strong>cuando sal\u00eda de la zona donde vive en Cotiza, Caracas. Desde entonces se desconoce el paradero del reportero.<\/p>\n<figure class=\"wp-block-image size-large\"><img loading=\"lazy\" width=\"1200\" height=\"746\" alt=\"Denunciaron la desaparici\u00f3n del periodista Joan Camargo\" sizes=\"auto, (max-width: 1200px) 100vw, 1200px\" srcset=\"https:\/\/eldiario.com\/nitropack_static\/DWpklAePbJBFiBKvuTtiGMLbtJlHUqWt\/assets\/images\/optimized\/rev-4610e21\/eldiario.com\/wp-content\/uploads\/2025\/10\/Joan-Camargo-1200x746.jpg 1200w, https:\/\/eldiario.com\/nitropack_static\/DWpklAePbJBFiBKvuTtiGMLbtJlHUqWt\/assets\/images\/optimized\/rev-4610e21\/eldiario.com\/wp-content\/uploads\/2025\/10\/Joan-Camargo-300x187.jpg 300w, https:\/\/eldiario.com\/nitropack_static\/DWpklAePbJBFiBKvuTtiGMLbtJlHUqWt\/assets\/images\/optimized\/rev-4610e21\/eldiario.com\/wp-content\/uploads\/2025\/10\/Joan-Camargo-768x478.jpg 768w, https:\/\/eldiario.com\/nitropack_static\/DWpklAePbJBFiBKvuTtiGMLbtJlHUqWt\/assets\/images\/optimized\/rev-4610e21\/eldiario.com\/wp-content\/uploads\/2025\/10\/Joan-Camargo-1536x955.jpg 1536w, https:\/\/eldiario.com\/nitropack_static\/DWpklAePbJBFiBKvuTtiGMLbtJlHUqWt\/assets\/images\/optimized\/rev-4610e21\/eldiario.com\/wp-content\/uploads\/2025\/10\/Joan-Camargo-860x535.jpg 860w, https:\/\/eldiario.com\/nitropack_static\/DWpklAePbJBFiBKvuTtiGMLbtJlHUqWt\/assets\/images\/optimized\/rev-4610e21\/eldiario.com\/wp-content\/uploads\/2025\/10\/Joan-Camargo-150x93.jpg 150w, https:\/\/eldiario.com\/nitropack_static\/DWpklAePbJBFiBKvuTtiGMLbtJlHUqWt\/assets\/images\/optimized\/rev-4610e21\/eldiario.com\/wp-content\/uploads\/2025\/10\/Joan-Camargo.jpg 1600w\" src=\"https:\/\/eldiario.com\/nitropack_static\/DWpklAePbJBFiBKvuTtiGMLbtJlHUqWt\/assets\/images\/optimized\/rev-4610e21\/eldiario.com\/wp-content\/uploads\/2025\/10\/Joan-Camargo-1200x746.jpg\" class=\"wp-image-825164 nitro-lazy\" decoding=\"async\" nitro-lazy-empty=\"\" id=\"ODYwOjkwOQ==-1\"\/><figcaption class=\"wp-element-caption\">Foto de : joancamargo_<\/figcaption><\/figure>\n<\/p><\/div>\n\n","protected":false},"excerpt":{"rendered":"<p>El Colegio Nacional de Periodistas (CNP) denunci\u00f3 el 1\u00b0 de noviembre que el comunicador Leandro Palmar y el t\u00e9cnico audiovisual Belices Cubill\u00e1n fueron trasladados a la c\u00e1rcel de Tocor\u00f3n, estado Aragua, luego de 10 meses detenidos por documentar una protesta en Zulia. La informaci\u00f3n fue confirmada por el gremio en sus redes sociales, quienes expresaron &hellip;<\/p>\n","protected":false},"author":1,"featured_media":48182,"comment_status":"open","ping_status":"open","sticky":false,"template":"","format":"standard","meta":{"fifu_image_url":"https:\/\/eldiario.com\/wp-content\/uploads\/2025\/07\/Tren-de-Aragua-3.jpg","fifu_image_alt":"","footnotes":""},"categories":[4],"tags":[],"class_list":["post-48180","post","type-post","status-publish","format-standard","has-post-thumbnail","","category-historias-destacadas"],"_links":{"self":[{"href":"https:\/\/noticiasveraces.com\/index.php?rest_route=\/wp\/v2\/posts\/48180","targetHints":{"allow":["GET"]}}],"collection":[{"href":"https:\/\/noticiasveraces.com\/index.php?rest_route=\/wp\/v2\/posts"}],"about":[{"href":"https:\/\/noticiasveraces.com\/index.php?rest_route=\/wp\/v2\/types\/post"}],"author":[{"embeddable":true,"href":"https:\/\/noticiasveraces.com\/index.php?rest_route=\/wp\/v2\/users\/1"}],"replies":[{"embeddable":true,"href":"https:\/\/noticiasveraces.com\/index.php?rest_route=%2Fwp%2Fv2%2Fcomments&post=48180"}],"version-history":[{"count":0,"href":"https:\/\/noticiasveraces.com\/index.php?rest_route=\/wp\/v2\/posts\/48180\/revisions"}],"wp:featuredmedia":[{"embeddable":true,"href":"https:\/\/noticiasveraces.com\/index.php?rest_route=\/wp\/v2\/media\/48182"}],"wp:attachment":[{"href":"https:\/\/noticiasveraces.com\/index.php?rest_route=%2Fwp%2Fv2%2Fmedia&parent=48180"}],"wp:term":[{"taxonomy":"category","embeddable":true,"href":"https:\/\/noticiasveraces.com\/index.php?rest_route=%2Fwp%2Fv2%2Fcategories&post=48180"},{"taxonomy":"post_tag","embeddable":true,"href":"https:\/\/noticiasveraces.com\/index.php?rest_route=%2Fwp%2Fv2%2Ftags&post=48180"}],"curies":[{"name":"wp","href":"https:\/\/api.w.org\/{rel}","templated":true}]}}