{"id":48178,"date":"2025-11-01T13:28:06","date_gmt":"2025-11-01T17:28:06","guid":{"rendered":"https:\/\/noticiasveraces.com\/?p=48178"},"modified":"2025-11-01T13:28:06","modified_gmt":"2025-11-01T17:28:06","slug":"a-un-ano-de-la-tragedia-que-desato-masivas-protestas-dw-01-11-2025","status":"publish","type":"post","link":"https:\/\/noticiasveraces.com\/?p=48178","title":{"rendered":"a un a\u00f1o de la tragedia que desat\u00f3 masivas protestas \u2013 DW \u2013 01\/11\/2025"},"content":{"rendered":"<p> \n<\/p>\n<div data-tracking-name=\"rich-text\" data-tracking-skip=\"true\">\n<p>En circunstancias normales, Boris Kojcinovic, estudiante de Novi Sad, estar\u00eda buscando informaci\u00f3n sobre programas de posgrado en el extranjero. Pero la situaci\u00f3n de los universitarios en Serbia dista mucho de ser normal: desde hace casi un a\u00f1o lideran bloqueos.<\/p>\n<p>Por ello, Kojcinovic divide su tiempo entre leer bibliograf\u00eda para su tesis y revisar las listas de voluntarios para el evento que conmemorar\u00e1 el primer aniversario del derrumbe de la marquesina de hormig\u00f3n de la entrada de la estaci\u00f3n de trenes de Novi Sad, que caus\u00f3 la muerte de 16 personas el 1 de noviembre de 2024.<\/p>\n<p>Kojcinovic es uno de los rostros m\u00e1s reconocibles del movimiento de protesta que puso al descubierto lo que consideran una verdad innegable, seg\u00fan los activistas: la corrupci\u00f3n y negligencia sist\u00e9mica que llevaron al colapso del techo hace un a\u00f1o.<\/p>\n<h2>El crecimiento de un movimiento<\/h2>\n<p>\u00abNuestra victoria es que la gente se dio cuenta de que algo no funciona y que necesitamos una sociedad justa con instituciones operativas\u00bb, dice Kojcinovic a DW.<\/p>\n<p>Con el lema \u00abTienen las manos manchadas con sangre\u00bb\u00a0y la difusi\u00f3n de im\u00e1genes de palmas rojas, que son el s\u00edmbolo del movimiento de protesta, los estudiantes han desarrollado una extensa red en todo el pa\u00eds en los \u00faltimos 12 meses y tambi\u00e9n entre la di\u00e1spora serbia.<\/p>\n<figure class=\"placeholder-image master_landscape big\"><img data-format=\"MASTER_LANDSCAPE\" data-id=\"73904363\" data-url=\"https:\/\/static.dw.com\/image\/73904363_${formatId}.jpg\" data-aspect-ratio=\"16\/9\" alt=\"Aleksandar Vucic hablan ante la prensa.\" style=\"padding-bottom: 56.25%; height: 0; max-height: 0;\"\/><figcaption class=\"img-caption\">El presidente de Serbia, Aleksandar Vucic.<small class=\"copyright\">Imagen: STRINGER\/Agencia Light Studio\/IMAGO<\/small><\/figcaption><\/figure>\n<p>Para asegurarse de que su clamor de justicia llegue a la mayor cantidad de personas posible, tambi\u00e9n han recorrido el pa\u00eds a pie,\u00a0conversado con la gente y organizado numerosas manifestaciones a nivel nacional.<\/p>\n<p>Incluso algunos j\u00f3venes han ido en bicicleta a Estrasburgo y realizado corridas a Bruselas para que su mensaje tambi\u00e9n sea o\u00eddo en el coraz\u00f3n de la Uni\u00f3n Europea (UE).<\/p>\n<h2>Protestas estudiantiles duraderas<\/h2>\n<p>Durante el \u00faltimo a\u00f1o, los estudiantes han aprendido a planificar, negociar y resistir a gran escala. Sin embargo, no han podido obligar a quienes detentan el poder a asumir responsabilidades.<\/p>\n<p>Por su parte, las autoridades han adoptado una estrategia multifac\u00e9tica, al intentar\u00a0\u00abablandar\u00bb a los estudiantes y profesores ofreci\u00e9ndoles pr\u00e9stamos a bajo inter\u00e9s y mejores salarios, respectivamente, mientras usan campa\u00f1as de desprestigio, ataques f\u00edsicos y represi\u00f3n policial m\u00e1s dura para intimidar a los ciudadanos que protestan. No obstante, ninguna de esas t\u00e1cticas ha funcionado.<\/p>\n<p>En agosto, el polit\u00f3logo Zoran Stojiljkovic describi\u00f3 la situaci\u00f3n como un \u00abequilibrio de impotencia\u00bb, una valoraci\u00f3n que Bojan Klacar, director ejecutivo del Centro para las Elecciones Libres y la Democracia, sigue considerando v\u00e1lida.<\/p>\n<p>\u00abEstamos en una crisis pol\u00edtica que no se ha resuelto por completo y para la cual no se vislumbra una salida a corto plazo\u00bb, dice Klacar a DW.<\/p>\n<p>La coalici\u00f3n gobernante a\u00fan no controla la situaci\u00f3n y perdi\u00f3 su vieja hegemon\u00eda, pero al menos est\u00e1 m\u00e1s consolidada que hace seis meses. Los estudiantes tampoco est\u00e1n mejor. Klacar concede que el movimiento transform\u00f3 el clima social significativamente, pero no las relaciones pol\u00edticas.<\/p>\n<p>\u00abNo est\u00e1n \u2014en t\u00e9rminos de infraestructura, programa, ideolog\u00eda y\u00a0nivel de energ\u00eda\u2014 preparados para inclinar la balanza a su favor. Por lo tanto, ambos bloques est\u00e1n inmersos en un juego de paciencia, una batalla de nervios y una suerte de guerra de desgaste\u00bb, agrega.<\/p>\n<p><span data-slot-id=\"Article_InContent-1\" class=\"rich-text-ad\"\/><\/p>\n<h2>Las elecciones ser\u00e1n la clave<\/h2>\n<p>Lo que los estudiantes piden son elecciones. Sin embargo, las autoridades rara vez tocan el tema. El presidente serbio\u00a0Aleksandar Vucic\u00a0solo ha dicho que habr\u00e1 votaciones el pr\u00f3ximo a\u00f1o, sin especificar cu\u00e1ndo.<\/p>\n<p>Klacar piensa que la fecha de las elecciones es la principal arma del gobierno. \u00abAl Partido Progresista Serbio (SNS, oficialista) le conviene que las elecciones tengan lugar en un a\u00f1o\u00a0o m\u00e1s\u00bb, afirma.<\/p>\n<figure class=\"placeholder-image master_landscape big\"><img data-format=\"MASTER_LANDSCAPE\" data-id=\"73922440\" data-url=\"https:\/\/static.dw.com\/image\/73922440_${formatId}.jpg\" data-aspect-ratio=\"16\/9\" alt=\"Un joven alza los brazos ante agentes antidisturbios en Serbia.\" style=\"padding-bottom: 56.25%; height: 0; max-height: 0;\"\/><figcaption class=\"img-caption\">Las protestas contra el Gobierno se han extendido por todo el pa\u00eds durante casi un a\u00f1o.<small class=\"copyright\">Imagen: Uros Arsic\/AFP<\/small><\/figcaption><\/figure>\n<p>Para ello, el gobierno tendr\u00eda que dar m\u00e1s \u00abbuenas noticias\u00bb y resolver una serie de problemas acumulados, desde las sanciones estadounidenses contra la petrolera serbia NIS, de propiedad rusa, hasta evitar potenciales dificultades en el suministro de gas.<\/p>\n<p>Para los estudiantes, por el contrario, dos condiciones son decisivas: mantener las protestas y crear una atm\u00f3sfera de refer\u00e9ndum, en la que la gente vea las elecciones como una votaci\u00f3n sobre Vucic y el SNS. El movimiento de protesta estima que estar\u00e1 listo sin importar cu\u00e1ndo sean las elecciones, ya que se est\u00e1n preparando a toda marcha.<\/p>\n<p>Adem\u00e1s de organizar protestas, est\u00e1n construyendo una infraestructura electoral que incluye equipos, observadores y un programa pol\u00edtico. Incluso tienen una lista de candidatos, cuyos nombres permanecen en secreto.<\/p>\n<p>Esto ha generado tanto cr\u00edticas como elogios. Algunos dicen que los votantes deber\u00edan saber a la brevedad qui\u00e9nes se presentar\u00e1n en las elecciones, y otros sostienen que es m\u00e1s prudente esperar para evitar que los candidatos sean desacreditados por el oficialismo y los medios que est\u00e1n alineados con \u00e9l.<\/p>\n<p>\u00abLa lista es como el movimiento: diversa en educaci\u00f3n, origen e incluso orientaci\u00f3n pol\u00edtica. No hay que pensar que somos conservadores o liberales, sino que queremos algo en com\u00fan: una sociedad mejor, bien gestionada y justa\u00bb, apunta Kojcinovic.<\/p>\n<p>(bebidas)<\/p>\n<\/p>\n<\/div>\n\n","protected":false},"excerpt":{"rendered":"<p>En circunstancias normales, Boris Kojcinovic, estudiante de Novi Sad, estar\u00eda buscando informaci\u00f3n sobre programas de posgrado en el extranjero. Pero la situaci\u00f3n de los universitarios en Serbia dista mucho de ser normal: desde hace casi un a\u00f1o lideran bloqueos. Por ello, Kojcinovic divide su tiempo entre leer bibliograf\u00eda para su tesis y revisar las listas &hellip;<\/p>\n","protected":false},"author":1,"featured_media":48179,"comment_status":"open","ping_status":"open","sticky":false,"template":"","format":"standard","meta":{"fifu_image_url":"https:\/\/static.dw.com\/image\/74200189_6.jpg","fifu_image_alt":"","footnotes":""},"categories":[13],"tags":[],"class_list":["post-48178","post","type-post","status-publish","format-standard","has-post-thumbnail","","category-mundo"],"_links":{"self":[{"href":"https:\/\/noticiasveraces.com\/index.php?rest_route=\/wp\/v2\/posts\/48178","targetHints":{"allow":["GET"]}}],"collection":[{"href":"https:\/\/noticiasveraces.com\/index.php?rest_route=\/wp\/v2\/posts"}],"about":[{"href":"https:\/\/noticiasveraces.com\/index.php?rest_route=\/wp\/v2\/types\/post"}],"author":[{"embeddable":true,"href":"https:\/\/noticiasveraces.com\/index.php?rest_route=\/wp\/v2\/users\/1"}],"replies":[{"embeddable":true,"href":"https:\/\/noticiasveraces.com\/index.php?rest_route=%2Fwp%2Fv2%2Fcomments&post=48178"}],"version-history":[{"count":0,"href":"https:\/\/noticiasveraces.com\/index.php?rest_route=\/wp\/v2\/posts\/48178\/revisions"}],"wp:featuredmedia":[{"embeddable":true,"href":"https:\/\/noticiasveraces.com\/index.php?rest_route=\/wp\/v2\/media\/48179"}],"wp:attachment":[{"href":"https:\/\/noticiasveraces.com\/index.php?rest_route=%2Fwp%2Fv2%2Fmedia&parent=48178"}],"wp:term":[{"taxonomy":"category","embeddable":true,"href":"https:\/\/noticiasveraces.com\/index.php?rest_route=%2Fwp%2Fv2%2Fcategories&post=48178"},{"taxonomy":"post_tag","embeddable":true,"href":"https:\/\/noticiasveraces.com\/index.php?rest_route=%2Fwp%2Fv2%2Ftags&post=48178"}],"curies":[{"name":"wp","href":"https:\/\/api.w.org\/{rel}","templated":true}]}}