{"id":48158,"date":"2025-11-01T09:54:43","date_gmt":"2025-11-01T13:54:43","guid":{"rendered":"https:\/\/noticiasveraces.com\/?p=48158"},"modified":"2025-11-01T09:54:43","modified_gmt":"2025-11-01T13:54:43","slug":"baloncesto-femenino-sub-17-celebra-pero-va-por-mas","status":"publish","type":"post","link":"https:\/\/noticiasveraces.com\/?p=48158","title":{"rendered":"Baloncesto femenino sub- 17 celebra, pero va por m\u00e1s"},"content":{"rendered":"<p> \n<\/p>\n<div>\n<p>La selecci\u00f3n femenina de baloncesto sub-17 logr\u00f3 hace poco una de las actuaciones m\u00e1s memorables de la categor\u00eda, pues por tercera vez en la historia consigui\u00f3 subir al podio de un Campeonato Suramericano, esta vez con una medalla de plata tras caer en la final contra su similar de Argentina, en Asunci\u00f3n, Paraguay.<\/p>\n<p><strong><em>\u201cFue algo satisfactorio como grupo y un gran logro para el pa\u00eds, pero no nos conformamos. Quer\u00edamos llegar hasta el final y traer el oro, pero el resultado nos deja la reflexi\u00f3n sobre lo que tenemos que seguir mejorando. Sab\u00edamos que no iba a ser f\u00e1cil, cada partido lo resolvimos al final, pero eso fue producto tambi\u00e9n de la fortaleza y la preparaci\u00f3n que tuvimos\u201d<\/em><\/strong>explic\u00f3 la coach Luz Vargas.<\/p>\n<p>Recordemos que Venezuela super\u00f3 la primera ronda del evento de manera invicta al derrotar a Chile, Colombia y Paraguay, grupo que en teor\u00eda le result\u00f3 m\u00e1s accesible, aunque nunca subestim\u00f3 ning\u00fan rival, a sabiendas de que estas escuadras cumplieron tambi\u00e9n con una tremenda preparaci\u00f3n.<\/p>\n<p><strong><em>\u201cEl objetivo era pasar a la segunda fase y all\u00ed nos toc\u00f3 Brasil, vigente campe\u00f3n, que por d\u00e9cadas viene siendo potencia en el baloncesto masculino y femenino, por lo que entendimos que no iba a ser sencillo, pero tuvimos el enfoque metal para derrotarlo\u201d<\/em><\/strong>aplaudi\u00f3.<\/p>\n<p>Para la profesora Luz Vargas, con larga experiencia como asistente en selecciones femeninas del pa\u00eds de diferentes categor\u00edas y en el b\u00e1squet profesional nacional, aprovechar la velocidad de sus pupilas como respuesta a la estutura del Gigante Suramericano fue vital en las aspiraciones, que fueron respaldadas adem\u00e1s por un extraordinario trabajo defensivo.<\/p>\n<p><strong>Lee tambi\u00e9n: Michael Carrera vuelve a ser MVP en M\u00e9xico<\/strong><\/p>\n<p><em><strong>\u201cLas estad\u00edsticas dicen que dominamos los rebotes y eso lo hablamos previamente, que no deb\u00edamos permitirles segundas oportunidades cuando fallaran. Estas ni\u00f1as lucharon con el coraz\u00f3n cada posesi\u00f3n y quedaron con las ganas de seguir, por que ellas saben a qui\u00e9nes se van a enfrentar luego\u201d<\/strong><\/em>apunt\u00f3 la DT.<\/p>\n<p>Vargas es firme al creer que lo mejor es lo que sucede y es que ese rev\u00e9s en el duelo por el primer lugar, contra la albiceleste, le permite indentificar con claridad las debilidades del plantel, que sin duda deben corregir de cara al futuro. \u201cSeguro nos va a tocar EE.UU o Canad\u00e1 y tenemos que prepararnos para competir al m\u00e1s alto nivel\u201d.<\/p>\n<h2 class=\"wp-block-heading\">La gran figura<\/h2>\n<p>Astrid Inojosa se convirti\u00f3 en la l\u00edder del combinado patrio y asumiendo dicha labor intent\u00f3 transmitir tranquilidad al grupo en los momentos de apremio, que fueron muchos los sorteados exitosamente. <strong><em>\u201cLes ped\u00ed que deb\u00edamos estar unidas, que nunca bajaramos la cabeza, que mantuvi\u00e9ramos la intensidad y eso lo entendieron\u201d<\/em><\/strong>.<\/p>\n<p>La l\u00edder anotadora del torneo sub-17 con 17 puntos por juego y adem\u00e1s integrante del Quinteto Ideal, celebra que en lo personal se pudo sacar la espina de la derrota sufrida justamente ante las brasile\u00f1as en la edici\u00f3n del 2023 en Bucaramanga, Colombia, donde nuestro pa\u00eds no pudo avanzar a la AmeriCup sub-18, que ahora s\u00ed disputar\u00e1 el a\u00f1o que viene.<\/p>\n<\/div>\n\n","protected":false},"excerpt":{"rendered":"<p>La selecci\u00f3n femenina de baloncesto sub-17 logr\u00f3 hace poco una de las actuaciones m\u00e1s memorables de la categor\u00eda, pues por tercera vez en la historia consigui\u00f3 subir al podio de un Campeonato Suramericano, esta vez con una medalla de plata tras caer en la final contra su similar de Argentina, en Asunci\u00f3n, Paraguay. \u201cFue algo &hellip;<\/p>\n","protected":false},"author":1,"featured_media":48159,"comment_status":"open","ping_status":"open","sticky":false,"template":"","format":"standard","meta":{"fifu_image_url":"https:\/\/ultimasnoticias.com.ve\/wp-content\/uploads\/2025\/10\/Luz-Marina-Vargas-y-Astrid-Inojosa.jpg","fifu_image_alt":"","footnotes":""},"categories":[13],"tags":[],"class_list":["post-48158","post","type-post","status-publish","format-standard","has-post-thumbnail","","category-mundo"],"_links":{"self":[{"href":"https:\/\/noticiasveraces.com\/index.php?rest_route=\/wp\/v2\/posts\/48158","targetHints":{"allow":["GET"]}}],"collection":[{"href":"https:\/\/noticiasveraces.com\/index.php?rest_route=\/wp\/v2\/posts"}],"about":[{"href":"https:\/\/noticiasveraces.com\/index.php?rest_route=\/wp\/v2\/types\/post"}],"author":[{"embeddable":true,"href":"https:\/\/noticiasveraces.com\/index.php?rest_route=\/wp\/v2\/users\/1"}],"replies":[{"embeddable":true,"href":"https:\/\/noticiasveraces.com\/index.php?rest_route=%2Fwp%2Fv2%2Fcomments&post=48158"}],"version-history":[{"count":0,"href":"https:\/\/noticiasveraces.com\/index.php?rest_route=\/wp\/v2\/posts\/48158\/revisions"}],"wp:featuredmedia":[{"embeddable":true,"href":"https:\/\/noticiasveraces.com\/index.php?rest_route=\/wp\/v2\/media\/48159"}],"wp:attachment":[{"href":"https:\/\/noticiasveraces.com\/index.php?rest_route=%2Fwp%2Fv2%2Fmedia&parent=48158"}],"wp:term":[{"taxonomy":"category","embeddable":true,"href":"https:\/\/noticiasveraces.com\/index.php?rest_route=%2Fwp%2Fv2%2Fcategories&post=48158"},{"taxonomy":"post_tag","embeddable":true,"href":"https:\/\/noticiasveraces.com\/index.php?rest_route=%2Fwp%2Fv2%2Ftags&post=48158"}],"curies":[{"name":"wp","href":"https:\/\/api.w.org\/{rel}","templated":true}]}}