{"id":48154,"date":"2025-11-01T07:19:20","date_gmt":"2025-11-01T11:19:20","guid":{"rendered":"https:\/\/noticiasveraces.com\/?p=48154"},"modified":"2025-11-01T07:19:20","modified_gmt":"2025-11-01T11:19:20","slug":"jorge-rodriguez-tras-encuentro-parlamentario-del-gran-caribe-es-una-batalla-por-la-verdad-correo-del-orinoco","status":"publish","type":"post","link":"https:\/\/noticiasveraces.com\/?p=48154","title":{"rendered":"Jorge Rodr\u00edguez tras Encuentro Parlamentario del Gran Caribe: \u00abEs una batalla por la verdad\u00bb &#8211; Correo del Orinoco"},"content":{"rendered":"<p> \n<\/p>\n<div>\n<p>Durante el Encuentro Parlamentario del Gran Caribe, convocado por el presidente Nicol\u00e1s Maduro y celebrado en el Palacio de Miraflores, representantes legislativos de 14 pa\u00edses se reunieron para debatir estrategias de integraci\u00f3n y cooperaci\u00f3n regional.<\/p>\n<p>El presidente de la Asamblea Nacional, Jorge Rodr\u00edguez, subray\u00f3 la urgencia de establecer canales de comunicaci\u00f3n m\u00e1s eficaces y profundos entre los parlamentos del Caribe, ante lo que calific\u00f3 como una creciente campa\u00f1a de desinformaci\u00f3n impulsada por actores externos.<\/p>\n<p>\u00abNos enfrentamos a adversarios que manejan sofisticadas redes de informaci\u00f3n, comunicaci\u00f3n y manipulaci\u00f3n\u00bb, advirti\u00f3 Rodr\u00edguez, al destacar la necesidad de contrarrestar estos desaf\u00edos con mecanismos de di\u00e1logo directo entre los pueblos caribe\u00f1os.<\/p>\n<p>El encuentro culmin\u00f3 con la aprobaci\u00f3n de una declaraci\u00f3n conjunta por la paz, que ser\u00e1 publicada pr\u00f3ximamente. En ella se incluyen propuestas para ampliar la cooperaci\u00f3n m\u00e1s all\u00e1 de los marcos tradicionales como la Celac y el Parlatino, y se plantea la creaci\u00f3n de nuevas instancias de intercambio legislativo.<\/p>\n<p>Rodr\u00edguez tambi\u00e9n resalt\u00f3 que, a pesar de los conflictos que afectan a otras regiones del mundo, el Caribe ha mantenido una vocaci\u00f3n pac\u00edfica gracias a gobiernos comprometidos con la autodeterminaci\u00f3n y la justicia social.<\/p>\n<p>Los parlamentarios expresaron su rechazo a la presencia de fuerzas militares extranjeras en el Caribe, calific\u00e1ndola como una amenaza desproporcionada que contradice el esp\u00edritu de paz de la regi\u00f3n. En respuesta, propusieron establecer un ciclo continuo de encuentros entre gobiernos, pueblos y parlamentos para fortalecer la soberan\u00eda territorial y reafirmar el derecho de los pa\u00edses caribe\u00f1os a decidir su propio destino.<\/p>\n<p>\u00abEste debe ser el punto de partida para una nueva etapa de integraci\u00f3n regional, donde la libertad, la autodeterminaci\u00f3n y la defensa de nuestros territorios sean pilares fundamentales\u00bb, concluy\u00f3 Rodr\u00edguez.<\/p>\n<h6>T\/CO<\/h6>\n<\/p><\/div>\n\n","protected":false},"excerpt":{"rendered":"<p>Durante el Encuentro Parlamentario del Gran Caribe, convocado por el presidente Nicol\u00e1s Maduro y celebrado en el Palacio de Miraflores, representantes legislativos de 14 pa\u00edses se reunieron para debatir estrategias de integraci\u00f3n y cooperaci\u00f3n regional. El presidente de la Asamblea Nacional, Jorge Rodr\u00edguez, subray\u00f3 la urgencia de establecer canales de comunicaci\u00f3n m\u00e1s eficaces y profundos &hellip;<\/p>\n","protected":false},"author":1,"featured_media":48155,"comment_status":"open","ping_status":"open","sticky":false,"template":"","format":"standard","meta":{"fifu_image_url":"http:\/\/190.202.124.19\/wp-content\/uploads\/2025\/10\/cortesia-jorge-rodriguez-presidente-de-la-an-50747.jpg","fifu_image_alt":"","footnotes":""},"categories":[4],"tags":[],"class_list":["post-48154","post","type-post","status-publish","format-standard","has-post-thumbnail","","category-historias-destacadas"],"_links":{"self":[{"href":"https:\/\/noticiasveraces.com\/index.php?rest_route=\/wp\/v2\/posts\/48154","targetHints":{"allow":["GET"]}}],"collection":[{"href":"https:\/\/noticiasveraces.com\/index.php?rest_route=\/wp\/v2\/posts"}],"about":[{"href":"https:\/\/noticiasveraces.com\/index.php?rest_route=\/wp\/v2\/types\/post"}],"author":[{"embeddable":true,"href":"https:\/\/noticiasveraces.com\/index.php?rest_route=\/wp\/v2\/users\/1"}],"replies":[{"embeddable":true,"href":"https:\/\/noticiasveraces.com\/index.php?rest_route=%2Fwp%2Fv2%2Fcomments&post=48154"}],"version-history":[{"count":0,"href":"https:\/\/noticiasveraces.com\/index.php?rest_route=\/wp\/v2\/posts\/48154\/revisions"}],"wp:featuredmedia":[{"embeddable":true,"href":"https:\/\/noticiasveraces.com\/index.php?rest_route=\/wp\/v2\/media\/48155"}],"wp:attachment":[{"href":"https:\/\/noticiasveraces.com\/index.php?rest_route=%2Fwp%2Fv2%2Fmedia&parent=48154"}],"wp:term":[{"taxonomy":"category","embeddable":true,"href":"https:\/\/noticiasveraces.com\/index.php?rest_route=%2Fwp%2Fv2%2Fcategories&post=48154"},{"taxonomy":"post_tag","embeddable":true,"href":"https:\/\/noticiasveraces.com\/index.php?rest_route=%2Fwp%2Fv2%2Ftags&post=48154"}],"curies":[{"name":"wp","href":"https:\/\/api.w.org\/{rel}","templated":true}]}}