{"id":48151,"date":"2025-11-01T07:08:17","date_gmt":"2025-11-01T11:08:17","guid":{"rendered":"https:\/\/noticiasveraces.com\/?p=48151"},"modified":"2025-11-01T07:08:17","modified_gmt":"2025-11-01T11:08:17","slug":"penelope-la-creadora-de-contenido-que-murio-en-operativos-policiales-en-rio-de-janeiro","status":"publish","type":"post","link":"https:\/\/noticiasveraces.com\/?p=48151","title":{"rendered":"Pen\u00e9lope, la creadora de contenido que muri\u00f3 en operativos policiales en R\u00edo de Janeiro"},"content":{"rendered":"<p> \n<\/p>\n<div id=\"\">\n<div class=\"image-featured\">\n<img src=\"data:image\/png;base64,iVBORw0KGgoAAAANSUhEUgAABLAAAAIXAQAAAACkk5oOAAAAAnRSTlMAAHaTzTgAAABlSURBVHja7cGBAAAAAMOg+VPf4ARVAQAAAAAAAAAAAAAAAAAAAAAAAAAAAAAAAAAAAAAAAAAAAAAAAAAAAAAAAAAAAAAAAAAAAAAAAAAAAAAAAAAAAAAAAAAAAAAAAAAAAAAAcA07oAAB\/XF8eQAAAABJRU5ErkJggg==\" alt=\"Pen\u00e9lope\" data-src=\"https:\/\/elnacional-uploads.nyc3.digitaloceanspaces.com\/wp-content\/uploads\/2025\/10\/31183244\/Penelope.avif\" decoding=\"async\" class=\"lazyload\" data-eio-rwidth=\"1200\" data-eio-rheight=\"535\"\/><img decoding=\"async\" src=\"https:\/\/elnacional-uploads.nyc3.digitaloceanspaces.com\/wp-content\/uploads\/2025\/10\/31183244\/Penelope.avif\" alt=\"Pen\u00e9lope\" data-eio=\"l\"\/><figcaption>La influencer se enfrent\u00f3 a las fuerzas de seguridad de R\u00edo de Janeiro. Foto: Cortes\u00eda TN Internacional<\/figcaption><\/div>\n<p>En Brasil y en el mundo a\u00fan hay sorpresa por el megaoperativo en contra del narcotr\u00e1fico en las <strong>favelas de r\u00edo de janeiro <\/strong>que dej\u00f3 121 personas muertas el pasado martes 28 de octubre. Entre los abatidos est\u00e1<strong> Pen\u00e9lope, &#8216;La musa del crimen&#8217;<\/strong>una joven influencer que habr\u00eda pertenecido al <strong>Comando rojo<\/strong>la organizaci\u00f3n criminal m\u00e1s grande de esa ciudad.<\/p>\n<figure class=\"wp-block-image size-full\"><img loading=\"lazy\" decoding=\"async\" width=\"600\" height=\"455\" src=\"data:image\/png;base64,iVBORw0KGgoAAAANSUhEUgAAAlgAAAHHAQAAAABLxRt6AAAAAnRSTlMAAHaTzTgAAAA4SURBVHja7cExAQAAAMKg9U\/tYQ2gAAAAAAAAAAAAAAAAAAAAAAAAAAAAAAAAAAAAAAAAAAAA4AaHFAABoEiUGgAAAABJRU5ErkJggg==\" alt=\"Pen\u00e9lope era un s\u00edmbolo del Comando Rojo. Foto: Cortes\u00eda TN Internacional\" class=\"wp-image-2825574 lazyload\" data-src=\"https:\/\/elnacional-uploads.nyc3.digitaloceanspaces.com\/wp-content\/uploads\/2025\/10\/31182829\/Penelope.webp\" data-eio-rwidth=\"600\" data-eio-rheight=\"455\"\/><img loading=\"lazy\" decoding=\"async\" width=\"600\" height=\"455\" src=\"https:\/\/elnacional-uploads.nyc3.digitaloceanspaces.com\/wp-content\/uploads\/2025\/10\/31182829\/Penelope.webp\" alt=\"Pen\u00e9lope era un s\u00edmbolo del Comando Rojo. Foto: Cortes\u00eda TN Internacional\" class=\"wp-image-2825574\" data-eio=\"l\"\/><figcaption class=\"wp-element-caption\">Pen\u00e9lope era un s\u00edmbolo del Comando Rojo. Foto: Cortes\u00eda TN Internacional<\/figcaption><\/figure>\n<p>Seg\u00fan medios locales, la influenciadora ten\u00eda 25 a\u00f1os y era una de las integrantes principales de la poderosa banda delincuencial que se enfrent\u00f3 a las autoridades en los sectores de Alem\u00e3o y Penha.<\/p>\n<p>Pen\u00e9lope se habr\u00eda resistido a ser arrestada y se enfrent\u00f3 a las fuerzas de seguridad de R\u00edo, que la abatieron.<\/p>\n<p>El cuerpo de la influencer fue hallado cerca de uno de los accesos a la comunidad de Penha. Seg\u00fan los reportes de la Polic\u00eda, vest\u00eda un uniforme camuflado, chaleco antibalas y botas t\u00e1cticas.<\/p>\n<h2 class=\"wp-block-heading\" id=\"h-quien-era-penelope-la-musa-del-crimen\">\u00bfQui\u00e9n era Pen\u00e9lope, &#8216;La musa del crimen&#8217;?<\/h2>\n<p>Medios de R\u00edo de Janeiro afirmaron que Pen\u00e9lope naci\u00f3 en una favela del norte de esa ciudad. Seg\u00fan el Ministerio P\u00fablico de R\u00edo de Janeiro, la joven hac\u00eda parte de la l\u00ednea de <strong>defensa del grupo, proteg\u00eda rutas de escape y puntos de venta de drogas.<\/strong><\/p>\n<p>Adem\u00e1s, debido a su f\u00edsico, se hab\u00eda convertido en un s\u00edmbolo de la cultura de &#8216;glamour&#8217; y violencia de la organizaci\u00f3n criminal. Sin embargo, se posicion\u00f3 como una figura reconocida tanto dentro como fuera de las favelas.<\/p>\n<figure class=\"wp-block-image size-full\"><img loading=\"lazy\" decoding=\"async\" width=\"600\" height=\"700\" src=\"data:image\/png;base64,iVBORw0KGgoAAAANSUhEUgAAAlgAAAK8AQAAAAAbyPzlAAAAAnRSTlMAAHaTzTgAAABKSURBVHja7cExAQAAAMKg9U9tBn+gAAAAAAAAAAAAAAAAAAAAAAAAAAAAAAAAAAAAAAAAAAAAAAAAAAAAAAAAAAAAAAAAAAAA4DfP0AAB5fKndwAAAABJRU5ErkJggg==\" alt=\"La influencer ten\u00eda 25 a\u00f1os. Foto: Cortes\u00eda TN Internacional\" class=\"wp-image-2825576 lazyload\" data-src=\"https:\/\/elnacional-uploads.nyc3.digitaloceanspaces.com\/wp-content\/uploads\/2025\/10\/31182949\/influencer.webp\" data-eio-rwidth=\"600\" data-eio-rheight=\"700\"\/><img loading=\"lazy\" decoding=\"async\" width=\"600\" height=\"700\" src=\"https:\/\/elnacional-uploads.nyc3.digitaloceanspaces.com\/wp-content\/uploads\/2025\/10\/31182949\/influencer.webp\" alt=\"La influencer ten\u00eda 25 a\u00f1os. Foto: Cortes\u00eda TN Internacional\" class=\"wp-image-2825576\" data-eio=\"l\"\/><figcaption class=\"wp-element-caption\">La influencer ten\u00eda 25 a\u00f1os. Foto: Cortes\u00eda TN Internacional<\/figcaption><\/figure>\n<p>Pen\u00e9lope se dio a conocer en las redes sociales como &#8216;La musa del crimen&#8217;. En Instagram, <strong>donde ten\u00eda m\u00e1s de 50.000 seguidores<\/strong>publicaba fotograf\u00edas con armas de fuego de alto calibre, chalecos antibalas, joyas y fajos de billetes.<\/p>\n<p>En otras publicaciones en sus redes sociales, la joven aparec\u00eda posando frente a autos de lujo o mostrando altas sumas de dinero.<\/p>\n<p>Seg\u00fan Terra, la cuenta de Pen\u00e9lope fue eliminada despu\u00e9s de su muerte.<\/p>\n<h2 class=\"wp-block-heading\">La pol\u00e9mica tras el megaoperativo en las favelas<\/h2>\n<p>Las autoridades han afirmado que el megaoperativo fue un \u00e9xito. \u201cDebo recalcar que la operaci\u00f3n fue el <strong>mayor golpe que ha sufrido el Comando Vermelho en toda su historia,<\/strong> desde su fundaci\u00f3n\u201d, afirm\u00f3 el secretario de la Polic\u00eda Civil, Felipe Curi.<\/p>\n<figure class=\"wp-block-image size-full\"><img loading=\"lazy\" decoding=\"async\" width=\"600\" height=\"455\" src=\"data:image\/png;base64,iVBORw0KGgoAAAANSUhEUgAAAlgAAAHHAQAAAABLxRt6AAAAAnRSTlMAAHaTzTgAAAA4SURBVHja7cExAQAAAMKg9U\/tYQ2gAAAAAAAAAAAAAAAAAAAAAAAAAAAAAAAAAAAAAAAAAAAA4AaHFAABoEiUGgAAAABJRU5ErkJggg==\" alt=\"Cad\u00e1veres en el complejo Penha, en R\u00edo de Janeiro, detr\u00e1s del operativo contra Comando Vermelho. Foto: AFP\" class=\"wp-image-2825578 lazyload\" data-src=\"https:\/\/elnacional-uploads.nyc3.digitaloceanspaces.com\/wp-content\/uploads\/2025\/10\/31183117\/6902ab1ba3cc1.r_d.600-400.webp\" data-eio-rwidth=\"600\" data-eio-rheight=\"455\"\/><img loading=\"lazy\" decoding=\"async\" width=\"600\" height=\"455\" src=\"https:\/\/elnacional-uploads.nyc3.digitaloceanspaces.com\/wp-content\/uploads\/2025\/10\/31183117\/6902ab1ba3cc1.r_d.600-400.webp\" alt=\"Cad\u00e1veres en el complejo Penha, en R\u00edo de Janeiro, detr\u00e1s del operativo contra Comando Vermelho. Foto: AFP\" class=\"wp-image-2825578\" data-eio=\"l\"\/><figcaption class=\"wp-element-caption\">Cad\u00e1veres en el complejo Penha, en R\u00edo de Janeiro, detr\u00e1s del operativo contra Comando Vermelho. Foto: AFP<\/figcaption><\/figure>\n<p>No obstante, seg\u00fan el diario <em>O&#8217;Globo<\/em>\u00c9dgar Alves de Andrade, alias &#8216;Doca&#8217;, responsable de la expansi\u00f3n del Comando Vermelho, no fue capturado.<\/p>\n<p><em>O&#8217;Globo<\/em> se\u00f1al\u00f3 que, seg\u00fan un estudio publicado en 2024 por el Instituto Fogo Cruzado y el Grupo para el Estudio de las Nuevas Ilegalidades (Geni-UFF), desde el 2008 el territorio de la regi\u00f3n metropolitana de R\u00edo de Janeiro <strong>dominado por grupos armados se ha duplicado con creces, alcanzando el 18,2 %.<\/strong><\/p>\n<\/div>\n\n","protected":false},"excerpt":{"rendered":"<p>La influencer se enfrent\u00f3 a las fuerzas de seguridad de R\u00edo de Janeiro. Foto: Cortes\u00eda TN Internacional En Brasil y en el mundo a\u00fan hay sorpresa por el megaoperativo en contra del narcotr\u00e1fico en las favelas de r\u00edo de janeiro que dej\u00f3 121 personas muertas el pasado martes 28 de octubre. Entre los abatidos est\u00e1 &hellip;<\/p>\n","protected":false},"author":1,"featured_media":48153,"comment_status":"open","ping_status":"open","sticky":false,"template":"","format":"standard","meta":{"fifu_image_url":"https:\/\/elnacional-uploads.nyc3.digitaloceanspaces.com\/wp-content\/uploads\/2025\/05\/12084433\/elnacional-site-image-1200x675-1-1.png","fifu_image_alt":"","footnotes":""},"categories":[13],"tags":[],"class_list":["post-48151","post","type-post","status-publish","format-standard","has-post-thumbnail","","category-mundo"],"_links":{"self":[{"href":"https:\/\/noticiasveraces.com\/index.php?rest_route=\/wp\/v2\/posts\/48151","targetHints":{"allow":["GET"]}}],"collection":[{"href":"https:\/\/noticiasveraces.com\/index.php?rest_route=\/wp\/v2\/posts"}],"about":[{"href":"https:\/\/noticiasveraces.com\/index.php?rest_route=\/wp\/v2\/types\/post"}],"author":[{"embeddable":true,"href":"https:\/\/noticiasveraces.com\/index.php?rest_route=\/wp\/v2\/users\/1"}],"replies":[{"embeddable":true,"href":"https:\/\/noticiasveraces.com\/index.php?rest_route=%2Fwp%2Fv2%2Fcomments&post=48151"}],"version-history":[{"count":0,"href":"https:\/\/noticiasveraces.com\/index.php?rest_route=\/wp\/v2\/posts\/48151\/revisions"}],"wp:featuredmedia":[{"embeddable":true,"href":"https:\/\/noticiasveraces.com\/index.php?rest_route=\/wp\/v2\/media\/48153"}],"wp:attachment":[{"href":"https:\/\/noticiasveraces.com\/index.php?rest_route=%2Fwp%2Fv2%2Fmedia&parent=48151"}],"wp:term":[{"taxonomy":"category","embeddable":true,"href":"https:\/\/noticiasveraces.com\/index.php?rest_route=%2Fwp%2Fv2%2Fcategories&post=48151"},{"taxonomy":"post_tag","embeddable":true,"href":"https:\/\/noticiasveraces.com\/index.php?rest_route=%2Fwp%2Fv2%2Ftags&post=48151"}],"curies":[{"name":"wp","href":"https:\/\/api.w.org\/{rel}","templated":true}]}}