{"id":48119,"date":"2025-11-01T01:47:04","date_gmt":"2025-11-01T05:47:04","guid":{"rendered":"https:\/\/noticiasveraces.com\/?p=48119"},"modified":"2025-11-01T01:47:04","modified_gmt":"2025-11-01T05:47:04","slug":"detienen-en-ecuador-a-un-cabecilla-de-los-tiguerones-por-el-asesinato-de-un-periodista-albertonews","status":"publish","type":"post","link":"https:\/\/noticiasveraces.com\/?p=48119","title":{"rendered":"Detienen en Ecuador a un cabecilla de Los Tiguerones por el asesinato de un periodista &#8211; AlbertoNews"},"content":{"rendered":"<p> \n<\/p>\n<div>\n<p>La Polic\u00eda de Ecuador detuvo este viernes a Jhipson Perea, alias Mart\u00edn, considerado como cabecilla del grupo criminal Los Tiguerones, y quien estar\u00eda presuntamente implicado en el asesinato del periodista Patricio Aguilar, quien fue atacado a tiros en marzo de este a\u00f1o en la provincia de Esmeraldas, fronteriza con Colombia.<\/p>\n<p>El hombre es considerado por la Polic\u00eda como un \u2018Individuo de Inter\u00e9s Penal Relevante\u2019, por ser una supuesta figura clave en la organizaci\u00f3n delictiva, y habr\u00eda sido el presunto autor material del asesinato de Aguilar.<\/p>\n<p>Patricio Aguilar era un periodista experimentado, con m\u00e1s de treinta a\u00f1os de trayectoria, y el pasado 4 de marzo fue atacado a tiros por individuos en los exteriores de una vivienda ubicada en el barrio de Fundo Lim\u00f3n, en el municipio de Quinind\u00e9, en Esmeraldas. Los hombres huyeron tras el crimen.<\/p>\n<p>De acuerdo a informaci\u00f3n de Reporteros Sin Fronteras, que conden\u00f3 en ese entonces el asesinato, se encontraron al menos veintisiete casquillos de bala en la escena del crimen.<\/p>\n<p>Perea fue vinculado en agosto a otros dos asesinatos ocurridos en el sur de Esmeraldas, lo que le permiti\u00f3 a los agentes profundizar en las investigaciones que determinaron que el hombre tambi\u00e9n habr\u00eda sido responsable del crimen del periodista.<\/p>\n<p>Aguilar fue el primer periodista asesinado en 2025 en Ecuador y despu\u00e9s de \u00e9l se han registrado dos cr\u00edmenes m\u00e1s: el de Xavier Ramos, en Guayaquil, en agosto; y el de Fernando \u00c1lvarez, en el municipio de Salitre, el pasado martes.<\/p>\n<p>Ecuador vive desde 2024 bajo un \u00abconflicto armado interno\u00bb declarado por el presidente, Daniel Noboa, para enfrentar a las bandas criminales, como Los Tiguerones, especialmente dedicadas al narcotr\u00e1fico, y que han sido denominadas como \u00abterroristas\u00bb.<\/p>\n<p>El Gobierno atribuye a estos grupos criminales la escalada de violencia que vive el pa\u00eds andino en los \u00faltimos a\u00f1os, que lo ha ubicado a la cabeza del \u00edndice de homicidios en Latinoam\u00e9rica.<\/p>\n<p>Esta situaci\u00f3n se ha agudizado en 2025, ya que en el primer semestre de este a\u00f1o el pa\u00eds registr\u00f3 4.619 homicidios, un 47 % m\u00e1s que en el mismo per\u00edodo de 2024, cuando se contabilizaron 3.143 asesinatos.<\/p>\n<p><strong>Si quieres recibir en tu celular esta y otras informaciones descarga Telegram, ingresa al link <\/strong><strong>https:\/\/t.me\/albertorodnews<\/strong><strong> y dale click a +Unirme.  <\/strong><\/p>\n<p><strong>Alberto Noticias<\/strong><\/p>\n<\/p><\/div>\n\n","protected":false},"excerpt":{"rendered":"<p>La Polic\u00eda de Ecuador detuvo este viernes a Jhipson Perea, alias Mart\u00edn, considerado como cabecilla del grupo criminal Los Tiguerones, y quien estar\u00eda presuntamente implicado en el asesinato del periodista Patricio Aguilar, quien fue atacado a tiros en marzo de este a\u00f1o en la provincia de Esmeraldas, fronteriza con Colombia. El hombre es considerado por &hellip;<\/p>\n","protected":false},"author":1,"featured_media":48120,"comment_status":"open","ping_status":"open","sticky":false,"template":"","format":"standard","meta":{"fifu_image_url":"https:\/\/bitlyanews.com\/wp-content\/uploads\/2022\/05\/Esposas-arresto-detenido.jpg","fifu_image_alt":"","footnotes":""},"categories":[13],"tags":[],"class_list":["post-48119","post","type-post","status-publish","format-standard","has-post-thumbnail","","category-mundo"],"_links":{"self":[{"href":"https:\/\/noticiasveraces.com\/index.php?rest_route=\/wp\/v2\/posts\/48119","targetHints":{"allow":["GET"]}}],"collection":[{"href":"https:\/\/noticiasveraces.com\/index.php?rest_route=\/wp\/v2\/posts"}],"about":[{"href":"https:\/\/noticiasveraces.com\/index.php?rest_route=\/wp\/v2\/types\/post"}],"author":[{"embeddable":true,"href":"https:\/\/noticiasveraces.com\/index.php?rest_route=\/wp\/v2\/users\/1"}],"replies":[{"embeddable":true,"href":"https:\/\/noticiasveraces.com\/index.php?rest_route=%2Fwp%2Fv2%2Fcomments&post=48119"}],"version-history":[{"count":0,"href":"https:\/\/noticiasveraces.com\/index.php?rest_route=\/wp\/v2\/posts\/48119\/revisions"}],"wp:featuredmedia":[{"embeddable":true,"href":"https:\/\/noticiasveraces.com\/index.php?rest_route=\/wp\/v2\/media\/48120"}],"wp:attachment":[{"href":"https:\/\/noticiasveraces.com\/index.php?rest_route=%2Fwp%2Fv2%2Fmedia&parent=48119"}],"wp:term":[{"taxonomy":"category","embeddable":true,"href":"https:\/\/noticiasveraces.com\/index.php?rest_route=%2Fwp%2Fv2%2Fcategories&post=48119"},{"taxonomy":"post_tag","embeddable":true,"href":"https:\/\/noticiasveraces.com\/index.php?rest_route=%2Fwp%2Fv2%2Ftags&post=48119"}],"curies":[{"name":"wp","href":"https:\/\/api.w.org\/{rel}","templated":true}]}}