{"id":48116,"date":"2025-11-01T00:46:01","date_gmt":"2025-11-01T04:46:01","guid":{"rendered":"https:\/\/noticiasveraces.com\/?p=48116"},"modified":"2025-11-01T00:46:01","modified_gmt":"2025-11-01T04:46:01","slug":"maria-corina-machado-pidio-a-los-venezolanos-estar-listos-para-un-momento-decisivo","status":"publish","type":"post","link":"https:\/\/noticiasveraces.com\/?p=48116","title":{"rendered":"Mar\u00eda Corina Machado pidi\u00f3 a los venezolanos \u00abestar listos\u00bb para un momento decisivo"},"content":{"rendered":"<p> \n<\/p>\n<div>\n<p> <span rel=\"author\" class=\"fn\">con una esp\u00e1tula<\/span><\/p>\n<p> <time class=\"entry-date published updated\" datetime=\"2025-10-31T22:21:49-04:00\">octubre 31 2025, 10:21 pm<\/time> <span class=\"spot-im-replies-count\" data-post-id=\"5823935\"\/><\/p>\n<figure id=\"attachment_5809073\" aria-describedby=\"caption-attachment-5809073\" style=\"width: 1280px\" class=\"wp-caption alignnone\"><img fetchpriority=\"high\" decoding=\"async\" onerror=\"this.onerror=null;this.src=\" https:=\"\" class=\"size-full wp-image-5809073\" src=\"https:\/\/sandia.datanubex.uk\/wp-content\/uploads\/2025\/10\/maria-corina-machado-venezuela-2.jpg\" alt=\"\" width=\"1280\" height=\"854\"\/><figcaption id=\"caption-attachment-5809073\" class=\"wp-caption-text\">Cortes\u00eda<\/figcaption><\/figure>\n<\/p>\n<p>La Premio Nobel de la Paz 2025, Mar\u00eda Corina Machado, hizo un llamado este viernes 31 de octubre a todos los venezolanos a \u00abestar listos\u00bb para un momento decisivo. Afirm\u00f3 que todos los factores \u00abse han alineado hacia la libertad y la transici\u00f3n\u00bb y pidi\u00f3 el m\u00e1ximo compromiso ciudadano.<\/p>\n<p><strong>lapatilla.com<\/strong><\/p>\n<p><!-- Begin Mailchimp Signup Form --><\/p>\n<div id=\"mc_embed_signup\">\n<p><label for=\"mce-EMAIL\">  \u00a1\u00danete al club ahora! Suscr\u00edbete al bolet\u00edn m\u00e1s importante de Venezuela <\/label><iframe data-test-id=\"beehiiv-embed\" height=\"52\" frameborder=\"0\" scrolling=\"no\" style=\"margin: 0; border-radius: 0px !important; &#10; background-color: transparent;\" data-src=\"https:\/\/embeds.beehiiv.com\/cdab9503-16ae-4689-ad4f-1408c727a83a?slim=true\" class=\"lazyload\"><\/iframe><\/p>\n<\/div>\n<p><!--End mc_embed_signup 2--><\/p>\n<p>\u00abYo estoy trabajando m\u00e1s que nunca en mi vida, porque tenemos que estar todos listos. A cada venezolano, dentro y fuera del pa\u00eds, le pido estar activo, informado, preparado y no dejarse desmoralizar\u00bb, expres\u00f3 la dirigente en una entrevista con los influencers venezolanos Kil\u00f3metro y Jes\u00fas Gonz\u00e1lez.<\/p>\n<p>Machado sostuvo que se ha llegado a este punto gracias a \u00abla firmeza, la templanza y la conciencia de la urgencia, pero tambi\u00e9n la serenidad y la paciencia estrat\u00e9gica\u00bb.<\/p>\n<p>La dirigente enfatiz\u00f3 que el pilar de la reconstrucci\u00f3n nacional debe ser la justicia, definida como un equilibrio que evite nuevos ciclos de violencia. \u00abTenemos que asegurar que en Venezuela haya justicia. Esa es la palabra: justicia\u00bb, afirm\u00f3.<\/p>\n<p>En este sentido, Machado advirti\u00f3 que \u00abni aceptamos revancha o venganza, ni aceptamos impunidad, porque los dos extremos traer\u00edan a Venezuela un dolor terrible\u00bb.<\/p>\n<p>Por ello, explic\u00f3 que esta justicia debe ser independiente del Poder Ejecutivo y aplicarse \u00abde acuerdo al comportamiento y la responsabilidad de cada uno de los involucrados\u00bb. Dijo que este principio de m\u00e9rito debe regir \u00abdesde el sistema judicial hasta las universidades y el servicio exterior\u00bb.<\/p>\n<p>Machado vincul\u00f3 la justicia con la igualdad de oportunidades. \u00abTenemos que asegurar que este pa\u00eds le d\u00e9 la misma oportunidad para surgir al ni\u00f1o que nace en San Francisco del Guayo, donde no hay ni luz, que al que nace en el centro de Caracas\u00bb, expres\u00f3.<\/p>\n<p>Finalmente, la l\u00edder de la oposici\u00f3n democr\u00e1tica asegur\u00f3 que el proceso culminar\u00e1 en la unidad. \u00abToda Venezuela nos encontraremos para celebrar, darle gracias a Dios, abrazarnos y trabajar como nunca antes (\u2026) para que esta tierra de gracia sea de nuevo un hogar para todos los que regresen y no se vuelvan a ir nunca jam\u00e1s\u00bb.<\/p>\n<p>  <!-- CONTENT END 2 --><\/div>\n\n","protected":false},"excerpt":{"rendered":"<p>con una esp\u00e1tula octubre 31 2025, 10:21 pm Cortes\u00eda La Premio Nobel de la Paz 2025, Mar\u00eda Corina Machado, hizo un llamado este viernes 31 de octubre a todos los venezolanos a \u00abestar listos\u00bb para un momento decisivo. Afirm\u00f3 que todos los factores \u00abse han alineado hacia la libertad y la transici\u00f3n\u00bb y pidi\u00f3 el &hellip;<\/p>\n","protected":false},"author":1,"featured_media":48118,"comment_status":"open","ping_status":"open","sticky":false,"template":"","format":"standard","meta":{"fifu_image_url":"https:\/\/sandia.datanubex.uk\/wp-content\/uploads\/2025\/10\/maria-corina-machado-venezuela-2.jpg","fifu_image_alt":"","footnotes":""},"categories":[13],"tags":[],"class_list":["post-48116","post","type-post","status-publish","format-standard","has-post-thumbnail","","category-mundo"],"_links":{"self":[{"href":"https:\/\/noticiasveraces.com\/index.php?rest_route=\/wp\/v2\/posts\/48116","targetHints":{"allow":["GET"]}}],"collection":[{"href":"https:\/\/noticiasveraces.com\/index.php?rest_route=\/wp\/v2\/posts"}],"about":[{"href":"https:\/\/noticiasveraces.com\/index.php?rest_route=\/wp\/v2\/types\/post"}],"author":[{"embeddable":true,"href":"https:\/\/noticiasveraces.com\/index.php?rest_route=\/wp\/v2\/users\/1"}],"replies":[{"embeddable":true,"href":"https:\/\/noticiasveraces.com\/index.php?rest_route=%2Fwp%2Fv2%2Fcomments&post=48116"}],"version-history":[{"count":0,"href":"https:\/\/noticiasveraces.com\/index.php?rest_route=\/wp\/v2\/posts\/48116\/revisions"}],"wp:featuredmedia":[{"embeddable":true,"href":"https:\/\/noticiasveraces.com\/index.php?rest_route=\/wp\/v2\/media\/48118"}],"wp:attachment":[{"href":"https:\/\/noticiasveraces.com\/index.php?rest_route=%2Fwp%2Fv2%2Fmedia&parent=48116"}],"wp:term":[{"taxonomy":"category","embeddable":true,"href":"https:\/\/noticiasveraces.com\/index.php?rest_route=%2Fwp%2Fv2%2Fcategories&post=48116"},{"taxonomy":"post_tag","embeddable":true,"href":"https:\/\/noticiasveraces.com\/index.php?rest_route=%2Fwp%2Fv2%2Ftags&post=48116"}],"curies":[{"name":"wp","href":"https:\/\/api.w.org\/{rel}","templated":true}]}}