{"id":48114,"date":"2025-10-31T23:50:02","date_gmt":"2025-11-01T03:50:02","guid":{"rendered":"https:\/\/noticiasveraces.com\/?p=48114"},"modified":"2025-10-31T23:50:02","modified_gmt":"2025-11-01T03:50:02","slug":"fundacion-jhonny-carneiro-realizara-un-canto-para-los-ninos-con-autismo-y-sindrome-de-down-correo-del-caroni","status":"publish","type":"post","link":"https:\/\/noticiasveraces.com\/?p=48114","title":{"rendered":"Fundaci\u00f3n Jhonny Carneiro realizar\u00e1 Un canto para los ni\u00f1os con autismo y S\u00edndrome de Down \u2013 Correo del Caron\u00ed"},"content":{"rendered":"<p> \n<\/p>\n<div data-id=\"494a3404\" data-element_type=\"widget\" id=\"texto\" data-widget_type=\"theme-post-content.default\">\n<div class=\"elementor-widget-container\">\n<p><strong>\u25a0 Jhonamir Guti\u00e9rrez<\/strong><\/p>\n<p>La Fundaci\u00f3n Jhonny Carneiro realizar\u00e1 este 1 de noviembre un evento ben\u00e9fico para cubrir las terapias del ni\u00f1o Matheo Carneiro, diagnosticado con autismo no verbal, y aportar as\u00ed un granito de arena al centro donde asiste.<\/p>\n<p>El evento, organizado por Jhonny Carneiro y su esposa Anna Karina Bruto, en colaboraci\u00f3n con amigos y empresarios, se realizar\u00e1 en el Bodeg\u00f3n DG, en la avenida Dalla Costa, Edif. Almary, en San F\u00e9lix.<\/p>\n<p>Jhonny Carneiro, padre de Matheo, se\u00f1al\u00f3 que esta no es solo una ayuda puntual, sino \u201cel comienzo de un proyecto que queremos que contin\u00fae para as\u00ed poder seguir ayudando a nuestros ni\u00f1os\u201d.<\/p>\n<p>Enfrentando los desaf\u00edos de la inclusi\u00f3n, la fundaci\u00f3n celebrar\u00e1 este s\u00e1bado un primer evento ben\u00e9fico crucial para iniciar su proyecto y apoyar las terapias de los ni\u00f1os.<\/p>\n<p class=\"has-medium-font-size\"><strong>Or\u00edgenes de una misi\u00f3n: Matheo y el enfoque en el desarrollo integral<\/strong><\/p>\n<p>La Fundaci\u00f3n Jhonny Carneiro nace de la experiencia personal de una familia ante el diagn\u00f3stico de autismo no verbal de su hijo Matheo. Con la misi\u00f3n de promover el desarrollo integral a trav\u00e9s del deporte y la cultura, la organizaci\u00f3n busca garantizar el acceso a la salud, tratamiento y educaci\u00f3n para ni\u00f1os con autismo y S\u00edndrome de Down.<\/p>\n<p>Esta realidad familiar llev\u00f3 a Jhonny y su esposa a enfocar sus esfuerzos en el autismo y el S\u00edndrome de Down, condiciones que a menudo enfrentan \u201cretos significativos, como la falta de acceso a terapias y apoyo\u201d en muchas comunidades.<\/p>\n<p>Carneiro expres\u00f3 que el proyecto surge con una clara vocaci\u00f3n: \u201cpromover la integraci\u00f3n social y el desarrollo integral de las personas a trav\u00e9s de la pr\u00e1ctica deportiva y las actividades culturales\u201d.<\/p>\n<p>El objetivo a largo plazo de la fundaci\u00f3n es ambicioso y esencial. Sus planes se centran en \u201cofrecer bien sea por medio de jornadas o un centro especializado, garantizar derechos a la salud, tratamiento y educaci\u00f3n a las diferentes familias con ni\u00f1os con estas condiciones\u201d.<\/p>\n<p>El enfoque de inclusi\u00f3n de la fundaci\u00f3n se basa en la integraci\u00f3n activa de ni\u00f1os con autismo y S\u00edndrome de Down en los \u00e1mbitos deportivo y cultural.<\/p>\n<p>Esto se lograr\u00eda mediante eventos que fomenten la participaci\u00f3n activa. Uso de estrategias de apoyo y refuerzo positivo. Priorizaci\u00f3n de la colaboraci\u00f3n entre la familia, la escuela y los especialistas para el desarrollo del ni\u00f1o.<\/p>\n<p class=\"has-medium-font-size\"><strong>Desaf\u00edos<\/strong><\/p>\n<p>Trabajar con ni\u00f1os con estas condiciones en contextos de inclusi\u00f3n presenta retos \u00fanicos. Uno de los mayores desaf\u00edos en el \u00e1mbito deportivo y cultural es la posible dificultad de los ni\u00f1os para \u201centender reglas no escritas o para comunicarse de manera efectiva con sus compa\u00f1eros\u201d, adem\u00e1s de manejar conflictos o emociones.<\/p>\n<p>No obstante, la mayor recompensa es \u201cver que ellos, teniendo sus dificultades, encuentran la manera de salir adelante\u201d.<\/p>\n<p>Como madre de un ni\u00f1o con autismo, la fundadora Anna Karina de Bruto de Carneiro envi\u00f3 un mensaje a otros padres que reciben un diagn\u00f3stico similar: \u201cLes entiendo su dolor\u2026 Pero a la vez que no se queden con el diagn\u00f3stico, que busquen ayuda que s\u00ed la hay, que busquen apoyo terap\u00e9utico y profesional. Que validen sus emociones, que reconozcan que es un momento de duelo y que es normal sentir tristeza o culpa\u201d.<\/p>\n<p>La fundadora recalca que el bienestar emocional de los padres es clave para el bienestar de los hijos, y finaliza con una frase de motivaci\u00f3n crucial: \u201cDiagn\u00f3stico no es pron\u00f3stico\u201d.<\/p>\n<p><strong><em>Pasante de la UCAB<\/em><\/strong><\/p>\n<\/p><\/div>\n<\/p><\/div>\n\n","protected":false},"excerpt":{"rendered":"<p>\u25a0 Jhonamir Guti\u00e9rrez La Fundaci\u00f3n Jhonny Carneiro realizar\u00e1 este 1 de noviembre un evento ben\u00e9fico para cubrir las terapias del ni\u00f1o Matheo Carneiro, diagnosticado con autismo no verbal, y aportar as\u00ed un granito de arena al centro donde asiste. El evento, organizado por Jhonny Carneiro y su esposa Anna Karina Bruto, en colaboraci\u00f3n con amigos &hellip;<\/p>\n","protected":false},"author":1,"featured_media":48115,"comment_status":"open","ping_status":"open","sticky":false,"template":"","format":"standard","meta":{"fifu_image_url":"https:\/\/correodelcaroni.com\/wp-content\/uploads\/2025\/10\/FUNDACION_Canto1_WEB.jpg","fifu_image_alt":"","footnotes":""},"categories":[4],"tags":[],"class_list":["post-48114","post","type-post","status-publish","format-standard","has-post-thumbnail","","category-historias-destacadas"],"_links":{"self":[{"href":"https:\/\/noticiasveraces.com\/index.php?rest_route=\/wp\/v2\/posts\/48114","targetHints":{"allow":["GET"]}}],"collection":[{"href":"https:\/\/noticiasveraces.com\/index.php?rest_route=\/wp\/v2\/posts"}],"about":[{"href":"https:\/\/noticiasveraces.com\/index.php?rest_route=\/wp\/v2\/types\/post"}],"author":[{"embeddable":true,"href":"https:\/\/noticiasveraces.com\/index.php?rest_route=\/wp\/v2\/users\/1"}],"replies":[{"embeddable":true,"href":"https:\/\/noticiasveraces.com\/index.php?rest_route=%2Fwp%2Fv2%2Fcomments&post=48114"}],"version-history":[{"count":0,"href":"https:\/\/noticiasveraces.com\/index.php?rest_route=\/wp\/v2\/posts\/48114\/revisions"}],"wp:featuredmedia":[{"embeddable":true,"href":"https:\/\/noticiasveraces.com\/index.php?rest_route=\/wp\/v2\/media\/48115"}],"wp:attachment":[{"href":"https:\/\/noticiasveraces.com\/index.php?rest_route=%2Fwp%2Fv2%2Fmedia&parent=48114"}],"wp:term":[{"taxonomy":"category","embeddable":true,"href":"https:\/\/noticiasveraces.com\/index.php?rest_route=%2Fwp%2Fv2%2Fcategories&post=48114"},{"taxonomy":"post_tag","embeddable":true,"href":"https:\/\/noticiasveraces.com\/index.php?rest_route=%2Fwp%2Fv2%2Ftags&post=48114"}],"curies":[{"name":"wp","href":"https:\/\/api.w.org\/{rel}","templated":true}]}}