{"id":48111,"date":"2025-10-31T23:46:42","date_gmt":"2025-11-01T03:46:42","guid":{"rendered":"https:\/\/noticiasveraces.com\/?p=48111"},"modified":"2025-10-31T23:46:42","modified_gmt":"2025-11-01T03:46:42","slug":"en-libertad-provisional-el-medico-acusado-de-agredir-sexualmente-a-dos-clientas-en-gran-canaria-sociedad","status":"publish","type":"post","link":"https:\/\/noticiasveraces.com\/?p=48111","title":{"rendered":"En libertad provisional el m\u00e9dico acusado de agredir sexualmente a dos clientas en Gran Canaria | Sociedad"},"content":{"rendered":"<p> \n<br \/><img decoding=\"async\" src=\"https:\/\/imagenes.elpais.com\/resizer\/v2\/U4MQDD4UPVC25J2EIZTIAP5IPI.jpeg?auth=0f2ef9d7caf337f1b1d8657261a5784365144bc2485055ae5536da606a40f82b\" \/><\/p>\n<div data-dtm-region=\"articulo_cuerpo\">\n<p class=\"\">La autoridad judicial de guardia en los Juzgados de Violencia sobre la Mujer en Las Palmas de Gran Canaria ha acordado este viernes la puesta en libertad provisional para el m\u00e9dico detenido por la Polic\u00eda Nacional el d\u00eda anterior en Telde como presunto autor de dos delitos de agresi\u00f3n sexual sobre dos clientas, seg\u00fan ha informado la Oficina de Comunicaci\u00f3n del Tribunal Superior de Justicia de Canarias (TSJC). <\/p>\n<p class=\"\">El juzgado ha adoptado esta decisi\u00f3n tras tomar declaraci\u00f3n al facultativo, y ha puntualizado que la medida se ha adoptado \u201csin perjuicio de una posterior calificaci\u00f3n conforme avance la investigaci\u00f3n\u201d. La libertad va acompa\u00f1ada de medidas cautelares como una orden de alejamiento de las dos mujeres a las que presuntamente agredi\u00f3 y la inhabilitaci\u00f3n para el ejercicio de la profesi\u00f3n.<\/p>\n<p class=\"\">El m\u00e9dico colegiado ejerc\u00eda en un centro privado en la ciudad de Telde (este de la isla). Los hechos denunciados tuvieron lugar entre octubre de 2024 y abril de 2025, cuando el detenido, aprovechando su condici\u00f3n de m\u00e9dico y bajo el pretexto de realizar valoraciones relacionadas con tratamientos para la p\u00e9rdida de peso, habr\u00eda llevado a cabo actos de car\u00e1cter sexual sobre ambas mujeres sin su consentimiento.<\/p>\n<p class=\"\">El contenido de las declaraciones recogidas por los investigadores permiti\u00f3 determinar que el facultativo actuaba con un claro abuso de su posici\u00f3n profesional, generando en las v\u00edctimas un estado de par\u00e1lisis y confusi\u00f3n ante la situaci\u00f3n, sin capacidad de reacci\u00f3n inmediata. <\/p>\n<p class=\"\">Las pesquisas policiales confirmaron adem\u00e1s que el arrestado ya hab\u00eda sido detenido y condenado en 2010 por hechos similares, habi\u00e9ndosele impuesto en su momento una orden de alejamiento que volvi\u00f3 a incumplir a\u00f1os m\u00e1s tarde, motivo por el cual fue nuevamente detenido en 2016. <\/p>\n<p class=\"\"><i>El tel\u00e9fono 016 atiende a las v\u00edctimas de violencia machista, a sus familias y a su entorno las 24 horas del d\u00eda, todos los d\u00edas del a\u00f1o, en 53 idiomas diferentes. El n\u00famero no queda registrado en la factura telef\u00f3nica, pero hay que borrar la llamada del dispositivo. Tambi\u00e9n se puede contactar a trav\u00e9s del correo electr\u00f3nico <\/i><i>016-online@igualdad.gob.es<\/i><i>y por WhatsApp en el n\u00famero 600 000 016. Los menores pueden dirigirse al tel\u00e9fono de la Fundaci\u00f3n ANAR 900 20 20 10. Si es una situaci\u00f3n de emergencia, se puede llamar al 112 o a los tel\u00e9fonos de la Polic\u00eda Nacional (091) y de la Guardia Civil (062). Y en caso de no poder llamar, se puede recurrir a la aplicaci\u00f3n ALERTCOPS, desde la que se env\u00eda una se\u00f1al de alerta a la Polic\u00eda con geolocalizaci\u00f3n.<\/i><\/p>\n<\/div>\n\n","protected":false},"excerpt":{"rendered":"<p>La autoridad judicial de guardia en los Juzgados de Violencia sobre la Mujer en Las Palmas de Gran Canaria ha acordado este viernes la puesta en libertad provisional para el m\u00e9dico detenido por la Polic\u00eda Nacional el d\u00eda anterior en Telde como presunto autor de dos delitos de agresi\u00f3n sexual sobre dos clientas, seg\u00fan ha &hellip;<\/p>\n","protected":false},"author":1,"featured_media":48113,"comment_status":"open","ping_status":"open","sticky":false,"template":"","format":"standard","meta":{"fifu_image_url":"https:\/\/imagenes.elpais.com\/resizer\/v2\/U4MQDD4UPVC25J2EIZTIAP5IPI.jpeg?auth=0f2ef9d7caf337f1b1d8657261a5784365144bc2485055ae5536da606a40f82b&width=1200","fifu_image_alt":"","footnotes":""},"categories":[11],"tags":[],"class_list":["post-48111","post","type-post","status-publish","format-standard","has-post-thumbnail","","category-viaje"],"_links":{"self":[{"href":"https:\/\/noticiasveraces.com\/index.php?rest_route=\/wp\/v2\/posts\/48111","targetHints":{"allow":["GET"]}}],"collection":[{"href":"https:\/\/noticiasveraces.com\/index.php?rest_route=\/wp\/v2\/posts"}],"about":[{"href":"https:\/\/noticiasveraces.com\/index.php?rest_route=\/wp\/v2\/types\/post"}],"author":[{"embeddable":true,"href":"https:\/\/noticiasveraces.com\/index.php?rest_route=\/wp\/v2\/users\/1"}],"replies":[{"embeddable":true,"href":"https:\/\/noticiasveraces.com\/index.php?rest_route=%2Fwp%2Fv2%2Fcomments&post=48111"}],"version-history":[{"count":0,"href":"https:\/\/noticiasveraces.com\/index.php?rest_route=\/wp\/v2\/posts\/48111\/revisions"}],"wp:featuredmedia":[{"embeddable":true,"href":"https:\/\/noticiasveraces.com\/index.php?rest_route=\/wp\/v2\/media\/48113"}],"wp:attachment":[{"href":"https:\/\/noticiasveraces.com\/index.php?rest_route=%2Fwp%2Fv2%2Fmedia&parent=48111"}],"wp:term":[{"taxonomy":"category","embeddable":true,"href":"https:\/\/noticiasveraces.com\/index.php?rest_route=%2Fwp%2Fv2%2Fcategories&post=48111"},{"taxonomy":"post_tag","embeddable":true,"href":"https:\/\/noticiasveraces.com\/index.php?rest_route=%2Fwp%2Fv2%2Ftags&post=48111"}],"curies":[{"name":"wp","href":"https:\/\/api.w.org\/{rel}","templated":true}]}}