{"id":48093,"date":"2025-10-31T21:57:19","date_gmt":"2025-11-01T01:57:19","guid":{"rendered":"https:\/\/noticiasveraces.com\/?p=48093"},"modified":"2025-10-31T21:57:19","modified_gmt":"2025-11-01T01:57:19","slug":"guillermo-del-toro-los-verdaderos-doctores-frankenstein-son-los-politicos-tiranos-y-los-tech-bros-de-silicon-valley","status":"publish","type":"post","link":"https:\/\/noticiasveraces.com\/?p=48093","title":{"rendered":"Guillermo del Toro: \u00abLos verdaderos doctores Frankenstein son los pol\u00edticos tiranos y los tech bros de Silicon Valley\u201d."},"content":{"rendered":"<p> \n<\/p>\n<div>\n<p>A Guillermo del Toro le encantan los retos. Nada de lo que hace este director de 61 a\u00f1os puede calificarse de \u00aba medias\u00bb, y cada una de sus pel\u00edculas se planifica, se guioniza y se escribe con una inmensa atenci\u00f3n al detalle.<\/p>\n<p>Esa disciplina es evidente en <em>frankenstein<\/em>su adaptaci\u00f3n de la novela de Mary Shelley de 1818. Es una pel\u00edcula que del Toro lleva a\u00f1os intentando hacer, y se nota. Los elaborados decorados y vestuarios, as\u00ed como algunos adornos de la historia de Shelley, solo pod\u00edan ser obra de alguien tan conectado como \u00e9l con su material original.<\/p>\n<p>Criado en una familia profundamente cat\u00f3lica de Guadalajara, M\u00e9xico, del Toro qued\u00f3 tan cautivado cuando vio la pel\u00edcula <em>frankenstein<\/em> de 1931 a los 7 a\u00f1os que opt\u00f3 por hacer de la criatura del Dr. Victor Frankenstein su \u00abmes\u00edas personal\u00bb, seg\u00fan declar\u00f3 a NPR. Desde entonces, ha hecho carrera transformando a los llamados \u00abmonstruos\u00bb en h\u00e9roes, como los <em>Kaiju<\/em> de <em>Cuenca del Pac\u00edfico<\/em> o el hombre-pez de <em>La forma del agua<\/em>que le vali\u00f3 el Oscar al mejor director y a la mejor pel\u00edcula.<\/p>\n<p><em>frankenstein<\/em>que actualmente se proyecta en cines selectos y llegar\u00e1 a Netflix el 7 de noviembre, representa la m\u00e1s reciente y probablemente la m\u00e1s extravagante de las odas de Guillermo del Toro a los monstruos malinterpretados. WIRED convers\u00f3 con el director sobre pol\u00edticos tir\u00e1nicos y el fat\u00eddico verano de 1816 durante el cual Shelley se inspir\u00f3 para escribir el libro que tanto atesora.<\/p>\n<p><em>Esta entrevista ha sido editada y condensada para mayor claridad.<\/em><\/p>\n<p><strong>ANGELA WATERCUTTER: Me gustar\u00eda empezar por el final. Cierras <em>frankenstein<\/em> con una cita de Lord Byron. \u00abEl coraz\u00f3n se romper\u00e1, pero roto seguir\u00e1 viviendo\u00bb. Est\u00e1s adaptando a Mary Shelley. \u00bfPor qu\u00e9 darle a Byron la \u00faltima palabra?<\/strong><\/p>\n<p><strong>GUILLERMO DEL TORO<\/strong>: Bueno, para m\u00ed, la pel\u00edcula es una amalgama de la biograf\u00eda de Mary Shelley, mi biograf\u00eda, el libro y lo que quiero hablar de los rom\u00e1nticos. Uno de los hilos que sent\u00ed que faltaba, pero que estaba muy presente, era la guerra. B\u00e1sicamente, el metr\u00f3nomo de sus vidas son en muchos sentidos las guerras napole\u00f3nicas, y esto forma parte del poema de Byron para Waterloo. No hay mejor manera de expresar de qu\u00e9 va la pel\u00edcula que esa cita. Proviene de una experiencia muy personal para m\u00ed. El hecho de que te romper\u00e1n el coraz\u00f3n, te pulverizar\u00e1n, y volver\u00e1 a salir el sol, y tendr\u00e1s que seguir viviendo.<\/p>\n<p><strong>Byron es tambi\u00e9n quien provoc\u00f3 a Shelley a escribir el libro. Estaba con ella, Percy Bysshe Shelley y el escritor John Polidori en el lago Lem\u00e1n cuando organizaron un concurso para escribir la mejor historia de terror. Ella escribi\u00f3 la que probablemente fue la mejor de todas.<\/strong><\/p>\n<p>Me gusta <em>El vampiro<\/em> de Polidori. Es realmente crudo y lleno del deseo y el odio que sent\u00eda por Byron. <em>[Risas]<\/em>.<\/p>\n<p><strong>Hace poco me encontr\u00e9 con una historia que nunca hab\u00eda o\u00eddo antes, que Shelley supuestamente conserv\u00f3 el coraz\u00f3n de Percy despu\u00e9s del accidente de navegaci\u00f3n que le cost\u00f3 la vida.<\/strong><\/p>\n<p>No, no es un supuesto. Es un hecho. La muerte y los funerales de Percy Shelley, que se han mitificado hasta convertirlos en una pieza casi hagiogr\u00e1fica, es que despu\u00e9s de morir parec\u00eda que estaba dormido. Realmente, cuando lo rescataron, se estaba pudriendo. Se estaba cayendo a pedazos. Tuvieron que contratar soldados y marineros para arrastrar los trozos de su cuerpo. No s\u00e9 si lo sabes, pero en una cremaci\u00f3n, una de las \u00faltimas cosas que se queman es el coraz\u00f3n, porque es un m\u00fasculo incre\u00edblemente fuerte.<\/p>\n<\/div>\n\n","protected":false},"excerpt":{"rendered":"<p>A Guillermo del Toro le encantan los retos. Nada de lo que hace este director de 61 a\u00f1os puede calificarse de \u00aba medias\u00bb, y cada una de sus pel\u00edculas se planifica, se guioniza y se escribe con una inmensa atenci\u00f3n al detalle. Esa disciplina es evidente en frankensteinsu adaptaci\u00f3n de la novela de Mary Shelley &hellip;<\/p>\n","protected":false},"author":1,"featured_media":48094,"comment_status":"open","ping_status":"open","sticky":false,"template":"","format":"standard","meta":{"fifu_image_url":"https:\/\/media.es.wired.com\/photos\/6904c99a22ef52330feb0808\/16:9\/w_1280,c_limit\/Guillermo-QandA-Culture-FR2J0383.jpg","fifu_image_alt":"","footnotes":""},"categories":[763],"tags":[],"class_list":["post-48093","post","type-post","status-publish","format-standard","has-post-thumbnail","","category-estilo-de-vida"],"_links":{"self":[{"href":"https:\/\/noticiasveraces.com\/index.php?rest_route=\/wp\/v2\/posts\/48093","targetHints":{"allow":["GET"]}}],"collection":[{"href":"https:\/\/noticiasveraces.com\/index.php?rest_route=\/wp\/v2\/posts"}],"about":[{"href":"https:\/\/noticiasveraces.com\/index.php?rest_route=\/wp\/v2\/types\/post"}],"author":[{"embeddable":true,"href":"https:\/\/noticiasveraces.com\/index.php?rest_route=\/wp\/v2\/users\/1"}],"replies":[{"embeddable":true,"href":"https:\/\/noticiasveraces.com\/index.php?rest_route=%2Fwp%2Fv2%2Fcomments&post=48093"}],"version-history":[{"count":0,"href":"https:\/\/noticiasveraces.com\/index.php?rest_route=\/wp\/v2\/posts\/48093\/revisions"}],"wp:featuredmedia":[{"embeddable":true,"href":"https:\/\/noticiasveraces.com\/index.php?rest_route=\/wp\/v2\/media\/48094"}],"wp:attachment":[{"href":"https:\/\/noticiasveraces.com\/index.php?rest_route=%2Fwp%2Fv2%2Fmedia&parent=48093"}],"wp:term":[{"taxonomy":"category","embeddable":true,"href":"https:\/\/noticiasveraces.com\/index.php?rest_route=%2Fwp%2Fv2%2Fcategories&post=48093"},{"taxonomy":"post_tag","embeddable":true,"href":"https:\/\/noticiasveraces.com\/index.php?rest_route=%2Fwp%2Fv2%2Ftags&post=48093"}],"curies":[{"name":"wp","href":"https:\/\/api.w.org\/{rel}","templated":true}]}}