{"id":48057,"date":"2025-10-31T14:00:02","date_gmt":"2025-10-31T18:00:02","guid":{"rendered":"https:\/\/noticiasveraces.com\/?p=48057"},"modified":"2025-10-31T14:00:02","modified_gmt":"2025-10-31T18:00:02","slug":"poner-a-las-personas-en-el-corazon-de-las-ciudades-clave-para-mejorar-la-vida-urbana","status":"publish","type":"post","link":"https:\/\/noticiasveraces.com\/?p=48057","title":{"rendered":"Poner a las personas en el coraz\u00f3n de las ciudades, clave para mejorar la vida urbana"},"content":{"rendered":"<p> \n<\/p>\n<div>\n<p>El coraz\u00f3n de la vida urbana moderna es cada vez m\u00e1s digital: desde sensores de tr\u00e1fico y sistemas de alerta temprana, hasta plataformas de planificaci\u00f3n participativa y datos geoespaciales; la tecnolog\u00eda est\u00e1 cambiando la forma en que las ciudades se dise\u00f1an, se gestionan y se experimentan.<\/p>\n<p>Sin embargo, en medio de esta r\u00e1pida transformaci\u00f3n, surge una pregunta por encima de todas: \u00bfc\u00f3mo puede la innovaci\u00f3n servir verdaderamente a las personas, a medida que m\u00e1s y m\u00e1s de ellas migran a las ciudades?<\/p>\n<p>Esa pregunta est\u00e1 en el centro del D\u00eda Mundial de las Ciudades de este a\u00f1o, que se celebrar\u00e1 en Bogot\u00e1, Colombia, bajo el tema <em><strong>Ciudades inteligentes centradas en las personas<\/strong>.<\/em><\/p>\n<p>Organizado por la agencia urbana de las Naciones Unidas, <strong>ONU-H\u00e1bitat<\/strong>el evento re\u00fane a alcaldes, expertos en vida urbana y l\u00edderes comunitarios de todo el mundo para explorar c\u00f3mo los datos, el dise\u00f1o y las herramientas digitales pueden construir comunidades no solo m\u00e1s inteligentes, sino tambi\u00e9n m\u00e1s justas, ecol\u00f3gicas e inclusivas.<\/p>\n<p>Para el a\u00f1o 2050, se espera que casi <strong>el 70 por ciento de la humanidad viva en \u00e1reas urbanas<\/strong>lo que intensificar\u00e1 la demanda de vivienda, servicios y resiliencia clim\u00e1tica.<\/p>\n<p>En su mensaje para el d\u00eda, el Secretario General de la ONU, Ant\u00f3nio Guterres, enfatiz\u00f3 que la innovaci\u00f3n debe cerrar brechas, no ampliarlas.<\/p>\n<p>\u201cUna ciudad verdaderamente inteligente pone a las personas en primer lugar, especialmente a las m\u00e1s vulnerables\u201d, dijo Guterres. \u201cCuando ponemos a las personas en el centro, la innovaci\u00f3n digital puede ayudar a impulsar la equidad y la sostenibilidad para todos\u201d.<\/p>\n<div class=\"context-un_news_full_width_credit_caption type-entermedia_image media media--type-entermedia-image media--view-mode-un-news-full-width-credit-caption\">\n<div class=\"field field--name-thumbnail field--type-image field--label-hidden field__item\"><img decoding=\"async\" src=\"https:\/\/global.unitednations.entermediadb.net\/assets\/mediadb\/services\/module\/asset\/downloads\/preset\/Libraries\/Production%20Library\/29-10-2025_Unsplash_Bogota.jpg\/image1170x530cropped.jpg\" alt=\"Bogot\u00e1, capital de Colombia.\" title=\"Bogot\u00e1, capital de Colombia.\" loading=\"lazy\" width=\"1170\" height=\"530\"\/>\n<\/div>\n<div class=\"field field--name-field-authors field--type-entity-reference field--label-hidden field__items\">\n<p>\u00a9 Unsplash\/Delaney Turner<\/p>\n<\/p><\/div>\n<p>Bogot\u00e1, capital de Colombia.<\/p>\n<\/div>\n<h2>El gran experimento de Bogot\u00e1<\/h2>\n<p>Bogot\u00e1, conocida desde hace tiempo por su experimentaci\u00f3n urbana, ha ganado reconocimiento mundial por combinar la tecnolog\u00eda con la participaci\u00f3n ciudadana.<\/p>\n<p>Desde <strong>TransMilenio<\/strong>su influyente sistema de transporte r\u00e1pido en autob\u00fas, hasta la <strong>Ciclov\u00eda<\/strong>que convierte las calles en espacios comunitarios sin autom\u00f3viles todos los domingos, la ciudad ha redefinido c\u00f3mo el dise\u00f1o urbano puede fomentar la conexi\u00f3n social y la sostenibilidad.<\/p>\n<p>Para Elkin Vel\u00e1squez, director regional de ONU-H\u00e1bitat para Am\u00e9rica Latina y el Caribe, Bogot\u00e1 ofrece un ejemplo convincente de c\u00f3mo los datos y el di\u00e1logo pueden moldear mejores futuros.<\/p>\n<p>\u201cLa conmemoraci\u00f3n mundial aqu\u00ed fomentar\u00e1 el di\u00e1logo internacional sobre las ciudades inteligentes centradas en las personas, donde la tecnolog\u00eda mejora la calidad de vida y fortalece los lazos comunitarios\u201d, dijo.<\/p>\n<h2>Escuchando a la ciudad<\/h2>\n<p>Entre los oradores principales en Bogot\u00e1 se encuentra Carlo Ratti, arquitecto, ingeniero y director del MIT Senseable City Lab en Estados Unidos, as\u00ed como curador de la Bienal de Arquitectura de Venecia 2025.<\/p>\n<p>Ratti, uno de los principales pensadores mundiales sobre innovaci\u00f3n urbana, cree que las ciudades deben evolucionar m\u00e1s all\u00e1 de la noci\u00f3n de \u201cciudad inteligente\u201d hacia lo que \u00e9l llama la <em><strong>ciudad perceptiva<\/strong><\/em>.<\/p>\n<p>\u201cNo soy partidario del t\u00e9rmino <em>ciudad inteligente<\/em>\u201d, dijo Ratti. \u201cA menudo implica un sistema de arriba hacia abajo guiado \u00fanicamente por la tecnolog\u00eda. Las ciudades deben ser, ante todo, sobre las personas: <strong>receptivas, inclusivas y adaptables<\/strong>. Una <em>ciudad perceptiva <\/em>utiliza la tecnolog\u00eda no por s\u00ed misma, sino para escuchar y servir mejor a sus ciudadanos\u201d.<\/p>\n<p>Para Ratti, Bogot\u00e1 encarna este esp\u00edritu.<\/p>\n<p>\u201cSiempre me ha intrigado como una ciudad l\u00edder en experimentaci\u00f3n urbana\u201d, dijo. \u201cProyectos como TransMilenio y Ciclov\u00eda se han convertido en estudios de caso a nivel mundial. Muestran c\u00f3mo las intervenciones locales, cuando se ampl\u00edan y se adoptan, pueden cambiar las trayectorias urbanas\u201d.<\/p>\n<p>En principio, Ratti cree que, en una era de emergencia clim\u00e1tica y transici\u00f3n demogr\u00e1fica, \u201cel acto m\u00e1s radical puede ser no construir, o construir de manera diferente\u201d. Como alternativa, sugiere priorizar la <strong>reutilizaci\u00f3n, la modernizaci\u00f3n y la transformaci\u00f3n<\/strong>.<\/p>\n<p>\u201cY si realmente se necesita construir en terrenos v\u00edrgenes, aprendamos de la l\u00f3gica de la naturaleza. En t\u00e9rminos de energ\u00eda y circularidad, un \u00e1rbol sigue siendo mucho m\u00e1s inteligente que cualquier edificio que podamos dise\u00f1ar\u201d, concluy\u00f3.<\/p>\n<div class=\"context-un_news_large_credit type-entermedia_image media media--type-entermedia-image media--view-mode-un-news-large-credit\">\n<div class=\"field field--name-thumbnail field--type-image field--label-hidden field__item\"><img decoding=\"async\" src=\"https:\/\/global.unitednations.entermediadb.net\/assets\/mediadb\/services\/module\/asset\/downloads\/preset\/Libraries\/Production%20Library\/29-10-2015-Bogota-Colombia-02.jpg\/image770x420cropped.jpg\" alt=\"Bogot\u00e1 (Colombia) ha sido seleccionada por ONU-H\u00e1bitat como ciudad anfitriona oficial del D\u00eda Mundial de las Ciudades 2025, el evento insignia de las Naciones Unidas sobre urbanismo sostenible.\" title=\"Bogot\u00e1 (Colombia) ha sido seleccionada por ONU-H\u00e1bitat como ciudad anfitriona oficial del D\u00eda Mundial de las Ciudades 2025, el evento insignia de las Naciones Unidas sobre urbanismo sostenible.\" loading=\"lazy\" width=\"770\" height=\"420\"\/>\n<\/div>\n<div class=\"field field--name-field-authors field--type-entity-reference field--label-hidden field__items\">\n<p>\u00a9 Alcald\u00eda de Bogot\u00e1\/Cristian Mart\u00ednez<\/p>\n<\/p><\/div>\n<\/div>\n<h2>Una visi\u00f3n centrada en las personas<\/h2>\n<p>Seg\u00fan Anacl\u00e1udia Rossbach, directora ejecutiva de ONU-H\u00e1bitat, el enfoque de la ciudad ejemplifica c\u00f3mo deber\u00eda verse una ciudad inteligente centrada en las personas.<\/p>\n<p>\u201cEn Bogot\u00e1, el enfoque de ciudades inteligentes est\u00e1 centrado en las personas, con el objetivo de mejorar el bienestar y la calidad de vida\u201d, dijo Rossbach.<\/p>\n<p>\u201cProgramas como Ecobarrios y Mi Casa se centran en la resiliencia y la sostenibilidad, mientras que iniciativas digitales como Chatico, un agente virtual, utilizan inteligencia artificial para ayudar a los ciudadanos a acceder a informaci\u00f3n sobre servicios p\u00fablicos y participar en consultas\u201d.<\/p>\n<p>Estas iniciativas, explic\u00f3, representan un esfuerzo m\u00e1s amplio para promover la <strong>movilidad sostenible<\/strong>la <strong>toma de decisiones basada en datos<\/strong> y <strong>reducir la brecha digital<\/strong>.<\/p>\n<p>\u201cEstos son buenos ejemplos de tecnolog\u00eda e innovaci\u00f3n al servicio de las personas y las comunidades\u201d, a\u00f1adi\u00f3 Rossbach. \u201cEs vital que estas experiencias se compartan a nivel mundial, permitiendo que otras ciudades adapten estas lecciones a sus propios contextos\u201d.<\/p>\n<h2>Una conversaci\u00f3n global<\/h2>\n<p>El D\u00eda Mundial de las Ciudades marca la conclusi\u00f3n de <strong>Octubre Urbano<\/strong>la campa\u00f1a de un mes de ONU-H\u00e1bitat para una urbanizaci\u00f3n sostenible e inclusiva. La conmemoraci\u00f3n de este a\u00f1o en Bogot\u00e1 busca dejar un legado basado en la colaboraci\u00f3n, el aprendizaje y el compromiso compartido con un futuro urbano m\u00e1s equitativo.<\/p>\n<p>\u201cEl legado que buscamos es doble\u201d, concluy\u00f3 Rossbach. \u201cPrimero, mostrar la creatividad de las ciudades en el avance de enfoques inteligentes centrados en las personas. Y segundo, fortalecer las redes de cooperaci\u00f3n que aseguren que la innovaci\u00f3n sirva a las personas, y no al rev\u00e9s\u201d.<\/p>\n<p>A medida que las herramientas digitales se integran cada vez m\u00e1s en la vida urbana, el desaf\u00edo para las ciudades es claro: <strong>asegurar que las soluciones inteligentes sigan siendo soluciones humanas.<\/strong><\/p>\n<\/div>\n\n","protected":false},"excerpt":{"rendered":"<p>El coraz\u00f3n de la vida urbana moderna es cada vez m\u00e1s digital: desde sensores de tr\u00e1fico y sistemas de alerta temprana, hasta plataformas de planificaci\u00f3n participativa y datos geoespaciales; la tecnolog\u00eda est\u00e1 cambiando la forma en que las ciudades se dise\u00f1an, se gestionan y se experimentan. Sin embargo, en medio de esta r\u00e1pida transformaci\u00f3n, surge &hellip;<\/p>\n","protected":false},"author":1,"featured_media":48059,"comment_status":"open","ping_status":"open","sticky":false,"template":"","format":"standard","meta":{"fifu_image_url":"https:\/\/global.unitednations.entermediadb.net\/assets\/mediadb\/services\/module\/asset\/downloads\/preset\/Libraries\/Production%20Library\/29-10-2015-Bogota-Colombia-01.jpg\/image770x420cropped.jpg","fifu_image_alt":"","footnotes":""},"categories":[3],"tags":[],"class_list":["post-48057","post","type-post","status-publish","format-standard","has-post-thumbnail","","category-negocio"],"_links":{"self":[{"href":"https:\/\/noticiasveraces.com\/index.php?rest_route=\/wp\/v2\/posts\/48057","targetHints":{"allow":["GET"]}}],"collection":[{"href":"https:\/\/noticiasveraces.com\/index.php?rest_route=\/wp\/v2\/posts"}],"about":[{"href":"https:\/\/noticiasveraces.com\/index.php?rest_route=\/wp\/v2\/types\/post"}],"author":[{"embeddable":true,"href":"https:\/\/noticiasveraces.com\/index.php?rest_route=\/wp\/v2\/users\/1"}],"replies":[{"embeddable":true,"href":"https:\/\/noticiasveraces.com\/index.php?rest_route=%2Fwp%2Fv2%2Fcomments&post=48057"}],"version-history":[{"count":0,"href":"https:\/\/noticiasveraces.com\/index.php?rest_route=\/wp\/v2\/posts\/48057\/revisions"}],"wp:featuredmedia":[{"embeddable":true,"href":"https:\/\/noticiasveraces.com\/index.php?rest_route=\/wp\/v2\/media\/48059"}],"wp:attachment":[{"href":"https:\/\/noticiasveraces.com\/index.php?rest_route=%2Fwp%2Fv2%2Fmedia&parent=48057"}],"wp:term":[{"taxonomy":"category","embeddable":true,"href":"https:\/\/noticiasveraces.com\/index.php?rest_route=%2Fwp%2Fv2%2Fcategories&post=48057"},{"taxonomy":"post_tag","embeddable":true,"href":"https:\/\/noticiasveraces.com\/index.php?rest_route=%2Fwp%2Fv2%2Ftags&post=48057"}],"curies":[{"name":"wp","href":"https:\/\/api.w.org\/{rel}","templated":true}]}}