{"id":48036,"date":"2025-10-31T11:59:03","date_gmt":"2025-10-31T15:59:03","guid":{"rendered":"https:\/\/noticiasveraces.com\/?p=48036"},"modified":"2025-10-31T11:59:03","modified_gmt":"2025-10-31T15:59:03","slug":"jorge-rodriguez-declaracion-de-la-celac-2014-esta-siendo-amenazada-de-manera-brutal-correo-del-orinoco","status":"publish","type":"post","link":"https:\/\/noticiasveraces.com\/?p=48036","title":{"rendered":"Jorge Rodr\u00edguez: Declaraci\u00f3n de la Celac 2014 est\u00e1 siendo amenazada de manera brutal &#8211; Correo del Orinoco"},"content":{"rendered":"<p> \n<\/p>\n<div>\n<p>La declaraci\u00f3n de la Comunidad de Estados Latinoamericanos y Caribe\u00f1os (Celac) del a\u00f1o 2014 hoy \u00abest\u00e1 siendo amenazada de manera brutal en los actuales momentos: un mar que se dibuj\u00f3, se dise\u00f1\u00f3 y se colabor\u00f3 para que El Libertador Sim\u00f3n Bol\u00edvar lograra sus sue\u00f1os de liberaci\u00f3n del continente suramericano\u00bb, as\u00ed lo expres\u00f3 el presidente de la Asamblea Nacional (AN), Jorge Rodr\u00edguez, durante el Encuentro Interparlamentario del Gran Caribe por la Paz.<\/p>\n<p>Rodr\u00edguez destac\u00f3 que en ese a\u00f1o la Celac declar\u00f3 al Caribe en un acuerdo hist\u00f3rico como una zona de paz y libre de la presencia del armamentismo nuclear, en donde se evidenciaban los \u00abtiempos de esperanza e integraci\u00f3n verdadera de los pa\u00edses americanos con todas las instituciones que fueron surgiendo entre iguales, entre pa\u00edses que por primera vez llegaban a este nuevo siglo mirando la posibilidad de crecimiento y la prosperidad de sus pueblos\u00bb.<\/p>\n<p>En un encuentro que re\u00fane representantes parlamentarios de los pa\u00edses de Cuba, Nicaragua, Colombia, Antigua y Barbuda, Belice, Dominica, Grenadas, San Vicente y las Granadinas, M\u00e9xico, Guatemala, Honduras y Venezuela, el diputado Rodr\u00edguez denunci\u00f3 que sobre el pa\u00eds se cierne sin duda alguna \u00abcon la intenci\u00f3n aviesa de promover un cambio de r\u00e9gimen que permita al Gobierno de los Estados Unidos (EE. UU.) de Am\u00e9rica y al hegem\u00f3n imperial hacerse due\u00f1o de las riquezas naturales que solamente pertenecen al pueblo de la Rep\u00fablica Bolivariana de Venezuela\u00bb.<\/p>\n<p>Expres\u00f3 que con el despliegue brutal militar de los EE. UU. en las costas del norte de Venezuela est\u00e1n siendo amenazados todos los pa\u00edses del Caribe, Centroam\u00e9rica y Sudam\u00e9rica, en los que se erigen como verdaderos ejecutores de homicidios extrajudiciales, sin enfrentar ning\u00fan tipo de juicio por las voladuras que ha habido de peque\u00f1os barcos, con un arsenal desproporcionado y b\u00e1rbaro, con supuestos argumentos de presencia de narcotraficantes y tr\u00e1fico de droga en la zona, \u00absin que haya ninguna prueba\u00bb.<\/p>\n<p>\u00abSe est\u00e1 promoviendo una situaci\u00f3n, una acci\u00f3n donde resulte natural agredir la soberan\u00eda de los pa\u00edses, alterar la libertad que tenemos los pa\u00edses caribe\u00f1os de realizar actividad comercial, la pesca, comercio por v\u00eda mar\u00edtima con el argumento f\u00fatil\u00bb, puntualiz\u00f3.<\/p>\n<h6>F\/VTV<\/h6>\n<\/p><\/div>\n\n","protected":false},"excerpt":{"rendered":"<p>La declaraci\u00f3n de la Comunidad de Estados Latinoamericanos y Caribe\u00f1os (Celac) del a\u00f1o 2014 hoy \u00abest\u00e1 siendo amenazada de manera brutal en los actuales momentos: un mar que se dibuj\u00f3, se dise\u00f1\u00f3 y se colabor\u00f3 para que El Libertador Sim\u00f3n Bol\u00edvar lograra sus sue\u00f1os de liberaci\u00f3n del continente suramericano\u00bb, as\u00ed lo expres\u00f3 el presidente de &hellip;<\/p>\n","protected":false},"author":1,"featured_media":48037,"comment_status":"open","ping_status":"open","sticky":false,"template":"","format":"standard","meta":{"fifu_image_url":"http:\/\/190.202.124.19\/wp-content\/uploads\/2025\/10\/celac-2.jpg","fifu_image_alt":"","footnotes":""},"categories":[13],"tags":[],"class_list":["post-48036","post","type-post","status-publish","format-standard","has-post-thumbnail","","category-mundo"],"_links":{"self":[{"href":"https:\/\/noticiasveraces.com\/index.php?rest_route=\/wp\/v2\/posts\/48036","targetHints":{"allow":["GET"]}}],"collection":[{"href":"https:\/\/noticiasveraces.com\/index.php?rest_route=\/wp\/v2\/posts"}],"about":[{"href":"https:\/\/noticiasveraces.com\/index.php?rest_route=\/wp\/v2\/types\/post"}],"author":[{"embeddable":true,"href":"https:\/\/noticiasveraces.com\/index.php?rest_route=\/wp\/v2\/users\/1"}],"replies":[{"embeddable":true,"href":"https:\/\/noticiasveraces.com\/index.php?rest_route=%2Fwp%2Fv2%2Fcomments&post=48036"}],"version-history":[{"count":0,"href":"https:\/\/noticiasveraces.com\/index.php?rest_route=\/wp\/v2\/posts\/48036\/revisions"}],"wp:featuredmedia":[{"embeddable":true,"href":"https:\/\/noticiasveraces.com\/index.php?rest_route=\/wp\/v2\/media\/48037"}],"wp:attachment":[{"href":"https:\/\/noticiasveraces.com\/index.php?rest_route=%2Fwp%2Fv2%2Fmedia&parent=48036"}],"wp:term":[{"taxonomy":"category","embeddable":true,"href":"https:\/\/noticiasveraces.com\/index.php?rest_route=%2Fwp%2Fv2%2Fcategories&post=48036"},{"taxonomy":"post_tag","embeddable":true,"href":"https:\/\/noticiasveraces.com\/index.php?rest_route=%2Fwp%2Fv2%2Ftags&post=48036"}],"curies":[{"name":"wp","href":"https:\/\/api.w.org\/{rel}","templated":true}]}}