{"id":48022,"date":"2025-10-31T09:45:41","date_gmt":"2025-10-31T13:45:41","guid":{"rendered":"https:\/\/noticiasveraces.com\/?p=48022"},"modified":"2025-10-31T09:45:41","modified_gmt":"2025-10-31T13:45:41","slug":"el-amigo-argentino-de-carrascal-va-por-flamengo-en-libertadores","status":"publish","type":"post","link":"https:\/\/noticiasveraces.com\/?p=48022","title":{"rendered":"El amigo argentino de Carrascal: va por Flamengo en Libertadores"},"content":{"rendered":"<p> \n<br \/><img decoding=\"async\" src=\"https:\/\/www.futbolred.com\/files\/article_graphic\/uploads\/2025\/10\/29\/69026312affb3.jpeg\" \/><\/p>\n<header>\n<figure>\n<p>                        Formaci\u00f3n<\/p>\n<\/figure>\n<h3>Curiosidades de f\u00fatbol<br \/>\n            <\/h3>\n<h1>El amigo argentino de Carrascal: va por Flamengo en Libertadores<br \/>\n        <\/h1>\n<address>\n            <a>Jenny G\u00e1mez<br \/>\n        <\/address>\n<p>        29 de octubre de 2025, 14:40 h.<\/p>\n<\/header>\n<p>El chico llev\u00f3 un cuadro de regalo, lo llam\u00f3 &#8216;crack&#8217; y dijo que son amigos porque lo vio en Colombia<\/p>\n\n","protected":false},"excerpt":{"rendered":"<p>Formaci\u00f3n Curiosidades de f\u00fatbol El amigo argentino de Carrascal: va por Flamengo en Libertadores Jenny G\u00e1mez 29 de octubre de 2025, 14:40 h. El chico llev\u00f3 un cuadro de regalo, lo llam\u00f3 &#8216;crack&#8217; y dijo que son amigos porque lo vio en Colombia<\/p>\n","protected":false},"author":1,"featured_media":48024,"comment_status":"open","ping_status":"open","sticky":false,"template":"","format":"standard","meta":{"fifu_image_url":"https:\/\/www.futbolred.com\/files\/og_thumbnail\/uploads\/2025\/10\/29\/69026312affb3.jpeg","fifu_image_alt":"","footnotes":""},"categories":[6],"tags":[],"class_list":["post-48022","post","type-post","status-publish","format-standard","has-post-thumbnail","","category-deportes"],"_links":{"self":[{"href":"https:\/\/noticiasveraces.com\/index.php?rest_route=\/wp\/v2\/posts\/48022","targetHints":{"allow":["GET"]}}],"collection":[{"href":"https:\/\/noticiasveraces.com\/index.php?rest_route=\/wp\/v2\/posts"}],"about":[{"href":"https:\/\/noticiasveraces.com\/index.php?rest_route=\/wp\/v2\/types\/post"}],"author":[{"embeddable":true,"href":"https:\/\/noticiasveraces.com\/index.php?rest_route=\/wp\/v2\/users\/1"}],"replies":[{"embeddable":true,"href":"https:\/\/noticiasveraces.com\/index.php?rest_route=%2Fwp%2Fv2%2Fcomments&post=48022"}],"version-history":[{"count":0,"href":"https:\/\/noticiasveraces.com\/index.php?rest_route=\/wp\/v2\/posts\/48022\/revisions"}],"wp:featuredmedia":[{"embeddable":true,"href":"https:\/\/noticiasveraces.com\/index.php?rest_route=\/wp\/v2\/media\/48024"}],"wp:attachment":[{"href":"https:\/\/noticiasveraces.com\/index.php?rest_route=%2Fwp%2Fv2%2Fmedia&parent=48022"}],"wp:term":[{"taxonomy":"category","embeddable":true,"href":"https:\/\/noticiasveraces.com\/index.php?rest_route=%2Fwp%2Fv2%2Fcategories&post=48022"},{"taxonomy":"post_tag","embeddable":true,"href":"https:\/\/noticiasveraces.com\/index.php?rest_route=%2Fwp%2Fv2%2Ftags&post=48022"}],"curies":[{"name":"wp","href":"https:\/\/api.w.org\/{rel}","templated":true}]}}