{"id":48017,"date":"2025-10-31T08:56:06","date_gmt":"2025-10-31T12:56:06","guid":{"rendered":"https:\/\/noticiasveraces.com\/?p=48017"},"modified":"2025-10-31T08:56:06","modified_gmt":"2025-10-31T12:56:06","slug":"alex-saab-el-elegido-para-el-lanzamiento-del-primer-minisatelite-de-venezuela-video","status":"publish","type":"post","link":"https:\/\/noticiasveraces.com\/?p=48017","title":{"rendered":"Alex Saab, el \u00abelegido\u00bb para el lanzamiento del \u00abprimer minisat\u00e9lite\u00bb de Venezuela (VIDEO)"},"content":{"rendered":"<p> \n<\/p>\n<div>\n<p> <span rel=\"author\" class=\"fn\">con una esp\u00e1tula<\/span><\/p>\n<p> <time class=\"entry-date published updated\" datetime=\"2025-10-31T08:50:37-04:00\">octubre 31 2025, 8:50 am<\/time> <span class=\"spot-im-replies-count\" data-post-id=\"5823418\"\/><\/p>\n<figure id=\"attachment_5823423\" aria-describedby=\"caption-attachment-5823423\" style=\"width: 801px\" class=\"wp-caption alignnone\"><img fetchpriority=\"high\" decoding=\"async\" onerror=\"this.onerror=null;this.src=\" https:=\"\" class=\" wp-image-5823423\" src=\"https:\/\/sandia.datanubex.uk\/wp-content\/uploads\/2025\/10\/4057cae14de0aaacc953ca6ac221793bdd11e734w.jpg\" alt=\"\" width=\"801\" height=\"534\"\/><figcaption id=\"caption-attachment-5823423\" class=\"wp-caption-text\">Nicol\u00e1s Maduro anunci\u00f3 que construir\u00e1 su primer minisat\u00e9lite y que espera se lance \u00abpronto\u00bb al espacio, de lo que encarg\u00f3 al empresario colombiano Alex Saab, quien estuvo preso en Estados Unidos acusado de conspiraci\u00f3n para lavar de dinero. EFE\/ Palacio de Miraflores\/ Jhonn Zerpa<\/figcaption><\/figure>\n<\/p>\n<p>Nicol\u00e1s Maduro anunci\u00f3 este jueves que Venezuela construir\u00e1 su \u00abprimer minisat\u00e9lite\u00bb y que espera se lance \u00abpronto\u00bb al espacio, de lo que encarg\u00f3 al empresario colombiano Alex Saab, quien estuvo preso en Estados Unidos acusado de conspiraci\u00f3n para lavar de dinero.<\/p>\n<p>\u00abQuiero que usted meta su cerebro y sus capacidades empresariales para que pronto podamos estar lanzando el primer minisat\u00e9lite espacial de Venezuela\u00bb, orden\u00f3 Maduro en un acto transmitido por el canal estatal Venezolana de Televisi\u00f3n (VTV).<\/p>\n<p><!-- Begin Mailchimp Signup Form --><\/p>\n<div id=\"mc_embed_signup\">\n<p><label for=\"mce-EMAIL\">  \u00a1\u00danete al club ahora! Suscr\u00edbete al bolet\u00edn m\u00e1s importante de Venezuela <\/label><iframe data-test-id=\"beehiiv-embed\" height=\"52\" frameborder=\"0\" scrolling=\"no\" style=\"margin: 0; border-radius: 0px !important; &#10; background-color: transparent;\" data-src=\"https:\/\/embeds.beehiiv.com\/cdab9503-16ae-4689-ad4f-1408c727a83a?slim=true\" class=\"lazyload\"><\/iframe><\/p>\n<\/div>\n<p><!--End mc_embed_signup 2--><\/p>\n<p>Maduro, quien encabez\u00f3 el cierre del Congreso Internacional Espacial celebrado en Caracas, aprob\u00f3 \u00abtodos los esfuerzos\u00bb para, dijo, \u00abir a la b\u00fasqueda del primer minisat\u00e9lite venezolano\u00bb, lo que consider\u00f3 como \u00abuna idea maravillosa\u00bb, aunque no ofreci\u00f3 mayores detalles.<\/p>\n<p>Adem\u00e1s, pidi\u00f3 \u00abacelerar la activaci\u00f3n y lanzamiento\u00bb, en colaboraci\u00f3n con China, del \u00abnuevo sat\u00e9lite de comunicaciones Gran Cacique Guaicaipuro\u00bb, una tarea en la que, agreg\u00f3, \u00abhay que insistir y cumplir a prontitud\u00bb.<\/p>\n<p><strong>Lea tambi\u00e9n: El llamado desesperado de Maduro para acelerar lanzamiento del sat\u00e9lite \u00abGran Cacique Guaicaipuro\u00bb \u2013 LaPatilla.com<\/strong><\/p>\n<p>El Congreso Internacional Espacial cont\u00f3 con la participaci\u00f3n de invitados de Brasil, China, Rusia y Francia y tuvo como objetivo abordar \u00abavances y desaf\u00edos\u00bb en la materia, adem\u00e1s de construir \u00abuna estrategia colectiva que promueva el bienestar com\u00fan y el estudio pac\u00edfico\u00bb, seg\u00fan la funcionaria chavista Gabriela Jim\u00e9nez.<\/p>\n<p><strong>Con informaci\u00f3n de EFE<\/strong><\/p>\n<p>  <!-- CONTENT END 2 --><\/div>\n\n","protected":false},"excerpt":{"rendered":"<p>con una esp\u00e1tula octubre 31 2025, 8:50 am Nicol\u00e1s Maduro anunci\u00f3 que construir\u00e1 su primer minisat\u00e9lite y que espera se lance \u00abpronto\u00bb al espacio, de lo que encarg\u00f3 al empresario colombiano Alex Saab, quien estuvo preso en Estados Unidos acusado de conspiraci\u00f3n para lavar de dinero. EFE\/ Palacio de Miraflores\/ Jhonn Zerpa Nicol\u00e1s Maduro anunci\u00f3 &hellip;<\/p>\n","protected":false},"author":1,"featured_media":48019,"comment_status":"open","ping_status":"open","sticky":false,"template":"","format":"standard","meta":{"fifu_image_url":"https:\/\/sandia.datanubex.uk\/wp-content\/uploads\/2025\/10\/Captura-de-pantalla-2025-10-31-083838.jpg","fifu_image_alt":"","footnotes":""},"categories":[13],"tags":[],"class_list":["post-48017","post","type-post","status-publish","format-standard","has-post-thumbnail","","category-mundo"],"_links":{"self":[{"href":"https:\/\/noticiasveraces.com\/index.php?rest_route=\/wp\/v2\/posts\/48017","targetHints":{"allow":["GET"]}}],"collection":[{"href":"https:\/\/noticiasveraces.com\/index.php?rest_route=\/wp\/v2\/posts"}],"about":[{"href":"https:\/\/noticiasveraces.com\/index.php?rest_route=\/wp\/v2\/types\/post"}],"author":[{"embeddable":true,"href":"https:\/\/noticiasveraces.com\/index.php?rest_route=\/wp\/v2\/users\/1"}],"replies":[{"embeddable":true,"href":"https:\/\/noticiasveraces.com\/index.php?rest_route=%2Fwp%2Fv2%2Fcomments&post=48017"}],"version-history":[{"count":0,"href":"https:\/\/noticiasveraces.com\/index.php?rest_route=\/wp\/v2\/posts\/48017\/revisions"}],"wp:featuredmedia":[{"embeddable":true,"href":"https:\/\/noticiasveraces.com\/index.php?rest_route=\/wp\/v2\/media\/48019"}],"wp:attachment":[{"href":"https:\/\/noticiasveraces.com\/index.php?rest_route=%2Fwp%2Fv2%2Fmedia&parent=48017"}],"wp:term":[{"taxonomy":"category","embeddable":true,"href":"https:\/\/noticiasveraces.com\/index.php?rest_route=%2Fwp%2Fv2%2Fcategories&post=48017"},{"taxonomy":"post_tag","embeddable":true,"href":"https:\/\/noticiasveraces.com\/index.php?rest_route=%2Fwp%2Fv2%2Ftags&post=48017"}],"curies":[{"name":"wp","href":"https:\/\/api.w.org\/{rel}","templated":true}]}}