{"id":47986,"date":"2025-10-31T03:30:45","date_gmt":"2025-10-31T07:30:45","guid":{"rendered":"https:\/\/noticiasveraces.com\/?p=47986"},"modified":"2025-10-31T03:30:45","modified_gmt":"2025-10-31T07:30:45","slug":"drama-de-paul-scholes-renuncio-a-exitosa-carrera-en-medios-para-cuidar-a-hijo-autista-curiosidades-de-futbol","status":"publish","type":"post","link":"https:\/\/noticiasveraces.com\/?p=47986","title":{"rendered":"Drama de Paul Scholes: renunci\u00f3 a exitosa carrera en medios para cuidar a hijo autista | Curiosidades de f\u00fatbol"},"content":{"rendered":"<p> \n<\/p>\n<div id=\"cuerpoArticulo\">\n<p class=\"texto intro cnx-companion-firstparagraph\" id=\"pnull-m194-193-195\">\u00bf A qui\u00e9n quer\u00edan parecerse Zinedine Zidane, Andr\u00e9s Iniesta o Xavi Hern\u00e1ndez cuando empezaban sus carreras?<\/p>\n<p class=\"texto contenido-parrafo-articulo cnx-companion-paragraph\" id=\"pnull-m206-2-207\">A Paul Scholes, legendario futbolista ingl\u00e9s que era un verdadero artista en la cancha por la asombrosa precisi\u00f3n de su pase, su visi\u00f3n de juego, su fabuloso remate de media distancia, su car\u00e1cter a toda prueba.<\/p>\n<p>El m\u00edtico jugador del Manchester United gan\u00f3 25 t\u00edtulos en su carrera, nada menos que 11 de Premier League y 2 de Champions League.<\/p>\n<p><b>No quiere drama, pero el autismo cambi\u00f3 la vida de Scholes<br \/><\/b><br \/>El hist\u00f3rico de la selecci\u00f3n de Inglaterra sorprendi\u00f3 al revelar que lleva m\u00e1s de dos d\u00e9cadas conviviendo con el autismo severo de su hijo Aiden. <\/p>\n<p>\u00abNunca tuve un respiro, ni siquiera cuando jugaba. Fueron d\u00edas muy duros. Creo que no se lo diagnosticaron hasta que tuvo dos a\u00f1os y medio. Pero uno sab\u00eda desde peque\u00f1o que algo andaba mal, y luego llega el diagn\u00f3stico, y yo nunca hab\u00eda o\u00eddo hablar de ello. De repente empiezas a verlo todo, no s\u00e9 si sucede de forma consciente, no lo s\u00e9\u00bb, cont\u00f3 en el podcast The Overlap, junto a excompa\u00f1eros como Gary Neville, Roy Keane e Ian Wright.<\/p>\n<p>A\u00f1adi\u00f3 que los primeros a\u00f1os fueron lo m\u00e1s complicado pues sol\u00eda llegar a los entrenamientos en Carrington con marcas de mordiscos o ara\u00f1azos que Aiden le hab\u00eda hecho por la frustraci\u00f3n de no ser comprendido.<\/p>\n<p>\u00abRecuerdo la primera vez, despu\u00e9s de un partido contra el Derby fuera de casa, y simplemente no quer\u00eda estar all\u00ed. Recuerdo que el entrenador me dej\u00f3 fuera del equipo la semana siguiente, y no le hab\u00eda contado a nadie (sobre el diagn\u00f3stico). Termin\u00e9 cont\u00e1ndoselo unas semanas despu\u00e9s, creo que porque fue bastante duro\u00bb, afirm\u00f3 ante el asombro y la solidaridad de sus amigos.<\/p>\n<div class=\"video-cuerpo\" id=\"pnull-m223-3-224\">\n<div class=\"video-player foto-apertura-articulo-video-cuerpo inline foto-texto-articulo-video foto-apertura-articulo-m video-module\" itemprop=\"video\" itemscope=\"\" itemtype=\"https:\/\/schema.org\/VideoObject\">\n            <img decoding=\"async\" class=\"content_video_articulo\" itemprop=\"thumbnailUrl\" src=\"https:\/\/www.futbolred.com\/images\/default.jpg\" alt=\"texto en miniatura\"\/><\/p>\n<p><figcaption class=\"foto-info\">\n                    <span class=\"pie-de-foto pie-de-foto-entrada\"><br \/>\n                        <span><br \/>\n                             <span itemprop=\"name\">Paul Sholes, podcast La superposici\u00f3n<\/span><br \/>\n                        <\/span><br \/>\n                    <\/span><br \/><span class=\"credito\"><br \/>\n                        <span itemprop=\"description\" class=\"autor\">Paul Sholes, podcast La superposici\u00f3n<\/span><br \/>\n                    <\/span><br \/>\n                <\/figcaption><\/p>\n<p>       <meta itemprop=\"uploadDate\" content=\"2025-10-30 21:09:20-05:00\"\/><link itemprop=\"embedUrl\" href=\"https:\/\/www.youtube.com\/watch?v=2Epu5EKqRpI\"\/><link itemprop=\"embedUrl\" href=\"https:\/\/www.youtube.com\/watch?v=undefined\"\/>\n<\/p><\/div>\n<\/div>\n<p class=\"texto contenido-parrafo-articulo cnx-companion-paragraph\" id=\"pnull-m263-4-264\"><b>El d\u00eda a d\u00eda del autismo<br \/><\/b><br \/>El exfutbolista cont\u00f3 que \u00e9l su esposa Claire Froggart se separaron \u00abdespu\u00e9s de a\u00f1os de silencio\u00bb y que aboslutamente toda la vida de ambos y de sus otros dos hijos pas\u00f3 por las rutinas, muy precisas, de Aiden, quien cumplir\u00e1 21 a\u00f1os en diciembre pr\u00f3ximo. <\/p>\n<p>\u00abTodo mi trabajo ahora gira en torno a su rutina, porque tiene una rutina bastante estricta todos los d\u00edas, as\u00ed que decid\u00ed que todo lo que haga estar\u00e1 enfocado en Aiden\u00bb, cont\u00f3.<\/p>\n<p>Dijo que pasan \u00abtres noches cada uno\u00bb con \u00e9l a la semana y que el ni\u00f1o pasa la noche del viernes con la madre de Froggatt.<\/p>\n<p>\u00abSiempre hacemos las mismas cosas con \u00e9l, ya que no sabe qu\u00e9 d\u00eda de la semana ni qu\u00e9 hora es. Pero lo sabe por lo que estamos haciendo \u2014continu\u00f3 Scholes\u2014. Lo recojo todos los martes de la guarder\u00eda y vamos a nadar. Le encanta nadar y luego le compramos una pizza de camino a casa. Los jueves lo recojo, vamos a comer algo y volvemos a casa. Los domingos lo recojo de casa de Claire y vamos a Tesco, donde compra un carrito lleno de chocolate. As\u00ed que, no sabe qu\u00e9 d\u00eda ni qu\u00e9 hora es, pero lo sabe por lo que estamos haciendo\u00bb. <\/p>\n<p>Al hablar de su diagn\u00f3stico, Scholes apunt\u00f3: \u00abCuando digo que no puede hablar, creo que entiende mucho m\u00e1s de lo que pensamos. Tiene sonidos, pero solo las personas cercanas a \u00e9l saben lo que dice\u00bb.<\/p>\n<p><b>Scholes renunci\u00f3 a prometedora carrera en medios por su hijo<br \/><\/b><br \/>A partir de su retiro, en 2013, Scholes, igual que varios de sus compa\u00f1eros, dio el paso a ser analista en programas de televisi\u00f3n. Su \u00e9xito fue arrollador y, a sus 50 a\u00f1os, era\u00a0habitual verlo en las transmisiones televisivas de partidos nacionales y europeos.<\/p>\n<p>Sin embargo, de repente se retir\u00f3 y se concentr\u00f3 en un podcast con su excompa\u00f1ero Nicky Butt, llamado \u00abThe Good, The Bad &#038; The Football\u00bb.<\/p>\n<p>\u00abTrabajo en el estudio, pero todo gira en torno a su d\u00eda\u00bb, cont\u00f3. \u00abLa temporada pasada, los jueves por la noche comentaba los partidos de la Europa League del Manchester United; esa era la noche en que normalmente estaba con \u00e9l, as\u00ed que se pon\u00eda muy inquieto, mordiendo y ara\u00f1ando\u00bb, revel\u00f3.<\/p>\n<p>\u00ab\u00c9l sabe que la rutina no se establece de inmediato. Y yo estuve as\u00ed durante a\u00f1os, siempre pensando que ten\u00eda que parar en alg\u00fan momento, as\u00ed que tuve la oportunidad de hacer el podcast y pens\u00e9 que me vendr\u00eda mejor, bueno, no a m\u00ed, sino a Aiden\u00bb, dijo.<\/p>\n<p>De hecho, en el podcast de Gary Neville \u00abStick to Football\u00bb, Scholes hab\u00eda confesado que hab\u00eda d\u00edas que \u00abodiaba\u00bb el trabajo en televisi\u00f3n y el clima t\u00f3xico que muchas veces generaba en las redes sociales. La decisi\u00f3n, entonces, no habr\u00eda sido tan dif\u00edcil de tomar.<\/p>\n<p>As\u00ed que, lejos de la leyenda y ese rol de indestructible que proyect\u00f3 en las canchas, Scholes dej\u00f3 ver su lado m\u00e1s emotivo al hablar de su vida conviviendo con una enfermedad que lo ha acercado a otros padres que viven, de la manera m\u00e1s optimista y propositiva, con esta condici\u00f3n. Otro famoso futbolista que tiene un hijo con autismo es el espa\u00f1ol Cucurella.  <\/p>\n<\/div>\n\n","protected":false},"excerpt":{"rendered":"<p>\u00bf A qui\u00e9n quer\u00edan parecerse Zinedine Zidane, Andr\u00e9s Iniesta o Xavi Hern\u00e1ndez cuando empezaban sus carreras? A Paul Scholes, legendario futbolista ingl\u00e9s que era un verdadero artista en la cancha por la asombrosa precisi\u00f3n de su pase, su visi\u00f3n de juego, su fabuloso remate de media distancia, su car\u00e1cter a toda prueba. El m\u00edtico jugador &hellip;<\/p>\n","protected":false},"author":1,"featured_media":47988,"comment_status":"open","ping_status":"open","sticky":false,"template":"","format":"standard","meta":{"fifu_image_url":"https:\/\/www.futbolred.com\/files\/og_thumbnail\/uploads\/2025\/10\/30\/69041ce1a5c40.jpeg","fifu_image_alt":"","footnotes":""},"categories":[6],"tags":[],"class_list":["post-47986","post","type-post","status-publish","format-standard","has-post-thumbnail","","category-deportes"],"_links":{"self":[{"href":"https:\/\/noticiasveraces.com\/index.php?rest_route=\/wp\/v2\/posts\/47986","targetHints":{"allow":["GET"]}}],"collection":[{"href":"https:\/\/noticiasveraces.com\/index.php?rest_route=\/wp\/v2\/posts"}],"about":[{"href":"https:\/\/noticiasveraces.com\/index.php?rest_route=\/wp\/v2\/types\/post"}],"author":[{"embeddable":true,"href":"https:\/\/noticiasveraces.com\/index.php?rest_route=\/wp\/v2\/users\/1"}],"replies":[{"embeddable":true,"href":"https:\/\/noticiasveraces.com\/index.php?rest_route=%2Fwp%2Fv2%2Fcomments&post=47986"}],"version-history":[{"count":0,"href":"https:\/\/noticiasveraces.com\/index.php?rest_route=\/wp\/v2\/posts\/47986\/revisions"}],"wp:featuredmedia":[{"embeddable":true,"href":"https:\/\/noticiasveraces.com\/index.php?rest_route=\/wp\/v2\/media\/47988"}],"wp:attachment":[{"href":"https:\/\/noticiasveraces.com\/index.php?rest_route=%2Fwp%2Fv2%2Fmedia&parent=47986"}],"wp:term":[{"taxonomy":"category","embeddable":true,"href":"https:\/\/noticiasveraces.com\/index.php?rest_route=%2Fwp%2Fv2%2Fcategories&post=47986"},{"taxonomy":"post_tag","embeddable":true,"href":"https:\/\/noticiasveraces.com\/index.php?rest_route=%2Fwp%2Fv2%2Ftags&post=47986"}],"curies":[{"name":"wp","href":"https:\/\/api.w.org\/{rel}","templated":true}]}}