{"id":47974,"date":"2025-10-31T00:05:56","date_gmt":"2025-10-31T04:05:56","guid":{"rendered":"https:\/\/noticiasveraces.com\/?p=47974"},"modified":"2025-10-31T00:05:56","modified_gmt":"2025-10-31T04:05:56","slug":"las-vias-cerradas-en-chacao-por-la-novena-edicion-de-nocturneando","status":"publish","type":"post","link":"https:\/\/noticiasveraces.com\/?p=47974","title":{"rendered":"Las v\u00edas cerradas en Chacao por la novena edici\u00f3n de Nocturneando"},"content":{"rendered":"<p> \n<\/p>\n<div>\n<p>La Alcald\u00eda de Chacao realizar\u00e1 el s\u00e1bado 1\u00b0 de noviembre la novena edici\u00f3n de Nocturneando. La actividad cultural se llevar\u00e1 a cabo en el Casco Central de Chacao. <\/p>\n<p>De acuerdo con el alcalde, Gustavo Duque, se cerrar\u00e1n al menos 11 calles del municipio para el evento que comenzar\u00e1 a las 4:00 pm. <\/p>\n<h2 id=\"las-calles-que-estaran-cerradas\" class=\"rb-heading-index-0-825155 wp-block-heading\"><strong>Las calles que estar\u00e1n cerradas:<\/strong><\/h2>\n<p>\u2013 1era avenida de Los Palos Grandes: desde la avenida Francisco de Miranda hasta la 3ra transversal.<\/p>\n<p>\u2013 Avenida Andr\u00e9s Bello: desde la primera a la cuarta transversal de Los Palos Grandes.<\/p>\n<p>\u2013 2da avenida.: desde la avenida Francisco de Miranda a la cuarta transversal.<\/p>\n<p>\u2013 3ra avenida desde la Francisco de Miranda a la tercera transversal.<\/p>\n<p>\u2013 Avenida Francisco de Miranda: entre la tercera y segunda avenida de Los Palos Grandes.<\/p>\n<p>En cada edici\u00f3n solo se permite el tr\u00e1nsito de vecinos que viven en las transversales mencionadas.<\/p>\n<h2 id=\"sobre-la-novena-edicion-de-nocturneando\" class=\"rb-heading-index-1-825155 wp-block-heading\"><strong>Sobre la novena edici\u00f3n de Nocturneando<\/strong><\/h2>\n<figure class=\"wp-block-image size-large\"><picture fetchpriority=\"high\" decoding=\"async\" class=\"wp-image-643614\"><source type=\"image\/webp\" sizes=\"(max-width: 1200px) 100vw, 1200px\" nitro-lazy-srcset=\"https:\/\/eldiario.com\/nitropack_static\/DWpklAePbJBFiBKvuTtiGMLbtJlHUqWt\/assets\/images\/optimized\/rev-4610e21\/eldiario.com\/wp-content\/uploads\/2024\/03\/PLAZA-ALTAMIRA-1200x797.png.webp 1200w, https:\/\/eldiario.com\/nitropack_static\/DWpklAePbJBFiBKvuTtiGMLbtJlHUqWt\/assets\/images\/optimized\/rev-4610e21\/eldiario.com\/wp-content\/uploads\/2024\/03\/PLAZA-ALTAMIRA-300x199.png.webp 300w, https:\/\/eldiario.com\/nitropack_static\/DWpklAePbJBFiBKvuTtiGMLbtJlHUqWt\/assets\/images\/optimized\/rev-4610e21\/eldiario.com\/wp-content\/uploads\/2024\/03\/PLAZA-ALTAMIRA-768x510.png.webp 768w, https:\/\/eldiario.com\/nitropack_static\/DWpklAePbJBFiBKvuTtiGMLbtJlHUqWt\/assets\/images\/optimized\/rev-4610e21\/eldiario.com\/wp-content\/uploads\/2024\/03\/PLAZA-ALTAMIRA-150x100.png.webp 150w, https:\/\/eldiario.com\/nitropack_static\/DWpklAePbJBFiBKvuTtiGMLbtJlHUqWt\/assets\/images\/optimized\/rev-4610e21\/eldiario.com\/wp-content\/uploads\/2024\/03\/PLAZA-ALTAMIRA.png.webp 1355w\" nitro-lazy-empty=\"\" id=\"ODI5OjUwMg==-1\" srcset=\"data:image\/svg+xml;nitro-empty-id=ODI5OjUwMg==-1;base64,PHN2ZyB2aWV3Qm94PSIwIDAgMTIwMCA3OTciIHdpZHRoPSIxMjAwIiBoZWlnaHQ9Ijc5NyIgeG1sbnM9Imh0dHA6Ly93d3cudzMub3JnLzIwMDAvc3ZnIj48L3N2Zz4=\"\/><img fetchpriority=\"high\" width=\"1200\" height=\"797\" alt=\"C\u00f3mo funcionan los botones de emergencia que instalaron en Chacao \" sizes=\"(max-width: 1200px) 100vw, 1200px\" srcset=\"https:\/\/eldiario.com\/nitropack_static\/DWpklAePbJBFiBKvuTtiGMLbtJlHUqWt\/assets\/images\/optimized\/rev-4610e21\/eldiario.com\/wp-content\/uploads\/2024\/03\/PLAZA-ALTAMIRA-1200x797.png 1200w, https:\/\/eldiario.com\/nitropack_static\/DWpklAePbJBFiBKvuTtiGMLbtJlHUqWt\/assets\/images\/optimized\/rev-4610e21\/eldiario.com\/wp-content\/uploads\/2024\/03\/PLAZA-ALTAMIRA-300x199.png 300w, https:\/\/eldiario.com\/nitropack_static\/DWpklAePbJBFiBKvuTtiGMLbtJlHUqWt\/assets\/images\/optimized\/rev-4610e21\/eldiario.com\/wp-content\/uploads\/2024\/03\/PLAZA-ALTAMIRA-768x510.png 768w, https:\/\/eldiario.com\/nitropack_static\/DWpklAePbJBFiBKvuTtiGMLbtJlHUqWt\/assets\/images\/optimized\/rev-4610e21\/eldiario.com\/wp-content\/uploads\/2024\/03\/PLAZA-ALTAMIRA-150x100.png 150w, https:\/\/eldiario.com\/nitropack_static\/DWpklAePbJBFiBKvuTtiGMLbtJlHUqWt\/assets\/images\/optimized\/rev-4610e21\/eldiario.com\/wp-content\/uploads\/2024\/03\/PLAZA-ALTAMIRA.png 1355w\" src=\"https:\/\/eldiario.com\/nitropack_static\/DWpklAePbJBFiBKvuTtiGMLbtJlHUqWt\/assets\/images\/optimized\/rev-4610e21\/eldiario.com\/wp-content\/uploads\/2024\/03\/PLAZA-ALTAMIRA-1200x797.png\" class=\"nitro-lazy\" decoding=\"async\" nitro-lazy-empty=\"\" id=\"ODMwOjY3Nw==-1\"\/> <\/picture><figcaption class=\"wp-element-caption\">Foto: Luis Chac\u00edn<\/figcaption><\/figure>\n<p>Nocturneando se realizar\u00e1 desde las 4:00 pm hasta las 12:00 am y contar\u00e1 en esta edici\u00f3n con la participaci\u00f3n de varios artistas, entre ellos: <strong>Juan Miguel, Diveana, Joseph Amado y Gaitas D\u2019Total Zulianidad. <\/strong><\/p>\n<h2 id=\"otros-artistas-invitados\" class=\"rb-heading-index-2-825155 wp-block-heading\"><strong>Otros artistas invitados<\/strong><\/h2>\n<p><strong>\u2013<\/strong>Tambor Urbano<\/p>\n<p>-Rummy Olivo<\/p>\n<p>-Ensamble Afro Venezolano preinfantil n\u00facleo chacao<\/p>\n<p>-Grupo Cayiao<\/p>\n<p>-Orquesta Latino Caribe\u00f1a Sim\u00f3n Bol\u00edvar <\/p>\n<p>-Alejandro Acosta<\/p>\n<p>-Tal\u00eda Samarjian<\/p>\n<p>-La banda Poke<\/p>\n<p>Por otro lado, tambi\u00e9n habr\u00e1 actividades deportivas de la mano de Terapia de Baile Con Yassdance, exhibiciones de baile, feria gastron\u00f3mica, artistas pl\u00e1sticos y stand comedy.<\/p>\n<p>La Alcald\u00eda de Chacao inform\u00f3 que la actividad contar\u00e1 con dispositivo de seguridad de la Polic\u00eda municipal y atenci\u00f3n m\u00e9dica ofrecida por Salud Chacao y Protecci\u00f3n Civil.<\/p>\n<\/p><\/div>\n\n","protected":false},"excerpt":{"rendered":"<p>La Alcald\u00eda de Chacao realizar\u00e1 el s\u00e1bado 1\u00b0 de noviembre la novena edici\u00f3n de Nocturneando. La actividad cultural se llevar\u00e1 a cabo en el Casco Central de Chacao. De acuerdo con el alcalde, Gustavo Duque, se cerrar\u00e1n al menos 11 calles del municipio para el evento que comenzar\u00e1 a las 4:00 pm. Las calles que &hellip;<\/p>\n","protected":false},"author":1,"featured_media":47976,"comment_status":"open","ping_status":"open","sticky":false,"template":"","format":"standard","meta":{"fifu_image_url":"https:\/\/eldiario.com\/wp-content\/uploads\/2025\/10\/Nocturneando-1200x675.png","fifu_image_alt":"","footnotes":""},"categories":[13],"tags":[],"class_list":["post-47974","post","type-post","status-publish","format-standard","has-post-thumbnail","","category-mundo"],"_links":{"self":[{"href":"https:\/\/noticiasveraces.com\/index.php?rest_route=\/wp\/v2\/posts\/47974","targetHints":{"allow":["GET"]}}],"collection":[{"href":"https:\/\/noticiasveraces.com\/index.php?rest_route=\/wp\/v2\/posts"}],"about":[{"href":"https:\/\/noticiasveraces.com\/index.php?rest_route=\/wp\/v2\/types\/post"}],"author":[{"embeddable":true,"href":"https:\/\/noticiasveraces.com\/index.php?rest_route=\/wp\/v2\/users\/1"}],"replies":[{"embeddable":true,"href":"https:\/\/noticiasveraces.com\/index.php?rest_route=%2Fwp%2Fv2%2Fcomments&post=47974"}],"version-history":[{"count":0,"href":"https:\/\/noticiasveraces.com\/index.php?rest_route=\/wp\/v2\/posts\/47974\/revisions"}],"wp:featuredmedia":[{"embeddable":true,"href":"https:\/\/noticiasveraces.com\/index.php?rest_route=\/wp\/v2\/media\/47976"}],"wp:attachment":[{"href":"https:\/\/noticiasveraces.com\/index.php?rest_route=%2Fwp%2Fv2%2Fmedia&parent=47974"}],"wp:term":[{"taxonomy":"category","embeddable":true,"href":"https:\/\/noticiasveraces.com\/index.php?rest_route=%2Fwp%2Fv2%2Fcategories&post=47974"},{"taxonomy":"post_tag","embeddable":true,"href":"https:\/\/noticiasveraces.com\/index.php?rest_route=%2Fwp%2Fv2%2Ftags&post=47974"}],"curies":[{"name":"wp","href":"https:\/\/api.w.org\/{rel}","templated":true}]}}