{"id":47966,"date":"2025-10-30T23:02:03","date_gmt":"2025-10-31T03:02:03","guid":{"rendered":"https:\/\/noticiasveraces.com\/?p=47966"},"modified":"2025-10-30T23:02:03","modified_gmt":"2025-10-31T03:02:03","slug":"festival-enc-transforma-noviembre-en-vitrina-del-cortometraje-venezolano","status":"publish","type":"post","link":"https:\/\/noticiasveraces.com\/?p=47966","title":{"rendered":"Festival ENC transforma noviembre en vitrina del cortometraje venezolano"},"content":{"rendered":"<p> \n<\/p>\n<div>\n<article>\n<div class=\"image-featured\">\n<img src=\"data:image\/png;base64,iVBORw0KGgoAAAANSUhEUgAABQAAAANNAQAAAADgie7SAAAAAnRSTlMAAHaTzTgAAACbSURBVHja7cExAQAAAMKg9U9tCU+gAAAAAAAAAAAAAAAAAAAAAAAAAAAAAAAAAAAAAAAAAAAAAAAAAAAAAAAAAAAAAAAAAAAAAAAAAAAAAAAAAAAAAAAAAAAAAAAAAAAAAAAAAAAAAAAAAAAAAAAAAAAAAAAAAAAAAAAAAAAAAAAAAAAAAAAAAAAAAAAAAAAAAAAAAAAAAACAqwETiwABGRZ+xQAAAABJRU5ErkJggg==\" alt=\"Escuela Nacional de Cine\" data-src=\"https:\/\/elnacional-uploads.nyc3.digitaloceanspaces.com\/wp-content\/uploads\/2025\/10\/30205836\/Picsart_25-10-30_20-57-44-798-1280x845.jpg\" decoding=\"async\" class=\"lazyload\" data-eio-rwidth=\"1280\" data-eio-rheight=\"845\"\/><img decoding=\"async\" src=\"https:\/\/elnacional-uploads.nyc3.digitaloceanspaces.com\/wp-content\/uploads\/2025\/10\/30205836\/Picsart_25-10-30_20-57-44-798-1280x845.jpg\" alt=\"Escuela Nacional de Cine\" data-eio=\"l\"\/><figcaption>Las proyecciones se realizar\u00e1n en horario matutino, entre las 10:30 am y las 12:30 pm. Foto: Cortes\u00eda<\/figcaption><\/div>\n<p>La Escuela Nacional de Cine (ENC) anunci\u00f3 este jueves la sexta edici\u00f3n de su Festival de Cortometrajes, una propuesta que busca consolidar la creatividad audiovisual y el trabajo colectivo que define al cine nacional.<\/p>\n<p>Con m\u00e1s de 40 obras en cartelera, la programaci\u00f3n de esta edici\u00f3n se desarrollar\u00e1 todos los s\u00e1bados de noviembre \u20141, 8, 15, 22 y 29\u2014 en las salas de Cinepic del Centro Comercial Sambil, La Candelaria, y culminar\u00e1 el domingo 30 con una gala de premiaci\u00f3n abierta al p\u00fablico.<\/p>\n<blockquote class=\"instagram-media\" data-instgrm-permalink=\"https:\/\/www.instagram.com\/p\/DQXohfTjjHJ\/?igsh=MXg1dGhiampycmE2dQ==\" data-instgrm-version=\"14\" style=\"max-width: 500px\"\/>\n<p>Las proyecciones se realizar\u00e1n en horario matutino, entre las 10:30 am y las 12:30 pm, y tendr\u00e1n un costo de $5 por entrada.<\/p>\n<p>A trav\u00e9s de un comunicado, los organizadores explicaron que el objetivo de este festival es \u201cque la gente se acostumbre a ir al cine a ver cortometrajes venezolanos\u201d, y subrayaron que a su vez buscan \u201ccrear un espacio recurrente, mensual, patrocinado por la ENC, donde la sala de cine sea tambi\u00e9n un punto de encuentro, di\u00e1logo y celebraci\u00f3n para la comunidad cinematogr\u00e1fica y el p\u00fablico general\u201d.<\/p>\n<h2 class=\"wp-block-heading\" id=\"h-tres-secciones-revelan-el-mejor-cine-corto-venezolano-y-mundial\">Tres secciones revelan el mejor cine corto venezolano y mundial<\/h2>\n<p>La estructura del festival se divide en tres secciones principales. La Selecci\u00f3n Oficial re\u00fane lo m\u00e1s destacado del cortometraje venezolano producido entre 2024 y 2025, tanto en ficci\u00f3n como en documental.<\/p>\n<p>La secci\u00f3n Ganadores de Festivales Nacionales propone una competencia in\u00e9dita entre los cortos premiados en cert\u00e1menes como el Festival del Cine Venezolano, los Premios Soto, Biencortos, y otros encuentros regionales.<\/p>\n<p>Por su parte, la muestra de Invitados Internacionales incluye obras provenientes de Espa\u00f1a, Irlanda y B\u00e9lgica, gracias al respaldo de embajadas aliadas y la Delegaci\u00f3n de la Uni\u00f3n Europea.<\/p>\n<h3 class=\"wp-block-heading\" id=\"h-resaltan-esfuerzo-colectivo\">Resaltan esfuerzo colectivo<\/h3>\n<p>Adem\u00e1s de destacar el contenido narrativo y t\u00e9cnico de las obras, el festival pone especial \u00e9nfasis en el reconocimiento del trabajo colectivo.<\/p>\n<p>Por ello, se entregar\u00e1n galardones a los mejores departamentos de Fotograf\u00eda, Arte, Sonido y Edici\u00f3n, otorgando certificados a cada integrante del equipo como parte del compromiso de visibilizar el esfuerzo conjunto detr\u00e1s de cada producci\u00f3n.<\/p>\n<\/article>\n<\/div>\n<p><script async src=\"\/\/www.instagram.com\/embed.js\"><\/script><br \/>\n<br \/>\n","protected":false},"excerpt":{"rendered":"<p>Las proyecciones se realizar\u00e1n en horario matutino, entre las 10:30 am y las 12:30 pm. Foto: Cortes\u00eda La Escuela Nacional de Cine (ENC) anunci\u00f3 este jueves la sexta edici\u00f3n de su Festival de Cortometrajes, una propuesta que busca consolidar la creatividad audiovisual y el trabajo colectivo que define al cine nacional. Con m\u00e1s de 40 &hellip;<\/p>\n","protected":false},"author":1,"featured_media":47968,"comment_status":"open","ping_status":"open","sticky":false,"template":"","format":"standard","meta":{"fifu_image_url":"https:\/\/elnacional-uploads.nyc3.digitaloceanspaces.com\/wp-content\/uploads\/2025\/10\/30205836\/Picsart_25-10-30_20-57-44-798.jpg","fifu_image_alt":"","footnotes":""},"categories":[13],"tags":[],"class_list":["post-47966","post","type-post","status-publish","format-standard","has-post-thumbnail","","category-mundo"],"_links":{"self":[{"href":"https:\/\/noticiasveraces.com\/index.php?rest_route=\/wp\/v2\/posts\/47966","targetHints":{"allow":["GET"]}}],"collection":[{"href":"https:\/\/noticiasveraces.com\/index.php?rest_route=\/wp\/v2\/posts"}],"about":[{"href":"https:\/\/noticiasveraces.com\/index.php?rest_route=\/wp\/v2\/types\/post"}],"author":[{"embeddable":true,"href":"https:\/\/noticiasveraces.com\/index.php?rest_route=\/wp\/v2\/users\/1"}],"replies":[{"embeddable":true,"href":"https:\/\/noticiasveraces.com\/index.php?rest_route=%2Fwp%2Fv2%2Fcomments&post=47966"}],"version-history":[{"count":0,"href":"https:\/\/noticiasveraces.com\/index.php?rest_route=\/wp\/v2\/posts\/47966\/revisions"}],"wp:featuredmedia":[{"embeddable":true,"href":"https:\/\/noticiasveraces.com\/index.php?rest_route=\/wp\/v2\/media\/47968"}],"wp:attachment":[{"href":"https:\/\/noticiasveraces.com\/index.php?rest_route=%2Fwp%2Fv2%2Fmedia&parent=47966"}],"wp:term":[{"taxonomy":"category","embeddable":true,"href":"https:\/\/noticiasveraces.com\/index.php?rest_route=%2Fwp%2Fv2%2Fcategories&post=47966"},{"taxonomy":"post_tag","embeddable":true,"href":"https:\/\/noticiasveraces.com\/index.php?rest_route=%2Fwp%2Fv2%2Ftags&post=47966"}],"curies":[{"name":"wp","href":"https:\/\/api.w.org\/{rel}","templated":true}]}}