{"id":47953,"date":"2025-10-30T21:22:16","date_gmt":"2025-10-31T01:22:16","guid":{"rendered":"https:\/\/noticiasveraces.com\/?p=47953"},"modified":"2025-10-30T21:22:16","modified_gmt":"2025-10-31T01:22:16","slug":"la-viral-fotografia-de-ronaldinho-y-el-colombiano-jorge-carrascal-que-ha-llamado-la-atencion-veala-curiosidades-de-futbol","status":"publish","type":"post","link":"https:\/\/noticiasveraces.com\/?p=47953","title":{"rendered":"La viral fotograf\u00eda de Ronaldinho y el colombiano Jorge Carrascal que ha llamado la atenci\u00f3n: v\u00e9ala | Curiosidades de f\u00fatbol"},"content":{"rendered":"<p> \n<br \/><img decoding=\"async\" src=\"https:\/\/www.futbolred.com\/files\/article_graphic\/uploads\/2024\/02\/22\/65d77357a1b6f.jpeg\" \/><\/p>\n<div id=\"cuerpoArticulo\">\n<p class=\"texto intro cnx-companion-firstparagraph\" id=\"p257926-m797-796-798\">Con 27, Jorge Carrascal se ha consolidado como una de las figuras colombianas en el f\u00fatbol brasile\u00f1o. Actualmente, juega en el Flamengo, club que clasific\u00f3 a la final de Copa Libertadores, pero dentro de su amplia trayectoria se encuentran clubes como River Plate, CSKA de Mosc\u00fa y claro, la Selecci\u00f3n Colombia, donde ha tenido la oportunidad de jugar en varias ocasiones. <\/p>\n<p>El nacido en Cartagena debut\u00f3 con Millonarios en el 2014 y desde entonces, ha buscado figurar en el f\u00fatbol internacional. Hace algunos a\u00f1os, luego de marcar un gol con la &#8216;tricolor&#8217; afirm\u00f3 que su inspiraci\u00f3n era Ronaldinho, ahora, en el 2025, tuvo la oportunidad de conocerlo y compartir un agradable momento. <\/p>\n<p class=\"texto contenido-parrafo-articulo cnx-companion-paragraph\" id=\"p257926-m873-3-874\">El hist\u00f3rico jugador brasile\u00f1o se reuni\u00f3 con Jorge Carrascal y el encuentro qued\u00f3 inmortalizado en una fotograf\u00eda, que fue compartida en las redes sociales del colombiano. <\/p>\n<p>Carrascal comparti\u00f3 la imagen donde se observa a Ronaldinho muy sonriente, mientras que, a su lado, se encuentra el jugador &#8216;cafetero&#8217;. <\/p>\n<p>El colombiano aprovech\u00f3 para dedicar un corto pero sentido mensaje en agradecimiento a la leyenda de Brasil y el mundo. \u201cLa verdadera bestia (emoji de bal\u00f3n)\u201d, haciendo referencia al f\u00fatbol. Adem\u00e1s, destac\u00f3 que lo considera un \u201c\u00eddolo\u201d.<\/p>\n<p>Vale recordar que en unas declaraciones dadas en 2020, Jorge manifest\u00f3 que:\u00a0\u201cDesde ni\u00f1o admiro a Ronaldinho y \u00e9l es el que me inspira y trato de aprenderle cosas que luego trato de hacer con mis compa\u00f1eros que me ayudan a explotar ese talento\u201d.<\/p>\n<p><span class=\"articulo-subtitulo subtitulo2 espacio-contenido cnx-companion-subtitle\" id=\"p257926-m879-4-880\">Vea la foto entre Jorge Carrascal y Ronaldinho<\/span><\/div>\n\n","protected":false},"excerpt":{"rendered":"<p>Con 27, Jorge Carrascal se ha consolidado como una de las figuras colombianas en el f\u00fatbol brasile\u00f1o. Actualmente, juega en el Flamengo, club que clasific\u00f3 a la final de Copa Libertadores, pero dentro de su amplia trayectoria se encuentran clubes como River Plate, CSKA de Mosc\u00fa y claro, la Selecci\u00f3n Colombia, donde ha tenido la &hellip;<\/p>\n","protected":false},"author":1,"featured_media":47955,"comment_status":"open","ping_status":"open","sticky":false,"template":"","format":"standard","meta":{"fifu_image_url":"https:\/\/www.futbolred.com\/files\/og_thumbnail\/uploads\/2024\/02\/22\/65d77357a1b6f.jpeg","fifu_image_alt":"","footnotes":""},"categories":[6],"tags":[],"class_list":["post-47953","post","type-post","status-publish","format-standard","has-post-thumbnail","","category-deportes"],"_links":{"self":[{"href":"https:\/\/noticiasveraces.com\/index.php?rest_route=\/wp\/v2\/posts\/47953","targetHints":{"allow":["GET"]}}],"collection":[{"href":"https:\/\/noticiasveraces.com\/index.php?rest_route=\/wp\/v2\/posts"}],"about":[{"href":"https:\/\/noticiasveraces.com\/index.php?rest_route=\/wp\/v2\/types\/post"}],"author":[{"embeddable":true,"href":"https:\/\/noticiasveraces.com\/index.php?rest_route=\/wp\/v2\/users\/1"}],"replies":[{"embeddable":true,"href":"https:\/\/noticiasveraces.com\/index.php?rest_route=%2Fwp%2Fv2%2Fcomments&post=47953"}],"version-history":[{"count":0,"href":"https:\/\/noticiasveraces.com\/index.php?rest_route=\/wp\/v2\/posts\/47953\/revisions"}],"wp:featuredmedia":[{"embeddable":true,"href":"https:\/\/noticiasveraces.com\/index.php?rest_route=\/wp\/v2\/media\/47955"}],"wp:attachment":[{"href":"https:\/\/noticiasveraces.com\/index.php?rest_route=%2Fwp%2Fv2%2Fmedia&parent=47953"}],"wp:term":[{"taxonomy":"category","embeddable":true,"href":"https:\/\/noticiasveraces.com\/index.php?rest_route=%2Fwp%2Fv2%2Fcategories&post=47953"},{"taxonomy":"post_tag","embeddable":true,"href":"https:\/\/noticiasveraces.com\/index.php?rest_route=%2Fwp%2Fv2%2Ftags&post=47953"}],"curies":[{"name":"wp","href":"https:\/\/api.w.org\/{rel}","templated":true}]}}