{"id":47948,"date":"2025-10-30T21:10:11","date_gmt":"2025-10-31T01:10:11","guid":{"rendered":"https:\/\/noticiasveraces.com\/?p=47948"},"modified":"2025-10-30T21:10:11","modified_gmt":"2025-10-31T01:10:11","slug":"mas-de-2-mil-cientificos-venezolanos-se-han-formado-en-la-agencia-bolivariana-para-actividades-espaciales-correo-del-orinoco","status":"publish","type":"post","link":"https:\/\/noticiasveraces.com\/?p=47948","title":{"rendered":"M\u00e1s de 2 mil cient\u00edficos venezolanos se han formado en la Agencia Bolivariana para Actividades Espaciales &#8211; Correo del Orinoco"},"content":{"rendered":"<p> \n<\/p>\n<div>\n<p>La vicepresidenta sectorial de Ciencia, Tecnolog\u00eda, Educaci\u00f3n y Salud,\u00a0Gabriela Jim\u00e9nez,\u00a0inform\u00f3 que\u00a0m\u00e1s de 2 mil cient\u00edficos venezolanos se han formado en la\u00a0Agencia Bolivariana para Actividades Espaciales (ABAE).<\/p>\n<p>Jim\u00e9nez\u00a0afirm\u00f3 que las capacitaciones se han realizado gracias a las s\u00f3lidas relaciones de cooperaci\u00f3n con China, Rusia, Brasil y Francia.<\/p>\n<p>Durante el\u00a0Primer Congreso Internacional Espacial, la alta funcionaria tambi\u00e9n celebr\u00f3 los 18 a\u00f1os de la instituci\u00f3n creada por el Gobierno Revolucionario.<\/p>\n<p>Entretanto, agreg\u00f3 que la ciencia especial es una \u00abagenda de desarrollo nacional\u00bb que genera capacidades esenciales para la\u00a0planificaci\u00f3n urbana, la gesti\u00f3n del cambio clim\u00e1tico y la seguridad del Estado.<\/p>\n<h6>T\/CO<\/h6>\n<\/p><\/div>\n\n","protected":false},"excerpt":{"rendered":"<p>La vicepresidenta sectorial de Ciencia, Tecnolog\u00eda, Educaci\u00f3n y Salud,\u00a0Gabriela Jim\u00e9nez,\u00a0inform\u00f3 que\u00a0m\u00e1s de 2 mil cient\u00edficos venezolanos se han formado en la\u00a0Agencia Bolivariana para Actividades Espaciales (ABAE). Jim\u00e9nez\u00a0afirm\u00f3 que las capacitaciones se han realizado gracias a las s\u00f3lidas relaciones de cooperaci\u00f3n con China, Rusia, Brasil y Francia. Durante el\u00a0Primer Congreso Internacional Espacial, la alta funcionaria tambi\u00e9n &hellip;<\/p>\n","protected":false},"author":1,"featured_media":47949,"comment_status":"open","ping_status":"open","sticky":false,"template":"","format":"standard","meta":{"fifu_image_url":"http:\/\/190.202.124.19\/wp-content\/uploads\/2025\/10\/04_JZ_L3400_P-1024x1024.jpg","fifu_image_alt":"","footnotes":""},"categories":[13],"tags":[],"class_list":["post-47948","post","type-post","status-publish","format-standard","has-post-thumbnail","","category-mundo"],"_links":{"self":[{"href":"https:\/\/noticiasveraces.com\/index.php?rest_route=\/wp\/v2\/posts\/47948","targetHints":{"allow":["GET"]}}],"collection":[{"href":"https:\/\/noticiasveraces.com\/index.php?rest_route=\/wp\/v2\/posts"}],"about":[{"href":"https:\/\/noticiasveraces.com\/index.php?rest_route=\/wp\/v2\/types\/post"}],"author":[{"embeddable":true,"href":"https:\/\/noticiasveraces.com\/index.php?rest_route=\/wp\/v2\/users\/1"}],"replies":[{"embeddable":true,"href":"https:\/\/noticiasveraces.com\/index.php?rest_route=%2Fwp%2Fv2%2Fcomments&post=47948"}],"version-history":[{"count":0,"href":"https:\/\/noticiasveraces.com\/index.php?rest_route=\/wp\/v2\/posts\/47948\/revisions"}],"wp:featuredmedia":[{"embeddable":true,"href":"https:\/\/noticiasveraces.com\/index.php?rest_route=\/wp\/v2\/media\/47949"}],"wp:attachment":[{"href":"https:\/\/noticiasveraces.com\/index.php?rest_route=%2Fwp%2Fv2%2Fmedia&parent=47948"}],"wp:term":[{"taxonomy":"category","embeddable":true,"href":"https:\/\/noticiasveraces.com\/index.php?rest_route=%2Fwp%2Fv2%2Fcategories&post=47948"},{"taxonomy":"post_tag","embeddable":true,"href":"https:\/\/noticiasveraces.com\/index.php?rest_route=%2Fwp%2Fv2%2Ftags&post=47948"}],"curies":[{"name":"wp","href":"https:\/\/api.w.org\/{rel}","templated":true}]}}