{"id":47945,"date":"2025-10-30T20:15:13","date_gmt":"2025-10-31T00:15:13","guid":{"rendered":"https:\/\/noticiasveraces.com\/?p=47945"},"modified":"2025-10-30T20:15:13","modified_gmt":"2025-10-31T00:15:13","slug":"las-tasas-de-cancer-aumentan-mas-rapidamente-en-los-estados-del-cinturon-del-maiz-que-en-el-resto-de-estados-unidos","status":"publish","type":"post","link":"https:\/\/noticiasveraces.com\/?p=47945","title":{"rendered":"Las tasas de c\u00e1ncer aumentan m\u00e1s r\u00e1pidamente en los estados del cintur\u00f3n del ma\u00edz que en el resto de Estados Unidos"},"content":{"rendered":"<p> \n<\/p>\n<div>\n<div id=\"beyondwords-wrapper\" class=\"beyondwords-wrapper\">\n<p><span class=\"label-bg\">NUEVO<\/span>\u00a1Ahora puedes escuchar los art\u00edculos de Fox News!\n  <\/p>\n<\/div>\n<p class=\"speakable\">Mientras que las tasas de c\u00e1ncer en el resto del pa\u00eds est\u00e1n disminuyendo, las de Iowa, Nebraska, Illinois, Minnesota, Indiana y Kansas (conocidas como el Cintur\u00f3n del Ma\u00edz) est\u00e1n aumentando a un ritmo alarmante, seg\u00fan muestran los datos.<\/p>\n<p class=\"speakable\">El aumento en los estados productores de ma\u00edz de Estados Unidos llam\u00f3 la atenci\u00f3n del Centro Integral de C\u00e1ncer Holden de la Universidad de Iowa, que reuni\u00f3 un panel para investigar la tendencia. <\/p>\n<p>Uno de los expertos, la Dra. Marian Neuhouser, profesora del Centro Oncol\u00f3gico Fred Hutchinson de Seattle, form\u00f3 parte del panel como experta en nutrici\u00f3n y obesidad.<\/p>\n<p><strong>EL C\u00c1NCER COLORRECTAL PUEDE CAUSAR ESTOS 4 SE\u00d1ALES DE ADVERTENCIA OCULTAS, DICEN LOS EXPERTOS<\/strong><\/p>\n<p>\u00abEl panel surgi\u00f3 despu\u00e9s de que notaron que las tendencias de la incidencia del c\u00e1ncer estaban aumentando a un ritmo m\u00e1s r\u00e1pido en Iowa que en otros estados\u00bb, dijo Neuhouser a Fox News Digital.<\/p>\n<p>Un an\u00e1lisis de datos realizado por The Washington Post basado en conjuntos de datos de salud federales encontr\u00f3 que la cantidad de personas diagnosticadas con c\u00e1ncer en los seis estados del cintur\u00f3n del ma\u00edz ha superado el promedio nacional desde mediados de la d\u00e9cada de 2010. <\/p>\n<div class=\"image-ct inline\">\n<div class=\"m\"><picture><source media=\"(max-width: 767px)\" srcset=\"https:\/\/a57.foxnews.com\/static.foxnews.com\/foxnews.com\/content\/uploads\/2025\/10\/343\/192\/corn-field-road.jpg?ve=1&amp;tl=1, https:\/\/a57.foxnews.com\/static.foxnews.com\/foxnews.com\/content\/uploads\/2025\/10\/686\/384\/corn-field-road.jpg?ve=1&amp;tl=1 2x\" height=\"192\" width=\"343\"><source media=\"(min-width: 768px) and (max-width: 1023px)\" srcset=\"https:\/\/a57.foxnews.com\/static.foxnews.com\/foxnews.com\/content\/uploads\/2025\/10\/672\/378\/corn-field-road.jpg?ve=1&amp;tl=1, https:\/\/a57.foxnews.com\/static.foxnews.com\/foxnews.com\/content\/uploads\/2025\/10\/1344\/756\/corn-field-road.jpg?ve=1&amp;tl=1 2x\" height=\"378\" width=\"672\"><source media=\"(min-width: 1024px) and (max-width: 1279px)\" srcset=\"https:\/\/a57.foxnews.com\/static.foxnews.com\/foxnews.com\/content\/uploads\/2025\/10\/931\/523\/corn-field-road.jpg?ve=1&amp;tl=1, https:\/\/a57.foxnews.com\/static.foxnews.com\/foxnews.com\/content\/uploads\/2025\/10\/1862\/1046\/corn-field-road.jpg?ve=1&amp;tl=1 2x\" height=\"523\" width=\"931\"><source media=\"(min-width: 1280px)\" srcset=\"https:\/\/a57.foxnews.com\/static.foxnews.com\/foxnews.com\/content\/uploads\/2025\/10\/720\/405\/corn-field-road.jpg?ve=1&amp;tl=1, https:\/\/a57.foxnews.com\/static.foxnews.com\/foxnews.com\/content\/uploads\/2025\/10\/1440\/810\/corn-field-road.jpg?ve=1&amp;tl=1 2x\" height=\"405\" width=\"720\"><img loading=\"lazy\" decoding=\"async\" src=\"https:\/\/a57.foxnews.com\/static.foxnews.com\/foxnews.com\/content\/uploads\/2025\/10\/1200\/675\/corn-field-road.jpg?ve=1&amp;tl=1\" alt=\"Country Road en una ma\u00f1ana brumosa, tallos de ma\u00edz a ambos lados\" width=\"1200\" height=\"675\"\/><\/source><\/source><\/source><\/source><\/picture><\/div>\n<div class=\"info\">\n<div class=\"caption\">\n<p><span>Mientras que las tasas de c\u00e1ncer en el resto del pa\u00eds est\u00e1n disminuyendo, las de los estados del cintur\u00f3n maicero (Iowa, Nebraska, Illinois, Minnesota, Indiana y Kansas) est\u00e1n aumentando a un ritmo alarmante.<\/span> <span>(iStock)<\/span><\/p>\n<\/div>\n<\/div>\n<\/div>\n<p>En 1999, las tasas de c\u00e1ncer en el Medio Oeste estaban a la par del promedio nacional. Ahora, entre los residentes de 15 a 49 a\u00f1os, esas tasas son aproximadamente un 5% m\u00e1s altas, un patr\u00f3n que comenz\u00f3 a divergir en la d\u00e9cada de 2000 y se ha ampliado constantemente.<\/p>\n<p>El Post bas\u00f3 sus hallazgos en datos del Instituto Nacional del C\u00e1ncer y los Centros para el Control y la Prevenci\u00f3n de Enfermedades, que rastrean la incidencia del c\u00e1ncer en todo el pa\u00eds.<\/p>\n<p><strong>EL RIESGO DE C\u00c1NCER DE COLON SE REDUCE AL COMER TIPOS ESPEC\u00cdFICOS DE VERDURAS, ENCUENTRA UN ESTUDIO<\/strong><\/p>\n<p>El an\u00e1lisis compar\u00f3 las tasas desde 1999 hasta 2022 utilizando promedios de varios a\u00f1os para Iowa y excluyendo 2020 debido a interrupciones pand\u00e9micas.<\/p>\n<h2>Los expertos investigan las causas<\/h2>\n<p>Neuhouser se\u00f1al\u00f3 que algunos de los aumentos involucran c\u00e1nceres que se pueden prevenir o detectar mediante pruebas de detecci\u00f3n.<\/p>\n<p>Los investigadores est\u00e1n examinando factores ambientales y de estilo de vida que podr\u00edan estar impulsando el aumento.<\/p>\n<div class=\"image-ct inline\">\n<div class=\"m\"><picture><source media=\"(max-width: 767px)\" srcset=\"https:\/\/a57.foxnews.com\/static.foxnews.com\/foxnews.com\/content\/uploads\/2025\/10\/343\/192\/man-walking-cornfield-at-night.jpg?ve=1&amp;tl=1, https:\/\/a57.foxnews.com\/static.foxnews.com\/foxnews.com\/content\/uploads\/2025\/10\/686\/384\/man-walking-cornfield-at-night.jpg?ve=1&amp;tl=1 2x\" height=\"192\" width=\"343\"><source media=\"(min-width: 768px) and (max-width: 1023px)\" srcset=\"https:\/\/a57.foxnews.com\/static.foxnews.com\/foxnews.com\/content\/uploads\/2025\/10\/672\/378\/man-walking-cornfield-at-night.jpg?ve=1&amp;tl=1, https:\/\/a57.foxnews.com\/static.foxnews.com\/foxnews.com\/content\/uploads\/2025\/10\/1344\/756\/man-walking-cornfield-at-night.jpg?ve=1&amp;tl=1 2x\" height=\"378\" width=\"672\"><source media=\"(min-width: 1024px) and (max-width: 1279px)\" srcset=\"https:\/\/a57.foxnews.com\/static.foxnews.com\/foxnews.com\/content\/uploads\/2025\/10\/931\/523\/man-walking-cornfield-at-night.jpg?ve=1&amp;tl=1, https:\/\/a57.foxnews.com\/static.foxnews.com\/foxnews.com\/content\/uploads\/2025\/10\/1862\/1046\/man-walking-cornfield-at-night.jpg?ve=1&amp;tl=1 2x\" height=\"523\" width=\"931\"><source media=\"(min-width: 1280px)\" srcset=\"https:\/\/a57.foxnews.com\/static.foxnews.com\/foxnews.com\/content\/uploads\/2025\/10\/720\/405\/man-walking-cornfield-at-night.jpg?ve=1&amp;tl=1, https:\/\/a57.foxnews.com\/static.foxnews.com\/foxnews.com\/content\/uploads\/2025\/10\/1440\/810\/man-walking-cornfield-at-night.jpg?ve=1&amp;tl=1 2x\" height=\"405\" width=\"720\"><img loading=\"lazy\" decoding=\"async\" src=\"https:\/\/a57.foxnews.com\/static.foxnews.com\/foxnews.com\/content\/uploads\/2025\/10\/1200\/675\/man-walking-cornfield-at-night.jpg?ve=1&amp;tl=1\" alt=\"hombre caminando en el maizal por la noche\" width=\"1200\" height=\"675\"\/><\/source><\/source><\/source><\/source><\/picture><\/div>\n<div class=\"info\">\n<div class=\"caption\">\n<p><span>Un panel de expertos se reuni\u00f3 en Iowa despu\u00e9s de que se conocieran m\u00e1s cifras sobre el alarmante aumento en las tasas de c\u00e1ncer.<\/span> <span>(iStock)<\/span><\/p>\n<\/div>\n<\/div>\n<\/div>\n<p>La exposici\u00f3n a los rayos UV al aire libre y las altas tasas de consumo excesivo de alcohol podr\u00edan contribuir, seg\u00fan el Registro de C\u00e1ncer de Iowa, parte de la red de vigilancia de los Institutos Nacionales de Salud.<\/p>\n<p>El Centro de Investigaci\u00f3n de Ciencias de la Salud Ambiental de Iowa ha descrito al estado como un \u00abpunto cr\u00edtico de exposici\u00f3n ambiental a agentes cancer\u00edgenos\u00bb. <\/p>\n<p><strong>LAS MUERTES POR C\u00c1NCER TIENEN UN AUMENTO &#8216;ALarmante&#8217; DEBIDO A UNA CONDICI\u00d3N DE SALUD COM\u00daN, DICEN LOS EXPERTOS<\/strong><\/p>\n<p>Seg\u00fan se informa, el suelo y el agua subterr\u00e1nea de la regi\u00f3n contienen algunos de los niveles m\u00e1s altos de rad\u00f3n y nitrato natural del pa\u00eds, en gran parte debido al uso de fertilizantes en la agricultura. Ambas sustancias se han relacionado con altos riesgos de c\u00e1ncer de pulm\u00f3n y gastrointestinal.<\/p>\n<p>Mientras tanto, la aplicaci\u00f3n generalizada de pesticidas y herbicidas, incluido el glifosato, contin\u00faa generando debate entre cient\u00edficos y reguladores.<\/p>\n<div class=\"image-ct inline\">\n<div class=\"m\"><picture><source media=\"(max-width: 767px)\" srcset=\"https:\/\/a57.foxnews.com\/static.foxnews.com\/foxnews.com\/content\/uploads\/2025\/10\/343\/192\/tractor-in-field.jpg?ve=1&amp;tl=1, https:\/\/a57.foxnews.com\/static.foxnews.com\/foxnews.com\/content\/uploads\/2025\/10\/686\/384\/tractor-in-field.jpg?ve=1&amp;tl=1 2x\" height=\"192\" width=\"343\"><source media=\"(min-width: 768px) and (max-width: 1023px)\" srcset=\"https:\/\/a57.foxnews.com\/static.foxnews.com\/foxnews.com\/content\/uploads\/2025\/10\/672\/378\/tractor-in-field.jpg?ve=1&amp;tl=1, https:\/\/a57.foxnews.com\/static.foxnews.com\/foxnews.com\/content\/uploads\/2025\/10\/1344\/756\/tractor-in-field.jpg?ve=1&amp;tl=1 2x\" height=\"378\" width=\"672\"><source media=\"(min-width: 1024px) and (max-width: 1279px)\" srcset=\"https:\/\/a57.foxnews.com\/static.foxnews.com\/foxnews.com\/content\/uploads\/2025\/10\/931\/523\/tractor-in-field.jpg?ve=1&amp;tl=1, https:\/\/a57.foxnews.com\/static.foxnews.com\/foxnews.com\/content\/uploads\/2025\/10\/1862\/1046\/tractor-in-field.jpg?ve=1&amp;tl=1 2x\" height=\"523\" width=\"931\"><source media=\"(min-width: 1280px)\" srcset=\"https:\/\/a57.foxnews.com\/static.foxnews.com\/foxnews.com\/content\/uploads\/2025\/10\/720\/405\/tractor-in-field.jpg?ve=1&amp;tl=1, https:\/\/a57.foxnews.com\/static.foxnews.com\/foxnews.com\/content\/uploads\/2025\/10\/1440\/810\/tractor-in-field.jpg?ve=1&amp;tl=1 2x\" height=\"405\" width=\"720\"><img loading=\"lazy\" decoding=\"async\" src=\"https:\/\/a57.foxnews.com\/static.foxnews.com\/foxnews.com\/content\/uploads\/2025\/10\/1200\/675\/tractor-in-field.jpg?ve=1&amp;tl=1\" alt=\"Vista a\u00e9rea panor\u00e1mica del paisaje de la cosechadora en funcionamiento por la noche con luces que iluminan el campo\" width=\"1200\" height=\"675\"\/><\/source><\/source><\/source><\/source><\/picture><\/div>\n<div class=\"info\">\n<div class=\"caption\">\n<p><span>Donde antes los campos simbolizaban abundancia, ahora plantean preguntas sobre c\u00f3mo los productos qu\u00edmicos utilizados para mantenerlos podr\u00edan afectar la salud de las personas.<\/span> <span>(iStock)<\/span><\/p>\n<\/div>\n<\/div>\n<\/div>\n<h2>Riesgo de exposici\u00f3n qu\u00edmica<\/h2>\n<p>La Dra. Anne McTiernan, profesora de epidemiolog\u00eda en el Centro Oncol\u00f3gico Fred Hutchinson de Seattle, ha analizado d\u00e9cadas de investigaci\u00f3n sobre el glifosato y el riesgo de c\u00e1ncer.<\/p>\n<p>\u00abEl glifosato, un herbicida de amplio espectro, se ha utilizado en Estados Unidos durante d\u00e9cadas y se dice que es el pesticida m\u00e1s utilizado a nivel mundial\u00bb, dijo a Fox News Digital.<\/p>\n<p><strong>HAGA CLIC AQU\u00cd PARA DESCARGAR LA APLICACI\u00d3N FOX NEWS<\/strong><\/p>\n<p>La Agencia Internacional para la Investigaci\u00f3n del C\u00e1ncer de la Organizaci\u00f3n Mundial de la Salud clasific\u00f3 el glifosato como \u00abun carcin\u00f3geno 2A (\u00abprobablemente carcin\u00f3geno para los humanos\u00bb), que es el segundo grado m\u00e1s alto de carcin\u00f3geno, seg\u00fan McTiernan.<\/p>\n<p><strong><u>HAGA CLIC AQU\u00cd PARA SUSCRIBIRSE A NUESTRO BOLET\u00cdN DE SALUD<\/u><\/strong><\/p>\n<p>Su revisi\u00f3n de estudios hasta 2025 encontr\u00f3 que las personas con una alta exposici\u00f3n prolongada al glifosato, como los que trabajan en granjas, ten\u00edan aproximadamente un 40% m\u00e1s de riesgo de desarrollar linfoma no Hodgkin en comparaci\u00f3n con aquellos que nunca estuvieron expuestos.<\/p>\n<div class=\"image-ct inline\">\n<div class=\"m\"><picture><source media=\"(max-width: 767px)\" srcset=\"https:\/\/a57.foxnews.com\/static.foxnews.com\/foxnews.com\/content\/uploads\/2025\/10\/343\/192\/woman-field-corn.jpg?ve=1&amp;tl=1, https:\/\/a57.foxnews.com\/static.foxnews.com\/foxnews.com\/content\/uploads\/2025\/10\/686\/384\/woman-field-corn.jpg?ve=1&amp;tl=1 2x\" height=\"192\" width=\"343\"><source media=\"(min-width: 768px) and (max-width: 1023px)\" srcset=\"https:\/\/a57.foxnews.com\/static.foxnews.com\/foxnews.com\/content\/uploads\/2025\/10\/672\/378\/woman-field-corn.jpg?ve=1&amp;tl=1, https:\/\/a57.foxnews.com\/static.foxnews.com\/foxnews.com\/content\/uploads\/2025\/10\/1344\/756\/woman-field-corn.jpg?ve=1&amp;tl=1 2x\" height=\"378\" width=\"672\"><source media=\"(min-width: 1024px) and (max-width: 1279px)\" srcset=\"https:\/\/a57.foxnews.com\/static.foxnews.com\/foxnews.com\/content\/uploads\/2025\/10\/931\/523\/woman-field-corn.jpg?ve=1&amp;tl=1, https:\/\/a57.foxnews.com\/static.foxnews.com\/foxnews.com\/content\/uploads\/2025\/10\/1862\/1046\/woman-field-corn.jpg?ve=1&amp;tl=1 2x\" height=\"523\" width=\"931\"><source media=\"(min-width: 1280px)\" srcset=\"https:\/\/a57.foxnews.com\/static.foxnews.com\/foxnews.com\/content\/uploads\/2025\/10\/720\/405\/woman-field-corn.jpg?ve=1&amp;tl=1, https:\/\/a57.foxnews.com\/static.foxnews.com\/foxnews.com\/content\/uploads\/2025\/10\/1440\/810\/woman-field-corn.jpg?ve=1&amp;tl=1 2x\" height=\"405\" width=\"720\"><img loading=\"lazy\" decoding=\"async\" src=\"https:\/\/a57.foxnews.com\/static.foxnews.com\/foxnews.com\/content\/uploads\/2025\/10\/1200\/675\/woman-field-corn.jpg?ve=1&amp;tl=1\" alt=\"Se ve a una mujer joven a trav\u00e9s de las hojas de ma\u00edz. Ella se da vuelta y corre por el campo.\" width=\"1200\" height=\"675\"\/><\/source><\/source><\/source><\/source><\/picture><\/div>\n<div class=\"info\">\n<div class=\"caption\">\n<p><span>Los investigadores advierten que las causas de los picos de c\u00e1ncer en el cintur\u00f3n del ma\u00edz pueden deberse a d\u00e9cadas de exposici\u00f3n invisible.<\/span> <span>(iStock)<\/span><\/p>\n<\/div>\n<\/div>\n<\/div>\n<p>Seg\u00fan el experto, este nivel de mayor riesgo, combinado con evidencia de laboratorio de que el glifosato puede da\u00f1ar el ADN y causar estr\u00e9s celular, se considera lo suficientemente fuerte como para respaldar un v\u00ednculo causal.<\/p>\n<p><strong><u>PRUEBA CON NUESTRO \u00daLTIMO QUIZ DE ESTILO DE VIDA<\/u><\/strong><\/p>\n<h2>Papel de la obesidad y el alcohol <\/h2>\n<p>Los factores del estilo de vida tambi\u00e9n agravan el riesgo. Seg\u00fan los datos de los CDC, alrededor del 21% de los adultos de Iowa reportan beber en exceso o en exceso, en comparaci\u00f3n con aproximadamente el 17% a nivel nacional.<\/p>\n<p>El Departamento de Salud y Servicios Humanos de Iowa informa que alrededor del 35% de los adultos en el estado est\u00e1n clasificados como obesos, lo que lo ubica entre 19 estados con una prevalencia de obesidad igual o superior a ese nivel. A nivel nacional, los CDC informan una tasa de obesidad en adultos de aproximadamente el 40%.<\/p>\n<p><strong><u>HAGA CLIC AQU\u00cd PARA M\u00c1S HISTORIAS DE SALUD<\/u><\/strong><\/p>\n<p>Neuhouser se\u00f1al\u00f3 que 13 tipos de c\u00e1ncer distintos est\u00e1n relacionados con la obesidad. <\/p>\n<p>\u00abA todo el mundo le gustar\u00eda poder reducir el riesgo de c\u00e1ncer&#8230; a una sola exposici\u00f3n, pero el c\u00e1ncer es tan complejo que normalmente son varios factores los que trabajan juntos\u00bb, afirm\u00f3.<\/p>\n<p> <!----> <\/p>\n<div class=\"article-meta\">\n<div class=\"author-bio\">\n<p>Khloe Quill es asistente de producci\u00f3n de estilo de vida en Fox News Digital. Ella y el equipo de estilo de vida cubren una variedad de temas que incluyen comida y bebida, viajes y salud. <\/p>\n<\/div>\n<\/div>\n<\/div>\n\n","protected":false},"excerpt":{"rendered":"<p>NUEVO\u00a1Ahora puedes escuchar los art\u00edculos de Fox News! Mientras que las tasas de c\u00e1ncer en el resto del pa\u00eds est\u00e1n disminuyendo, las de Iowa, Nebraska, Illinois, Minnesota, Indiana y Kansas (conocidas como el Cintur\u00f3n del Ma\u00edz) est\u00e1n aumentando a un ritmo alarmante, seg\u00fan muestran los datos. El aumento en los estados productores de ma\u00edz de &hellip;<\/p>\n","protected":false},"author":1,"featured_media":47947,"comment_status":"open","ping_status":"open","sticky":false,"template":"","format":"standard","meta":{"fifu_image_url":"https:\/\/a57.foxnews.com\/static.foxnews.com\/foxnews.com\/content\/uploads\/2025\/10\/1200\/675\/corn-field-road.jpg?ve=1&tl=1","fifu_image_alt":"","footnotes":""},"categories":[8],"tags":[],"class_list":["post-47945","post","type-post","status-publish","format-standard","has-post-thumbnail","","category-salud"],"_links":{"self":[{"href":"https:\/\/noticiasveraces.com\/index.php?rest_route=\/wp\/v2\/posts\/47945","targetHints":{"allow":["GET"]}}],"collection":[{"href":"https:\/\/noticiasveraces.com\/index.php?rest_route=\/wp\/v2\/posts"}],"about":[{"href":"https:\/\/noticiasveraces.com\/index.php?rest_route=\/wp\/v2\/types\/post"}],"author":[{"embeddable":true,"href":"https:\/\/noticiasveraces.com\/index.php?rest_route=\/wp\/v2\/users\/1"}],"replies":[{"embeddable":true,"href":"https:\/\/noticiasveraces.com\/index.php?rest_route=%2Fwp%2Fv2%2Fcomments&post=47945"}],"version-history":[{"count":0,"href":"https:\/\/noticiasveraces.com\/index.php?rest_route=\/wp\/v2\/posts\/47945\/revisions"}],"wp:featuredmedia":[{"embeddable":true,"href":"https:\/\/noticiasveraces.com\/index.php?rest_route=\/wp\/v2\/media\/47947"}],"wp:attachment":[{"href":"https:\/\/noticiasveraces.com\/index.php?rest_route=%2Fwp%2Fv2%2Fmedia&parent=47945"}],"wp:term":[{"taxonomy":"category","embeddable":true,"href":"https:\/\/noticiasveraces.com\/index.php?rest_route=%2Fwp%2Fv2%2Fcategories&post=47945"},{"taxonomy":"post_tag","embeddable":true,"href":"https:\/\/noticiasveraces.com\/index.php?rest_route=%2Fwp%2Fv2%2Ftags&post=47945"}],"curies":[{"name":"wp","href":"https:\/\/api.w.org\/{rel}","templated":true}]}}