{"id":47943,"date":"2025-10-30T20:09:01","date_gmt":"2025-10-31T00:09:01","guid":{"rendered":"https:\/\/noticiasveraces.com\/?p=47943"},"modified":"2025-10-30T20:09:01","modified_gmt":"2025-10-31T00:09:01","slug":"liberan-al-activista-manuel-finol-tras-ser-retenido-por-la-dgcim-en-maiquetia-correo-del-caroni","status":"publish","type":"post","link":"https:\/\/noticiasveraces.com\/?p=47943","title":{"rendered":"Liberan al activista Manuel Finol tras ser \u201cretenido\u201d por la Dgcim en Maiquet\u00eda \u2013 Correo del Caron\u00ed"},"content":{"rendered":"<p> \n<\/p>\n<div>\n<p>El activista y artista Manuel Finol fue liberado tras ser \u201cretenido de forma arbitraria\u201d durante unas horas por funcionarios de la Direcci\u00f3n general de Contrainteligencia Militar (Dgcim) la ma\u00f1ana de este 30 de octubre en el aeropuerto internacional de Maiquet\u00eda.<\/p>\n<p>Finol, quien se desempe\u00f1a como gerente de Amnist\u00eda Venezuela, fue abordado por funcionarios de la Dgcim y le indicaron \u201cque ser\u00e1 sometido a revisiones de celular y a un traslado\u201d, denunci\u00f3 m\u00e1s temprano Amnist\u00eda Internacional en redes sociales.<\/p>\n<p>Marco G\u00f3mez, director de la organizaci\u00f3n, indic\u00f3 que a Finol se le impidi\u00f3 su viaje de trabajo, al tiempo que agradeci\u00f3 las acciones de otras oeneg\u00e9s y defensores de derechos humanos para denunciar la situaci\u00f3n.<\/p>\n<p>Amnist\u00eda hab\u00eda solicitado su \u201cliberaci\u00f3n inmediata e incondicional\u201d, y resalt\u00f3 la trayectoria del activista tanto en el \u00e1mbito art\u00edstico como en la defensa de los derechos humanos en Venezuela.<\/p>\n<p>Activistas y defensores de derechos humanos tambi\u00e9n se solidarizaron con Finol y exigieron su liberaci\u00f3n, que calificaron como un atropello.<\/p>\n<p>Amnist\u00eda Internacional ha denunciado de forma reiterada el uso de detenciones arbitrarias, desapariciones forzadas, torturas y, en los \u00faltimos meses, el aislamiento como parte de un patr\u00f3n de represi\u00f3n pol\u00edtica de la administraci\u00f3n de Nicol\u00e1s Maduro contra opositores y sociedad civil. En recientes informes, la organizaci\u00f3n tambi\u00e9n ha denunciado la criminalizaci\u00f3n del activismo y la vigilancia sobre la sociedad civil. Adem\u00e1s han solicitado de forma reiterada la liberaci\u00f3n de las personas detenidas por razones pol\u00edticas en el pa\u00eds, en especial de activistas y defensores de DD HH como Javier Tarazona, Roc\u00edo San Miguel, Carlos Julio Rojas, Eduardo Torres o Kennedy<\/p>\n<\/p><\/div>\n\n","protected":false},"excerpt":{"rendered":"<p>El activista y artista Manuel Finol fue liberado tras ser \u201cretenido de forma arbitraria\u201d durante unas horas por funcionarios de la Direcci\u00f3n general de Contrainteligencia Militar (Dgcim) la ma\u00f1ana de este 30 de octubre en el aeropuerto internacional de Maiquet\u00eda. Finol, quien se desempe\u00f1a como gerente de Amnist\u00eda Venezuela, fue abordado por funcionarios de la &hellip;<\/p>\n","protected":false},"author":1,"featured_media":47944,"comment_status":"open","ping_status":"open","sticky":false,"template":"","format":"standard","meta":{"fifu_image_url":"https:\/\/correodelcaroni.com\/wp-content\/uploads\/2025\/10\/FINOL_Liberado.jpg","fifu_image_alt":"","footnotes":""},"categories":[13],"tags":[],"class_list":["post-47943","post","type-post","status-publish","format-standard","has-post-thumbnail","","category-mundo"],"_links":{"self":[{"href":"https:\/\/noticiasveraces.com\/index.php?rest_route=\/wp\/v2\/posts\/47943","targetHints":{"allow":["GET"]}}],"collection":[{"href":"https:\/\/noticiasveraces.com\/index.php?rest_route=\/wp\/v2\/posts"}],"about":[{"href":"https:\/\/noticiasveraces.com\/index.php?rest_route=\/wp\/v2\/types\/post"}],"author":[{"embeddable":true,"href":"https:\/\/noticiasveraces.com\/index.php?rest_route=\/wp\/v2\/users\/1"}],"replies":[{"embeddable":true,"href":"https:\/\/noticiasveraces.com\/index.php?rest_route=%2Fwp%2Fv2%2Fcomments&post=47943"}],"version-history":[{"count":0,"href":"https:\/\/noticiasveraces.com\/index.php?rest_route=\/wp\/v2\/posts\/47943\/revisions"}],"wp:featuredmedia":[{"embeddable":true,"href":"https:\/\/noticiasveraces.com\/index.php?rest_route=\/wp\/v2\/media\/47944"}],"wp:attachment":[{"href":"https:\/\/noticiasveraces.com\/index.php?rest_route=%2Fwp%2Fv2%2Fmedia&parent=47943"}],"wp:term":[{"taxonomy":"category","embeddable":true,"href":"https:\/\/noticiasveraces.com\/index.php?rest_route=%2Fwp%2Fv2%2Fcategories&post=47943"},{"taxonomy":"post_tag","embeddable":true,"href":"https:\/\/noticiasveraces.com\/index.php?rest_route=%2Fwp%2Fv2%2Ftags&post=47943"}],"curies":[{"name":"wp","href":"https:\/\/api.w.org\/{rel}","templated":true}]}}