{"id":47937,"date":"2025-10-30T19:08:04","date_gmt":"2025-10-30T23:08:04","guid":{"rendered":"https:\/\/noticiasveraces.com\/?p=47937"},"modified":"2025-10-30T19:08:04","modified_gmt":"2025-10-30T23:08:04","slug":"tres-argentinos-que-peleaban-con-el-ejercito-de-ucrania-contra-rusia-mueren-en-combate-albertonews","status":"publish","type":"post","link":"https:\/\/noticiasveraces.com\/?p=47937","title":{"rendered":"Tres argentinos que peleaban con el Ej\u00e9rcito de Ucrania contra Rusia mueren en combate &#8211; AlbertoNews"},"content":{"rendered":"<p> \n<\/p>\n<div>\n<p>Tres argentinos que peleaban con el Ej\u00e9rcito de Ucrania contra Rusia murieron a comienzos de este mes durante una misi\u00f3n de asalto en la regi\u00f3n ucraniana de Sumi (noroeste), seg\u00fan informaron este jueves fuentes oficiales citadas por la prensa argentina.<\/p>\n<p><strong>EFE<\/strong><\/p>\n<p>Las v\u00edctimas fueron identificadas como Jos\u00e9 Adri\u00e1n Gallardo, de 53 a\u00f1os, Ariel Hern\u00e1n Achor, de 25 a\u00f1os y Mariano Alberto Franco, de 47 a\u00f1os, seg\u00fan inform\u00f3 el portal Infobae.<\/p>\n<p>Los soldados, agreg\u00f3 el portal, no integraban ni hab\u00edan integrado las filas del Ej\u00e9rcito argentino sino que hab\u00edan sido contratados como mercenarios hace dos meses.<\/p>\n<p>Su fallecimiento se produjo cuando fueron sorprendidos por las tropas rusas durante un asalto y atacados con drones.<\/p>\n<p>Seg\u00fan fuentes del entorno de los fallecidos citadas por el diario Clar\u00edn, uno de ellos muri\u00f3 por la explosi\u00f3n de una mina, otro por el ataque de un dron y el tercero tras recibir un disparo en la cabeza.<\/p>\n<p>Gallardo, Achor y Franco no son los primeros argentinos fallecidos en combate. El pasado julio se conoci\u00f3 la muerte de Emmanuel Vilte, un argentino de 39 a\u00f1os que luchaba junto al ej\u00e9rcito ucraniano desde diciembre de 2022.<\/p>\n<p>Sumi fue una de la decena de regiones alcanzadas este mi\u00e9rcoles durante un ataque ruso con 653 drones y m\u00e1s de 50 misiles que provoc\u00f3 la muerte de al menos dos personas y tuvo entre sus principales objetivos el sistema energ\u00e9tico ucraniano, seg\u00fan inform\u00f3 en su cuenta de X el presidente de Ucrania, Volod\u00edmir Zelenski.<\/p>\n<\/p>\n<p><strong>Si quieres recibir en tu celular esta y otras informaciones descarga Telegram, ingresa al link\u00a0https:\/\/t.me\/albertorodnews\u00a0y dale clic a +Unirme.<\/strong><\/p>\n<p><strong>Alberto Noticias<\/strong><\/p>\n<\/p><\/div>\n\n","protected":false},"excerpt":{"rendered":"<p>Tres argentinos que peleaban con el Ej\u00e9rcito de Ucrania contra Rusia murieron a comienzos de este mes durante una misi\u00f3n de asalto en la regi\u00f3n ucraniana de Sumi (noroeste), seg\u00fan informaron este jueves fuentes oficiales citadas por la prensa argentina. EFE Las v\u00edctimas fueron identificadas como Jos\u00e9 Adri\u00e1n Gallardo, de 53 a\u00f1os, Ariel Hern\u00e1n Achor, &hellip;<\/p>\n","protected":false},"author":1,"featured_media":47938,"comment_status":"open","ping_status":"open","sticky":false,"template":"","format":"standard","meta":{"fifu_image_url":"https:\/\/bitlyanews.com\/wp-content\/uploads\/2025\/10\/Captura-de-pantalla-2025-10-25-091126.jpg","fifu_image_alt":"","footnotes":""},"categories":[13],"tags":[],"class_list":["post-47937","post","type-post","status-publish","format-standard","has-post-thumbnail","","category-mundo"],"_links":{"self":[{"href":"https:\/\/noticiasveraces.com\/index.php?rest_route=\/wp\/v2\/posts\/47937","targetHints":{"allow":["GET"]}}],"collection":[{"href":"https:\/\/noticiasveraces.com\/index.php?rest_route=\/wp\/v2\/posts"}],"about":[{"href":"https:\/\/noticiasveraces.com\/index.php?rest_route=\/wp\/v2\/types\/post"}],"author":[{"embeddable":true,"href":"https:\/\/noticiasveraces.com\/index.php?rest_route=\/wp\/v2\/users\/1"}],"replies":[{"embeddable":true,"href":"https:\/\/noticiasveraces.com\/index.php?rest_route=%2Fwp%2Fv2%2Fcomments&post=47937"}],"version-history":[{"count":0,"href":"https:\/\/noticiasveraces.com\/index.php?rest_route=\/wp\/v2\/posts\/47937\/revisions"}],"wp:featuredmedia":[{"embeddable":true,"href":"https:\/\/noticiasveraces.com\/index.php?rest_route=\/wp\/v2\/media\/47938"}],"wp:attachment":[{"href":"https:\/\/noticiasveraces.com\/index.php?rest_route=%2Fwp%2Fv2%2Fmedia&parent=47937"}],"wp:term":[{"taxonomy":"category","embeddable":true,"href":"https:\/\/noticiasveraces.com\/index.php?rest_route=%2Fwp%2Fv2%2Fcategories&post=47937"},{"taxonomy":"post_tag","embeddable":true,"href":"https:\/\/noticiasveraces.com\/index.php?rest_route=%2Fwp%2Fv2%2Ftags&post=47937"}],"curies":[{"name":"wp","href":"https:\/\/api.w.org\/{rel}","templated":true}]}}