{"id":47918,"date":"2025-10-30T15:04:03","date_gmt":"2025-10-30T19:04:03","guid":{"rendered":"https:\/\/noticiasveraces.com\/?p=47918"},"modified":"2025-10-30T15:04:03","modified_gmt":"2025-10-30T19:04:03","slug":"una-empresa-gringa-deja-varado-a-petro-en-cabo-verde-y-asi-respondera","status":"publish","type":"post","link":"https:\/\/noticiasveraces.com\/?p=47918","title":{"rendered":"Una \u00abempresa gringa\u00bb deja varado a Petro en Cabo Verde y as\u00ed responder\u00e1"},"content":{"rendered":"<p> \n<\/p>\n<div>\n<p>El presidente de Colombia, Gustavo Petro, fue v\u00edctima de una empresa de EE.UU. que <strong>hab\u00eda sido contratada por la Fuerza A\u00e9rea colombiana<\/strong> (FAC) para recargar combustible en los vuelos presidenciales del mandatario suramericano en el extranjero.<\/p>\n<p>A trav\u00e9s de X, Petro respondi\u00f3 a un mensaje del opositor <strong>Wilson Ruiz Orejuela,\u00a0exministro de Justicia del gobierno de Iv\u00e1n Duque<\/strong>quien calific\u00f3 en esa misma red social que el incidente era una \u00abhumillaci\u00f3n hist\u00f3rica\u00bb para Colombia.<\/p>\n<p>Ruiz, quien es tambi\u00e9n precandidato a la Presidencia colombiana, indic\u00f3 que <strong>la negativa de recargar combustible se hac\u00eda contra un presidente<\/strong> incluido en la llamada &#8216;Lista Clinton&#8217;, un expediente en el que las autoridades de EE.UU. incluyen\u00a0\u2014sin presentar pruebas\u2014 a supuestas empresas y personas que ellos consideran aliadas del narcotr\u00e1fico.<\/p>\n<div class=\"EmbedBlock-root EmbedBlock-twitter\">\n<div class=\"TwitterEmbed\">\n<blockquote class=\"twitter-tweet lazyload\" data-twitter=\"twitter-tweet\">\n<p lang=\"es\" dir=\"ltr\">La humillaci\u00f3n no la pusieron en el aeropuerto de Madrid, no digan m\u00e1s mentiras.Fue la empresa norteamericana con la que la FAC contrato toda su gasolina fuera del pa\u00eds, cosa que nunca debi\u00f3 ocurrir, y el lugar fue Cabo Verde en el \u00c1frica. Espa\u00f1a me ayud\u00f3, al contrario.Menos\u2026 https:\/\/t.co\/IRVgR81cV8<\/p>\n<p>\u2014 Gustavo Petro (@petrogustavo) <a href=\"https:\/\/twitter.com\/petrogustavo\/status\/1983931946783687156?ref_src=twsrc%5Etfw\">30 de octubre de 2025<\/a><\/p><\/blockquote>\n<\/div>\n<\/div>\n<p>La negativa de recarga de combustible, que seg\u00fan la prensa colombiana e internacional hab\u00eda ocurrido en el aeropuerto de Madrid, Espa\u00f1a, <strong>fue realmente en Cabo Verde<\/strong>pa\u00eds africano ampliamente rese\u00f1ado por ser el que detuvo al diplom\u00e1tico venezolano Alex Saab en junio de 2020, cuando su avi\u00f3n hizo una escala para recargar combustible en un viaje que ten\u00eda como destino Ir\u00e1n.<\/p>\n<p>\u00ab<strong>La humillaci\u00f3n no la pusieron en el aeropuerto de Madrid<\/strong>no digan m\u00e1s mentiras. Fue la empresa norteamericana con la que la FAC contrat\u00f3 toda su gasolina fuera del pa\u00eds, cosa que nunca debi\u00f3 ocurrir, y el lugar fue Cabo Verde en el \u00c1frica. Espa\u00f1a me ayud\u00f3, al contrario\u00bb, aclar\u00f3 Petro.<\/p>\n<h3>Fin al contrato con la empresa de EE.UU.<\/h3>\n<p>El mandatario colombiano tambi\u00e9n anunci\u00f3 que, luego de esta situaci\u00f3n ocurrida cuando \u00e9l se dirig\u00eda a Arabia Saudita para una gira oficial, <strong>pondr\u00e1 fin al acuerdo con la empresa estadounidense<\/strong>. \u00abMenos mal pone la empresa gringa la humillaci\u00f3n, porque se romper\u00e1 el contrato con ella\u00bb, dijo.<\/p>\n<p>Petro se\u00f1al\u00f3 que es perseguido por el presidente de EE.UU., Donald Trump, debido a su <strong>postura\u00a0respecto \u00abal genocidio en Gaza y al crimen en el Caribe\u00bb<\/strong>esto en referencia a los m\u00faltiples bombardeos realizados por las tropas del Comando Sur\u00a0contra embarcaciones civiles en las que han sido asesinadas varias decenas de personas, se\u00f1aladas \u2014sin pruebas\u2014 por el Pent\u00e1gono de ser supuestos \u00abnarcoterroristas\u00bb.<\/p>\n<p>\u00abEl mundo sabe que me persigue Trump por que me opuse al genocidio en Gaza y al crimen en el Caribe, y <strong>no porque llevaba coca\u00edna o porque ten\u00eda sobrina y cu\u00f1ada mafiosa<\/strong>o t\u00edo, o porque estaba en el cartel de Pablo Escobar con pap\u00e1 de amigo de los Ochoa y cosas de esas\u00bb, ironiz\u00f3 Petro en su respuesta al cale\u00f1o Ruiz Orejuela.<\/p>\n<div class=\"ReadMore-root Section-root Section-is1to3-xs_is1to1\" data-widgets=\"ReadMore\">\n<div class=\"Section-container Section-isRow-isTop-isWrap\">\n<article class=\"Card-root Card-is1to1 Card-default \">\n<div class=\"Card-imageWrap\">\n<div class=\"Card-picture\">\n<picture class=\"Picture-root Picture-default\"><!--[if IE 9]><video style=\"display: none;\"><![endif]--><source media=\"(-webkit-min-device-pixel-ratio: 2) and (min-resolution: 120dpi)\" data-srcset=\"&#10;                                            https:\/\/mf.b37mrtl.ru\/actualidad\/public_images\/2025.10\/thumbnail\/69035b1c59bf5b1e706ac500.png 850w,&#10;                                    https:\/\/mf.b37mrtl.ru\/actualidad\/public_images\/2025.10\/article\/69035b1c59bf5b1e706ac500.png 1960w,            \" srcset=\"&#10;                                    data:image\/png;base64,iVBORw0KGgoAAAANSUhEUgAAABAAAAAJCAQAAACRI2S5AAAAEElEQVR42mNkIAAYRxWAAQAG9gAKqv6+AwAAAABJRU5ErkJggg==&#10;                            \"><source data-srcset=\"&#10;                                            https:\/\/mf.b37mrtl.ru\/actualidad\/public_images\/2025.10\/thumbnail\/69035b1c59bf5b1e706ac500.png 460,&#10;                                  https:\/\/mf.b37mrtl.ru\/actualidad\/public_images\/2025.10\/article\/69035b1c59bf5b1e706ac500.png 980w,&#10;            \" srcset=\"&#10;                                    data:image\/png;base64,iVBORw0KGgoAAAANSUhEUgAAABAAAAAJCAQAAACRI2S5AAAAEElEQVR42mNkIAAYRxWAAQAG9gAKqv6+AwAAAABJRU5ErkJggg==&#10;                            \"><!--[if IE 9]><\/video><![endif]--><img decoding=\"async\" data-sizes=\"auto\" src=\"&#10;                                    data:image\/png;base64,iVBORw0KGgoAAAANSUhEUgAAABAAAAAJCAQAAACRI2S5AAAAEElEQVR42mNkIAAYRxWAAQAG9gAKqv6+AwAAAABJRU5ErkJggg==&#10;                            \" class=\"Picture-root Picture-default lazyload\" data-src=\"https:\/\/mf.b37mrtl.ru\/actualidad\/public_images\/2025.10\/thumbnail\/69035b1c59bf5b1e706ac500.png\" alt=\"\u00bfLe negaron combustible en Espa\u00f1a por la sanci\u00f3n de EE.UU.? Petro responde\"\/><\/source><\/source><\/picture><!-- noscript pattern --><img decoding=\"async\" src=\"https:\/\/mf.b37mrtl.ru\/actualidad\/public_images\/2025.10\/article\/69035b1c59bf5b1e706ac500.png\" alt=\"\u00bfLe negaron combustible en Espa\u00f1a por la sanci\u00f3n de EE.UU.? Petro responde\"\/>    <\/div>\n<\/p><\/div>\n<\/article><\/div>\n<\/p><\/div>\n<h3>Sanci\u00f3n de EE.UU.<\/h3>\n<p>La semana pasada, la Oficina de Control de Activos Extranjeros (<strong>OFAC<\/strong>por sus siglas en ingl\u00e9s) del Departamento del Tesoro de los EE.UU. incluy\u00f3 a Petro en las\u00a0\u00abDesignaciones antinarc\u00f3ticos\u00bb. <\/p>\n<p>Adem\u00e1s del mandatario suramericano, en el listado\u00a0tambi\u00e9n aparecen <strong>Nicol\u00e1s Fernando Petro Burgos<\/strong>el hijo mayor del dignatario; <strong>Ver\u00f3nica Alcocer<\/strong>la primera dama de Colombia; y el ministro del Interior, <strong>Armando Benedetti<\/strong>.<\/p>\n<p>Tras la medida, Petro\u00a0acus\u00f3\u00a0al Gobierno estadounidense de <strong>prejuzgar \u00abcon arbitrariedad\u00bb la pol\u00edtica antidrogas \u00a0que su administraci\u00f3n lleva a cabo en <\/strong>Colombia<strong>. <\/strong>\u00abSi fuese por el incremento de tr\u00e1fico de drogas, el primero que debe ser agregado es quien en su pa\u00eds aumenta el consumo, que <strong>es quien jalona la oferta<\/strong>\u00ab, argument\u00f3 el dignatario en X.<\/p>\n<\/div>\n<p><script async src=\"https:\/\/platform.twitter.com\/widgets.js\" charset=\"utf-8\"><\/script><br \/>\n<br \/>\n","protected":false},"excerpt":{"rendered":"<p>El presidente de Colombia, Gustavo Petro, fue v\u00edctima de una empresa de EE.UU. que hab\u00eda sido contratada por la Fuerza A\u00e9rea colombiana (FAC) para recargar combustible en los vuelos presidenciales del mandatario suramericano en el extranjero. A trav\u00e9s de X, Petro respondi\u00f3 a un mensaje del opositor Wilson Ruiz Orejuela,\u00a0exministro de Justicia del gobierno de &hellip;<\/p>\n","protected":false},"author":1,"featured_media":47920,"comment_status":"open","ping_status":"open","sticky":false,"template":"","format":"standard","meta":{"fifu_image_url":"https:\/\/mf.b37mrtl.ru\/actualidad\/public_images\/2025.10\/article\/6903b104e9ff71454e25e454.png","fifu_image_alt":"","footnotes":""},"categories":[13],"tags":[],"class_list":["post-47918","post","type-post","status-publish","format-standard","has-post-thumbnail","","category-mundo"],"_links":{"self":[{"href":"https:\/\/noticiasveraces.com\/index.php?rest_route=\/wp\/v2\/posts\/47918","targetHints":{"allow":["GET"]}}],"collection":[{"href":"https:\/\/noticiasveraces.com\/index.php?rest_route=\/wp\/v2\/posts"}],"about":[{"href":"https:\/\/noticiasveraces.com\/index.php?rest_route=\/wp\/v2\/types\/post"}],"author":[{"embeddable":true,"href":"https:\/\/noticiasveraces.com\/index.php?rest_route=\/wp\/v2\/users\/1"}],"replies":[{"embeddable":true,"href":"https:\/\/noticiasveraces.com\/index.php?rest_route=%2Fwp%2Fv2%2Fcomments&post=47918"}],"version-history":[{"count":0,"href":"https:\/\/noticiasveraces.com\/index.php?rest_route=\/wp\/v2\/posts\/47918\/revisions"}],"wp:featuredmedia":[{"embeddable":true,"href":"https:\/\/noticiasveraces.com\/index.php?rest_route=\/wp\/v2\/media\/47920"}],"wp:attachment":[{"href":"https:\/\/noticiasveraces.com\/index.php?rest_route=%2Fwp%2Fv2%2Fmedia&parent=47918"}],"wp:term":[{"taxonomy":"category","embeddable":true,"href":"https:\/\/noticiasveraces.com\/index.php?rest_route=%2Fwp%2Fv2%2Fcategories&post=47918"},{"taxonomy":"post_tag","embeddable":true,"href":"https:\/\/noticiasveraces.com\/index.php?rest_route=%2Fwp%2Fv2%2Ftags&post=47918"}],"curies":[{"name":"wp","href":"https:\/\/api.w.org\/{rel}","templated":true}]}}