{"id":47893,"date":"2025-10-30T11:37:03","date_gmt":"2025-10-30T15:37:03","guid":{"rendered":"https:\/\/noticiasveraces.com\/?p=47893"},"modified":"2025-10-30T11:37:03","modified_gmt":"2025-10-30T15:37:03","slug":"la-ministra-de-sanidad-anuncia-acciones-legales-para-obtener-los-datos-de-cribados-de-las-comunidades-autonomas-del-pp-sociedad","status":"publish","type":"post","link":"https:\/\/noticiasveraces.com\/?p=47893","title":{"rendered":"La ministra de Sanidad anuncia \u201cacciones legales\u201d para obtener los datos de cribados de las comunidades aut\u00f3nomas del PP | Sociedad"},"content":{"rendered":"<p> \n<br \/><img decoding=\"async\" src=\"https:\/\/imagenes.elpais.com\/resizer\/v2\/7PGYZ6PC7JLIFO22LL55QPGCVY.jpg?auth=4556c84f1d30f6ed0bb03bda1150e4306c5398455b956ec4ec18471e5f4ced3a\" \/><\/p>\n<div data-dtm-region=\"articulo_cuerpo\">\n<p class=\"\">La ministra de Sanidad, M\u00f3nica Garc\u00eda, ha asegurado este jueves que el Gobierno adoptar\u00e1 \u201ctodas las acciones legales\u201d para obtener los datos de los programas de cribados de c\u00e1ncer que las comunidades del PP se niegan a compartir con el ministerio. \u201cLa informaci\u00f3n no es de [Juan Manuel] Moreno Bonilla, no es del consejero actual, ni de los tres consejeros que han pasado antes, es de los ciudadanos y ciudadanas que quieren saber lo que ha pasado para poder restablecer la tranquilidad y confianza en su sistema sanitario\u201d, ha dicho la dirigente de Sumar tras reunirse en Sevilla con \u00c1ngela Claverol, la presidenta de la asociaci\u00f3n de mujeres andaluzas v\u00edctimas de c\u00e1ncer de mama, Amama.<\/p>\n<p class=\"\">Garc\u00eda ha explicado que desde el Ministerio de Sanidad se ha requerido a las comunidades aut\u00f3nomas del PP que le trasladen la informaci\u00f3n sobre los programas de cribado. \u201cA la primera que se lo requerimos fue a la Junta de Andaluc\u00eda\u201d, ha se\u00f1alado. \u201cDesde el Ministerio vamos a tomar todas las acciones legales para que se cumpla la ley en materia de vigilancia epidemiol\u00f3gica de salud p\u00fablica, en concreto de c\u00e1ncer. Los datos nos los tienen que dar y vamos a emprender todas las acciones legales que sean posibles\u201d, ha se\u00f1alado la ministra.<\/p>\n<p class=\"\">En su reuni\u00f3n con la presidenta de Amama, adem\u00e1s de conocer las principales inquietudes de las mujeres ante los fallos en el programa de prevenci\u00f3n, Garc\u00eda se ha comprometido a poner a disposici\u00f3n de la organizaci\u00f3n \u201ctodas las herramientas para ir por la v\u00eda judicial, administrativa, por la v\u00eda civil, por cualquier v\u00eda para llegar hasta el final del asunto\u201d. <\/p>\n<p class=\"\">La ministra se ha referido a las denuncias por la supuesta desaparici\u00f3n de historiales m\u00e9dicos o la alteraci\u00f3n de pruebas diagn\u00f3sticas, destapadas por Amama y que la Fiscal\u00eda de Sevilla est\u00e1 investigando, y sobre \u201cese programa de cribado del que el PP es incapaz de darnos datos\u201d. El ministerio p\u00fablico tambi\u00e9n ha abierto una investigaci\u00f3n sobre los fallos en los cribados y ya ha pedido a la Junta informaci\u00f3n sobre lo que fall\u00f3 y las medidas adoptadas para resolverlos.<\/p>\n<p class=\"\">Precisamente sobre la falta de explicaciones del Gobierno de Moreno sobre los errores en el programa de prevenci\u00f3n ha incidido tambi\u00e9n Garc\u00eda. \u201cLa Junta y el propio Moreno Bonilla tienen que dar respuestas a muchas preguntas\u201d, ha dicho la ministra, que ha acusado al PP de \u201cutilizar la sanidad para trocearla, para privatizar elementos o partes de ese procedimiento y en ese troceamiento han perdido el control de los cribados\u201d. Garc\u00eda tambi\u00e9n ha cuestionado el plan de choque anunciado por la Junta que incluye la contrataci\u00f3n de m\u00e1s de 700 profesionales. \u201cNo se trata de si van a contratar a 10, a 15 o a 500, se trata de que han roto el procedimiento\u201d, ha insistido.<\/p>\n<p class=\"\">La ministra de Sanidad tambi\u00e9n ha abordado con Amama otra de sus reivindicaciones, que tambi\u00e9n dej\u00f3 patente en la concentraci\u00f3n del pasado domingo frente al Palacio de San Telmo, sede de la Junta de Andaluc\u00eda: que a las pacientes oncol\u00f3gicas se las reconozca como colectivo a la hora de tener derechos sociales, laborales o econ\u00f3micos. \u201cVamos a intentar ver los obst\u00e1culos que est\u00e1 habiendo en determinadas patolog\u00edas, como el c\u00e1ncer, para que los procedimientos sean m\u00e1s \u00e1giles para que a las mujeres con c\u00e1ncer se les reconozca la incapacidad lo antes posible\u201d, ha se\u00f1alado Garc\u00eda.<\/p>\n<\/div>\n\n","protected":false},"excerpt":{"rendered":"<p>La ministra de Sanidad, M\u00f3nica Garc\u00eda, ha asegurado este jueves que el Gobierno adoptar\u00e1 \u201ctodas las acciones legales\u201d para obtener los datos de los programas de cribados de c\u00e1ncer que las comunidades del PP se niegan a compartir con el ministerio. \u201cLa informaci\u00f3n no es de [Juan Manuel] Moreno Bonilla, no es del consejero actual, &hellip;<\/p>\n","protected":false},"author":1,"featured_media":47895,"comment_status":"open","ping_status":"open","sticky":false,"template":"","format":"standard","meta":{"fifu_image_url":"https:\/\/imagenes.elpais.com\/resizer\/v2\/7PGYZ6PC7JLIFO22LL55QPGCVY.jpg?auth=4556c84f1d30f6ed0bb03bda1150e4306c5398455b956ec4ec18471e5f4ced3a&width=1200","fifu_image_alt":"","footnotes":""},"categories":[11],"tags":[],"class_list":["post-47893","post","type-post","status-publish","format-standard","has-post-thumbnail","","category-viaje"],"_links":{"self":[{"href":"https:\/\/noticiasveraces.com\/index.php?rest_route=\/wp\/v2\/posts\/47893","targetHints":{"allow":["GET"]}}],"collection":[{"href":"https:\/\/noticiasveraces.com\/index.php?rest_route=\/wp\/v2\/posts"}],"about":[{"href":"https:\/\/noticiasveraces.com\/index.php?rest_route=\/wp\/v2\/types\/post"}],"author":[{"embeddable":true,"href":"https:\/\/noticiasveraces.com\/index.php?rest_route=\/wp\/v2\/users\/1"}],"replies":[{"embeddable":true,"href":"https:\/\/noticiasveraces.com\/index.php?rest_route=%2Fwp%2Fv2%2Fcomments&post=47893"}],"version-history":[{"count":0,"href":"https:\/\/noticiasveraces.com\/index.php?rest_route=\/wp\/v2\/posts\/47893\/revisions"}],"wp:featuredmedia":[{"embeddable":true,"href":"https:\/\/noticiasveraces.com\/index.php?rest_route=\/wp\/v2\/media\/47895"}],"wp:attachment":[{"href":"https:\/\/noticiasveraces.com\/index.php?rest_route=%2Fwp%2Fv2%2Fmedia&parent=47893"}],"wp:term":[{"taxonomy":"category","embeddable":true,"href":"https:\/\/noticiasveraces.com\/index.php?rest_route=%2Fwp%2Fv2%2Fcategories&post=47893"},{"taxonomy":"post_tag","embeddable":true,"href":"https:\/\/noticiasveraces.com\/index.php?rest_route=%2Fwp%2Fv2%2Ftags&post=47893"}],"curies":[{"name":"wp","href":"https:\/\/api.w.org\/{rel}","templated":true}]}}