{"id":47888,"date":"2025-10-30T10:38:06","date_gmt":"2025-10-30T14:38:06","guid":{"rendered":"https:\/\/noticiasveraces.com\/?p=47888"},"modified":"2025-10-30T10:38:06","modified_gmt":"2025-10-30T14:38:06","slug":"dgcim-retuvo-a-gerente-de-amnistia-internacional-venezuela-en-el-aeropuerto-de-maiquetia","status":"publish","type":"post","link":"https:\/\/noticiasveraces.com\/?p=47888","title":{"rendered":"Dgcim retuvo a gerente de Amnist\u00eda Internacional Venezuela en el aeropuerto de Maiquet\u00eda"},"content":{"rendered":"<p> \n<\/p>\n<div>\n<article>\n<div class=\"image-featured\">\n<img src=\"data:image\/png;base64,iVBORw0KGgoAAAANSUhEUgAABLAAAAOmAQAAAADTclFqAAAAAnRSTlMAAHaTzTgAAACgSURBVHja7cEBDQAAAMKg909tDjegAAAAAAAAAAAAAAAAAAAAAAAAAAAAAAAAAAAAAAAAAAAAAAAAAAAAAAAAAAAAAAAAAAAAAAAAAAAAAAAAAAAAAAAAAAAAAAAAAAAAAAAAAAAAAAAAAAAAAAAAAAAAAAAAAAAAAAAAAAAAAAAAAAAAAAAAAAAAAAAAAAAAAAAAAAAAAAAAAAAAAODBACcIAAEerhp5AAAAAElFTkSuQmCC\" alt=\"G4gnAXzWAAAkIS1\" data-src=\"https:\/\/elnacional-uploads.nyc3.digitaloceanspaces.com\/wp-content\/uploads\/2025\/10\/30102116\/G4gnAXzWAAAkIS1.jpg\" decoding=\"async\" class=\"lazyload\" data-eio-rwidth=\"1200\" data-eio-rheight=\"934\"\/><img decoding=\"async\" src=\"https:\/\/elnacional-uploads.nyc3.digitaloceanspaces.com\/wp-content\/uploads\/2025\/10\/30102116\/G4gnAXzWAAAkIS1.jpg\" alt=\"G4gnAXzWAAAkIS1\" data-eio=\"l\"\/><figcaption>Manuel Finol es un artista y activista de larga trayectoria. Foto:  Amnist\u00eda Internacional<\/figcaption><\/div>\n<p>Funcionarios de la Direcci\u00f3n General de Contrainteligencia Militar (Dgcim) retuvieron este jueves a Manuel Finol, gerente de Amnist\u00eda Internacional Venezuela, en el aeropuerto de Maiquet\u00eda.<\/p>\n<p>La informaci\u00f3n fue confirmada por la organizaci\u00f3n en un mensaje publicado en X en el que detall\u00f3 que el activista <strong>Finol \u201cser\u00e1 sometido a revisiones de celular y a un traslado<\/strong>\u201d, seg\u00fan indicaron los uniformados.<\/p>\n<p>\u201cPedimos su apoyo. <strong>Manuel debe ser liberado ya<\/strong>\u201d, exigi\u00f3 Amnist\u00eda Internacional. <\/p>\n<figure class=\"wp-block-embed is-type-rich is-provider-twitter wp-block-embed-twitter\">\n<div class=\"wp-block-embed__wrapper\">\n<blockquote class=\"twitter-tweet\" data-width=\"500\" data-dnt=\"true\">\n<p lang=\"es\" dir=\"ltr\">Manuel Finol artista y activista de larga trayectoria, gerente de Amnist\u00eda Internacional Venezuela ha sido retenido en el aeropuerto de Maiquet\u00eda <\/p>\n<p>La DGCIM le ha indicado que ser\u00e1 sometido a revisiones de celular y a un traslado <\/p>\n<p>Pedimos su apoyo <br \/>Manuel debe ser liberado ya <a href=\"https:\/\/t.co\/4T0cDzYOG2\">pic.twitter.com\/4T0cDzYOG2<\/a><\/p>\n<p>&#8211; organizaci\u00f3n de amnist\u00eda (@amnist\u00eda) <a href=\"https:\/\/twitter.com\/amnistia\/status\/1983878528706765090?ref_src=twsrc%5Etfw\">30 de octubre de 2025<\/a><\/p><\/blockquote><\/div>\n<\/figure>\n<\/article>\n<\/div>\n<p><script async src=\"https:\/\/platform.twitter.com\/widgets.js\" charset=\"utf-8\"><\/script><br \/>\n<br \/>\n","protected":false},"excerpt":{"rendered":"<p>Manuel Finol es un artista y activista de larga trayectoria. Foto: Amnist\u00eda Internacional Funcionarios de la Direcci\u00f3n General de Contrainteligencia Militar (Dgcim) retuvieron este jueves a Manuel Finol, gerente de Amnist\u00eda Internacional Venezuela, en el aeropuerto de Maiquet\u00eda. La informaci\u00f3n fue confirmada por la organizaci\u00f3n en un mensaje publicado en X en el que detall\u00f3 &hellip;<\/p>\n","protected":false},"author":1,"featured_media":47890,"comment_status":"open","ping_status":"open","sticky":false,"template":"","format":"standard","meta":{"fifu_image_url":"https:\/\/elnacional-uploads.nyc3.digitaloceanspaces.com\/wp-content\/uploads\/2025\/10\/30102116\/G4gnAXzWAAAkIS1.jpg","fifu_image_alt":"","footnotes":""},"categories":[4],"tags":[],"class_list":["post-47888","post","type-post","status-publish","format-standard","has-post-thumbnail","","category-historias-destacadas"],"_links":{"self":[{"href":"https:\/\/noticiasveraces.com\/index.php?rest_route=\/wp\/v2\/posts\/47888","targetHints":{"allow":["GET"]}}],"collection":[{"href":"https:\/\/noticiasveraces.com\/index.php?rest_route=\/wp\/v2\/posts"}],"about":[{"href":"https:\/\/noticiasveraces.com\/index.php?rest_route=\/wp\/v2\/types\/post"}],"author":[{"embeddable":true,"href":"https:\/\/noticiasveraces.com\/index.php?rest_route=\/wp\/v2\/users\/1"}],"replies":[{"embeddable":true,"href":"https:\/\/noticiasveraces.com\/index.php?rest_route=%2Fwp%2Fv2%2Fcomments&post=47888"}],"version-history":[{"count":0,"href":"https:\/\/noticiasveraces.com\/index.php?rest_route=\/wp\/v2\/posts\/47888\/revisions"}],"wp:featuredmedia":[{"embeddable":true,"href":"https:\/\/noticiasveraces.com\/index.php?rest_route=\/wp\/v2\/media\/47890"}],"wp:attachment":[{"href":"https:\/\/noticiasveraces.com\/index.php?rest_route=%2Fwp%2Fv2%2Fmedia&parent=47888"}],"wp:term":[{"taxonomy":"category","embeddable":true,"href":"https:\/\/noticiasveraces.com\/index.php?rest_route=%2Fwp%2Fv2%2Fcategories&post=47888"},{"taxonomy":"post_tag","embeddable":true,"href":"https:\/\/noticiasveraces.com\/index.php?rest_route=%2Fwp%2Fv2%2Ftags&post=47888"}],"curies":[{"name":"wp","href":"https:\/\/api.w.org\/{rel}","templated":true}]}}