{"id":47885,"date":"2025-10-30T10:00:40","date_gmt":"2025-10-30T14:00:40","guid":{"rendered":"https:\/\/noticiasveraces.com\/?p=47885"},"modified":"2025-10-30T10:00:40","modified_gmt":"2025-10-30T14:00:40","slug":"los-investigadores-del-atraco-al-louvre-arrestan-a-cinco-sospechosos-mas-las-joyas-de-la-corona-siguen-desaparecidas","status":"publish","type":"post","link":"https:\/\/noticiasveraces.com\/?p=47885","title":{"rendered":"Los investigadores del atraco al Louvre arrestan a cinco sospechosos m\u00e1s, las joyas de la corona siguen desaparecidas"},"content":{"rendered":"<p> \n<\/p>\n<div>\n<div id=\"beyondwords-wrapper\" class=\"beyondwords-wrapper\">\n<p><span class=\"label-bg\">NUEVO<\/span>\u00a1Ahora puedes escuchar los art\u00edculos de Fox News!\n  <\/p>\n<\/div>\n<p class=\"speakable\">Cinco sospechosos m\u00e1s han sido arrestados en relaci\u00f3n con el atrevido robo diurno de las joyas de la corona francesa del Museo del Louvre, anunciaron el jueves investigadores franceses, aunque los tesoros de valor incalculable siguen desaparecidos.<\/p>\n<p class=\"speakable\">La polic\u00eda llev\u00f3 a cabo las detenciones en operaciones separadas en Par\u00eds y zonas vecinas, incluida la regi\u00f3n de Seine-Saint-Denis, dijo la fiscal Laure Beccuau a la radio RTL. Las identidades de los sospechosos no han sido reveladas.<\/p>\n<p>Se sospecha que uno de los individuos reci\u00e9n arrestados forma parte del equipo de cuatro personas que irrumpi\u00f3 en la Galer\u00eda Apollo del Louvre a plena luz del d\u00eda el 19 de octubre, robando joyas valoradas en 88 millones de euros (102 millones de d\u00f3lares) en menos de ocho minutos.<\/p>\n<p>\u00abLas b\u00fasquedas de anoche y durante la noche no nos permitieron encontrar la mercanc\u00eda\u00bb, dijo Beccuau.<\/p>\n<p><strong>EL ATRACO DEL LOUVRE SE SUMA A LA HISTORIA DE VIOLACIONES DE ALTO PERFIL EN MUSEOS Y DEJA A OTRAS GALER\u00cdAS AL BORDE<\/strong><\/p>\n<div class=\"image-ct inline\">\n<div class=\"m\"><picture><source media=\"(max-width: 767px)\" srcset=\"https:\/\/a57.foxnews.com\/static.foxnews.com\/foxnews.com\/content\/uploads\/2025\/10\/343\/192\/louvre-museum-courtyard-paris-france.jpg?ve=1&amp;tl=1, https:\/\/a57.foxnews.com\/static.foxnews.com\/foxnews.com\/content\/uploads\/2025\/10\/686\/384\/louvre-museum-courtyard-paris-france.jpg?ve=1&amp;tl=1 2x\" height=\"192\" width=\"343\"><source media=\"(min-width: 768px) and (max-width: 1023px)\" srcset=\"https:\/\/a57.foxnews.com\/static.foxnews.com\/foxnews.com\/content\/uploads\/2025\/10\/672\/378\/louvre-museum-courtyard-paris-france.jpg?ve=1&amp;tl=1, https:\/\/a57.foxnews.com\/static.foxnews.com\/foxnews.com\/content\/uploads\/2025\/10\/1344\/756\/louvre-museum-courtyard-paris-france.jpg?ve=1&amp;tl=1 2x\" height=\"378\" width=\"672\"><source media=\"(min-width: 1024px) and (max-width: 1279px)\" srcset=\"https:\/\/a57.foxnews.com\/static.foxnews.com\/foxnews.com\/content\/uploads\/2025\/10\/931\/523\/louvre-museum-courtyard-paris-france.jpg?ve=1&amp;tl=1, https:\/\/a57.foxnews.com\/static.foxnews.com\/foxnews.com\/content\/uploads\/2025\/10\/1862\/1046\/louvre-museum-courtyard-paris-france.jpg?ve=1&amp;tl=1 2x\" height=\"523\" width=\"931\"><source media=\"(min-width: 1280px)\" srcset=\"https:\/\/a57.foxnews.com\/static.foxnews.com\/foxnews.com\/content\/uploads\/2025\/10\/720\/405\/louvre-museum-courtyard-paris-france.jpg?ve=1&amp;tl=1, https:\/\/a57.foxnews.com\/static.foxnews.com\/foxnews.com\/content\/uploads\/2025\/10\/1440\/810\/louvre-museum-courtyard-paris-france.jpg?ve=1&amp;tl=1 2x\" height=\"405\" width=\"720\"><img loading=\"lazy\" decoding=\"async\" src=\"https:\/\/a57.foxnews.com\/static.foxnews.com\/foxnews.com\/content\/uploads\/2025\/10\/1200\/675\/louvre-museum-courtyard-paris-france.jpg?ve=1&amp;tl=1\" alt=\"Gente caminando por el patio del Museo del Louvre\" width=\"1200\" height=\"675\"\/><\/source><\/source><\/source><\/source><\/picture><\/div>\n<div class=\"info\">\n<div class=\"caption\">\n<p><span>La gente recorre el patio del Museo del Louvre bajo la lluvia el lunes 27 de octubre de 2025 en Par\u00eds.<\/span> <span>(Foto AP\/Christophe Ena)<\/span><\/p>\n<\/div>\n<\/div>\n<\/div>\n<p>Otros dos miembros del equipo fueron arrestados el domingo y acusados \u200b\u200bpreliminarmente el mi\u00e9rcoles de conspiraci\u00f3n criminal y robo cometido por una pandilla organizada. Beccuau dijo que ambos reconocieron, al menos en parte, su participaci\u00f3n en el atraco.<\/p>\n<p>Un sospechoso, un ciudadano argelino de 34 a\u00f1os que vive en Francia desde 2010, fue arrestado en el aeropuerto Charles de Gaulle cuando intentaba huir a Argelia con un billete de ida. Viv\u00eda en el suburbio de Aubervilliers, en el norte de Par\u00eds, y anteriormente era conocido por la polic\u00eda por infracciones de tr\u00e1nsito. Su ADN fue recuperado de una scooter utilizada en la fuga.<\/p>\n<div class=\"image-ct inline\">\n<div class=\"m\"><picture><source media=\"(max-width: 767px)\" srcset=\"https:\/\/a57.foxnews.com\/static.foxnews.com\/foxnews.com\/content\/uploads\/2025\/10\/343\/192\/paris-prosecutor-laure-beccuau.jpg?ve=1&amp;tl=1, https:\/\/a57.foxnews.com\/static.foxnews.com\/foxnews.com\/content\/uploads\/2025\/10\/686\/384\/paris-prosecutor-laure-beccuau.jpg?ve=1&amp;tl=1 2x\" height=\"192\" width=\"343\"><source media=\"(min-width: 768px) and (max-width: 1023px)\" srcset=\"https:\/\/a57.foxnews.com\/static.foxnews.com\/foxnews.com\/content\/uploads\/2025\/10\/672\/378\/paris-prosecutor-laure-beccuau.jpg?ve=1&amp;tl=1, https:\/\/a57.foxnews.com\/static.foxnews.com\/foxnews.com\/content\/uploads\/2025\/10\/1344\/756\/paris-prosecutor-laure-beccuau.jpg?ve=1&amp;tl=1 2x\" height=\"378\" width=\"672\"><source media=\"(min-width: 1024px) and (max-width: 1279px)\" srcset=\"https:\/\/a57.foxnews.com\/static.foxnews.com\/foxnews.com\/content\/uploads\/2025\/10\/931\/523\/paris-prosecutor-laure-beccuau.jpg?ve=1&amp;tl=1, https:\/\/a57.foxnews.com\/static.foxnews.com\/foxnews.com\/content\/uploads\/2025\/10\/1862\/1046\/paris-prosecutor-laure-beccuau.jpg?ve=1&amp;tl=1 2x\" height=\"523\" width=\"931\"><source media=\"(min-width: 1280px)\" srcset=\"https:\/\/a57.foxnews.com\/static.foxnews.com\/foxnews.com\/content\/uploads\/2025\/10\/720\/405\/paris-prosecutor-laure-beccuau.jpg?ve=1&amp;tl=1, https:\/\/a57.foxnews.com\/static.foxnews.com\/foxnews.com\/content\/uploads\/2025\/10\/1440\/810\/paris-prosecutor-laure-beccuau.jpg?ve=1&amp;tl=1 2x\" height=\"405\" width=\"720\"><img loading=\"lazy\" decoding=\"async\" src=\"https:\/\/a57.foxnews.com\/static.foxnews.com\/foxnews.com\/content\/uploads\/2025\/10\/1200\/675\/paris-prosecutor-laure-beccuau.jpg?ve=1&amp;tl=1\" alt=\"Habla la fiscal de Par\u00eds Laure Beccuau\" width=\"1200\" height=\"675\"\/><\/source><\/source><\/source><\/source><\/picture><\/div>\n<div class=\"info\">\n<div class=\"caption\">\n<p><span>La fiscal de Par\u00eds, Laure Beccuau, habla durante una conferencia de prensa en el juzgado de Par\u00eds el mi\u00e9rcoles 29 de octubre de 2025 sobre la investigaci\u00f3n judicial sobre el robo en el Museo del Louvre en Par\u00eds, Francia.<\/span> <span>(Foto AP\/Emma Da Silva)<\/span><\/p>\n<\/div>\n<\/div>\n<\/div>\n<p>El segundo sospechoso, de 39 a\u00f1os, fue detenido en su casa de Aubervilliers. La polic\u00eda lo conoc\u00eda por m\u00faltiples robos anteriores. Los investigadores compararon su ADN con una vitrina de vidrio que conten\u00eda las joyas robadas, as\u00ed como con los objetos que dejaron los ladrones, a\u00f1adi\u00f3 el fiscal.<\/p>\n<p><strong>EL EQUIPO DE ROBOS DEL LOUVRE DE BRAZEN PUEDE HABER SIDO CONTRATADO POR UN COLECCIONISTA, DICE EL FISCADOR<\/strong><\/p>\n<p>Los ladrones utilizaron un elevador de cesta para escalar el exterior del museo, forzaron una ventana y utilizaron herramientas de corte para abrir vitrinas en la Galer\u00eda Apollo. Se escaparon con ocho piezas hist\u00f3ricas, entre ellas:<\/p>\n<p>\u2013 Un conjunto de diadema, collar y aretes de zafiro vinculados a las reinas Mar\u00eda-Am\u00e9lie y Hortense.<\/p>\n<p>\u2013 Un collar y unos pendientes de esmeraldas pertenecientes a la emperatriz Mar\u00eda Luisa, segunda esposa de Napole\u00f3n.<\/p>\n<p>\u2013 Un broche relicario<\/p>\n<p>\u2013 Diadema de diamantes de la emperatriz Eugenia y elaborado broche con lazo en forma de ramillete<\/p>\n<p>La corona de Eug\u00e9nie, con incrustaciones de esmeraldas y engastada con m\u00e1s de 1.300 diamantes, fue encontrada m\u00e1s tarde da\u00f1ada pero recuperable fuera del museo.<\/p>\n<p>El director del Louvre, Laurence des Cars, reconoci\u00f3 un \u00abterrible fallo\u00bb en la seguridad del museo. Sin embargo, Beccuau dijo que no hay evidencia de que el robo fuera un trabajo interno.<\/p>\n<div class=\"image-ct inline\">\n<div class=\"m\"><picture><source media=\"(max-width: 767px)\" srcset=\"https:\/\/a57.foxnews.com\/static.foxnews.com\/foxnews.com\/content\/uploads\/2025\/10\/343\/192\/paris-louvre-paris-car-museum.jpg?ve=1&amp;tl=1, https:\/\/a57.foxnews.com\/static.foxnews.com\/foxnews.com\/content\/uploads\/2025\/10\/686\/384\/paris-louvre-paris-car-museum.jpg?ve=1&amp;tl=1 2x\" height=\"192\" width=\"343\"><source media=\"(min-width: 768px) and (max-width: 1023px)\" srcset=\"https:\/\/a57.foxnews.com\/static.foxnews.com\/foxnews.com\/content\/uploads\/2025\/10\/672\/378\/paris-louvre-paris-car-museum.jpg?ve=1&amp;tl=1, https:\/\/a57.foxnews.com\/static.foxnews.com\/foxnews.com\/content\/uploads\/2025\/10\/1344\/756\/paris-louvre-paris-car-museum.jpg?ve=1&amp;tl=1 2x\" height=\"378\" width=\"672\"><source media=\"(min-width: 1024px) and (max-width: 1279px)\" srcset=\"https:\/\/a57.foxnews.com\/static.foxnews.com\/foxnews.com\/content\/uploads\/2025\/10\/931\/523\/paris-louvre-paris-car-museum.jpg?ve=1&amp;tl=1, https:\/\/a57.foxnews.com\/static.foxnews.com\/foxnews.com\/content\/uploads\/2025\/10\/1862\/1046\/paris-louvre-paris-car-museum.jpg?ve=1&amp;tl=1 2x\" height=\"523\" width=\"931\"><source media=\"(min-width: 1280px)\" srcset=\"https:\/\/a57.foxnews.com\/static.foxnews.com\/foxnews.com\/content\/uploads\/2025\/10\/720\/405\/paris-louvre-paris-car-museum.jpg?ve=1&amp;tl=1, https:\/\/a57.foxnews.com\/static.foxnews.com\/foxnews.com\/content\/uploads\/2025\/10\/1440\/810\/paris-louvre-paris-car-museum.jpg?ve=1&amp;tl=1 2x\" height=\"405\" width=\"720\"><img loading=\"lazy\" decoding=\"async\" src=\"https:\/\/a57.foxnews.com\/static.foxnews.com\/foxnews.com\/content\/uploads\/2025\/10\/1200\/675\/paris-louvre-paris-car-museum.jpg?ve=1&amp;tl=1\" alt=\"Coche de polic\u00eda estacionado afuera del Museo del Louvre.\" width=\"1200\" height=\"675\"\/><\/source><\/source><\/source><\/source><\/picture><\/div>\n<div class=\"info\">\n<div class=\"caption\">\n<p><span>Un coche de polic\u00eda aparca en el patio del Museo del Louvre, una semana despu\u00e9s del robo, el domingo 26 de octubre de 2025 en Par\u00eds.<\/span> <span>(Foto AP\/Thomas Padilla)<\/span><\/p>\n<\/div>\n<\/div>\n<\/div>\n<p>En un llamamiento directo a quienes poseen las joyas desaparecidas, Beccuau advirti\u00f3 el mi\u00e9rcoles por la noche que \u00abno se pueden vender\u00bb debido a su significado hist\u00f3rico e inst\u00f3 a su devoluci\u00f3n.<\/p>\n<p><strong>HAGA CLIC AQU\u00cd PARA DESCARGAR LA APLICACI\u00d3N FOX NEWS<\/strong><\/p>\n<p>\u00abQuien los compre ser\u00eda culpable de ocultar bienes robados\u00bb, afirm\u00f3. \u00abTodav\u00eda hay tiempo para devolverlos\u00bb.<\/p>\n<p><i>Anders Hagstrom de Fox News Digital y The Associated Press contribuyeron a este informe.<\/i><\/p>\n<p> <!----> <\/div>\n\n","protected":false},"excerpt":{"rendered":"<p>NUEVO\u00a1Ahora puedes escuchar los art\u00edculos de Fox News! Cinco sospechosos m\u00e1s han sido arrestados en relaci\u00f3n con el atrevido robo diurno de las joyas de la corona francesa del Museo del Louvre, anunciaron el jueves investigadores franceses, aunque los tesoros de valor incalculable siguen desaparecidos. La polic\u00eda llev\u00f3 a cabo las detenciones en operaciones separadas &hellip;<\/p>\n","protected":false},"author":1,"featured_media":47887,"comment_status":"open","ping_status":"open","sticky":false,"template":"","format":"standard","meta":{"fifu_image_url":"https:\/\/static.foxnews.com\/foxnews.com\/content\/uploads\/2025\/10\/louvre-museum-courtyard-paris-france.jpg","fifu_image_alt":"","footnotes":""},"categories":[13],"tags":[],"class_list":["post-47885","post","type-post","status-publish","format-standard","has-post-thumbnail","","category-mundo"],"_links":{"self":[{"href":"https:\/\/noticiasveraces.com\/index.php?rest_route=\/wp\/v2\/posts\/47885","targetHints":{"allow":["GET"]}}],"collection":[{"href":"https:\/\/noticiasveraces.com\/index.php?rest_route=\/wp\/v2\/posts"}],"about":[{"href":"https:\/\/noticiasveraces.com\/index.php?rest_route=\/wp\/v2\/types\/post"}],"author":[{"embeddable":true,"href":"https:\/\/noticiasveraces.com\/index.php?rest_route=\/wp\/v2\/users\/1"}],"replies":[{"embeddable":true,"href":"https:\/\/noticiasveraces.com\/index.php?rest_route=%2Fwp%2Fv2%2Fcomments&post=47885"}],"version-history":[{"count":0,"href":"https:\/\/noticiasveraces.com\/index.php?rest_route=\/wp\/v2\/posts\/47885\/revisions"}],"wp:featuredmedia":[{"embeddable":true,"href":"https:\/\/noticiasveraces.com\/index.php?rest_route=\/wp\/v2\/media\/47887"}],"wp:attachment":[{"href":"https:\/\/noticiasveraces.com\/index.php?rest_route=%2Fwp%2Fv2%2Fmedia&parent=47885"}],"wp:term":[{"taxonomy":"category","embeddable":true,"href":"https:\/\/noticiasveraces.com\/index.php?rest_route=%2Fwp%2Fv2%2Fcategories&post=47885"},{"taxonomy":"post_tag","embeddable":true,"href":"https:\/\/noticiasveraces.com\/index.php?rest_route=%2Fwp%2Fv2%2Ftags&post=47885"}],"curies":[{"name":"wp","href":"https:\/\/api.w.org\/{rel}","templated":true}]}}