{"id":47880,"date":"2025-10-30T08:36:17","date_gmt":"2025-10-30T12:36:17","guid":{"rendered":"https:\/\/noticiasveraces.com\/?p=47880"},"modified":"2025-10-30T08:36:17","modified_gmt":"2025-10-30T12:36:17","slug":"mexico-se-compromete-a-reducir-225-millones-de-toneladas-de-emisiones-para-2030-pero-recorta-presupuesto-climatico-y-mantiene-apuesta-fosil","status":"publish","type":"post","link":"https:\/\/noticiasveraces.com\/?p=47880","title":{"rendered":"M\u00e9xico se compromete a reducir 225 millones de toneladas de emisiones para 2030, pero recorta presupuesto clim\u00e1tico y mantiene apuesta f\u00f3sil"},"content":{"rendered":"<p> \n<\/p>\n<div>\n<p>En un esfuerzo por acelerar el financiamiento y la acci\u00f3n clim\u00e1tica previo a la Conferencia de las Partes (COP30) en Brasil, la Iniciativa Clim\u00e1tica de M\u00e9xico (ICM) y la Embajada de Alemania inauguraron la conferencia \u00abPreCOP30: Di\u00e1logos clim\u00e1ticos hacia la implementaci\u00f3n\u00bb.<\/p>\n<p>Durante el encuentro, el gobierno de M\u00e9xico detall\u00f3 las metas energ\u00e9ticas de la administraci\u00f3n, aunque estas contrastan fuertemente con las cr\u00edticas de organizaciones civiles sobre la pol\u00edtica de combustibles f\u00f3siles y la falta de presupuesto para el sector ambiental. Clemens von Goetze, embajador de Alemania en M\u00e9xico, calific\u00f3 al pa\u00eds como un \u00absocio muy importante\u00bb y afirm\u00f3 que la COP30 ser\u00e1 fundamental para \u00abaumentar las metas de financiamiento clim\u00e1tico internacional\u00bb destinadas al sur global.<\/p>\n<p>La nueva estrategia energ\u00e9tica oficial<\/p>\n<p>El panel \u00abAcci\u00f3n clim\u00e1tica desde el gobierno mexicano\u00bb sirvi\u00f3 como plataforma para detallar las nuevas metas. Jorge Islas, subsecretario de Planeaci\u00f3n y Transici\u00f3n Energ\u00e9tica de la SENER, remarc\u00f3 que el gobierno busca reorganizar el sector y anunci\u00f3 que el <strong>72% de toda la nueva capacidad energ\u00e9tica<\/strong> que se instale durante esta administraci\u00f3n provendr\u00e1 de fuentes renovables.<\/p>\n<aside aria-hidden=\"true\" class=\"PullQuoteEmbedWrapper-sc-TKIUW iXNYkj\" data-testid=\"pullquote-embed\">\n<div class=\"PullQuoteEmbedContent-sc-lixSTo fIFzPG\">\n<p>M\u00e9xico tiene un plan para reducir 225 millones de toneladas de emisiones de carbono para 2030.<\/p>\n<\/div>\n<\/aside>\n<p>\u00abVamos a lograr que, en 2030, tengamos 38% de energ\u00eda limpia y que en 2039 este porcentaje suba a 48%\u00bb, afirm\u00f3 Islas, a\u00f1adiendo que se instalar\u00e1n casi 5 GW de almacenamiento.<\/p>\n<p>Desde la Semarnat, Jorge Luis Samaniego, subsecretario de Desarrollo Sostenible, reconoci\u00f3 que el principal desaf\u00edo es lograr la meta de reducci\u00f3n del 64% de las emisiones de gases de efecto invernadero (225 millones de toneladas) hacia 2030. Para ello, se\u00f1al\u00f3 la necesidad de \u00abreorientar el gasto p\u00fablico, mejorar los mecanismos regulatorios\u00bb y explotar la econom\u00eda circular.<\/p>\n<p>La secretaria de Medio Ambiente, Alicia B\u00e1rcena, present\u00f3 hace unos d\u00edas las siete prioridades clim\u00e1ticas de M\u00e9xico rumbo a la COP30, que se celebrar\u00e1 en noviembre en Bel\u00e9m, Brasil. Durante la Semana del Clima en Ciudad de M\u00e9xico, B\u00e1rcena reafirm\u00f3 el compromiso del gobierno con una \u00abacci\u00f3n clim\u00e1tica basada en la justicia social\u00bb y anunci\u00f3 que el pa\u00eds trabaja en su nueva Contribuci\u00f3n Determinada Nacional (NDC 3.0). La actualizaci\u00f3n de la NDC fijar\u00e1 una meta absoluta de reducci\u00f3n de emisiones al 2035, alineada con el objetivo de cero emisiones netas en 2050. El documento, actualmente en consulta con los sectores industrial, de construcci\u00f3n y agropecuario, se estructura en cinco pilares: mitigaci\u00f3n, adaptaci\u00f3n, p\u00e9rdidas y da\u00f1os, medios de implementaci\u00f3n y perspectiva de g\u00e9nero.<\/p>\n<p>Entre las prioridades que M\u00e9xico llevar\u00e1 a la COP30 destacan el fortalecimiento del multilateralismo, el aumento del financiamiento para adaptaci\u00f3n clim\u00e1tica, la promoci\u00f3n de una transici\u00f3n justa desde el territorio y el reconocimiento de los conocimientos ind\u00edgenas. \u00abLa COP30 ser\u00e1 la COP de la verdad, M\u00e9xico va con una agenda clara, realista y con la fuerza de su gente\u00bb, enfatiz\u00f3 la funcionaria ante m\u00e1s de 250 participantes.<\/p>\n<p>B\u00e1rcena present\u00f3 la Pol\u00edtica Ecol\u00f3gica y Ambiental Humanista de la presidenta Claudia Sheinbaum como un cambio de paradigma frente al \u00abmodelo extractivista y desigualador que ha agotado los ecosistemas\u00bb. La secretaria anunci\u00f3 que se trabaja en una Ley de Econom\u00eda Circular que establecer\u00e1 la responsabilidad extendida del productor, as\u00ed como en el fortalecimiento de la Ley General de Cambio Clim\u00e1tico para incorporar nuevos sectores regulados.<\/p>\n<p>El gobierno tambi\u00e9n impulsa el Acuerdo Nacional de Bosques, Selvas y Manglares, con la meta de reforestar 200,000 hect\u00e1reas de bosques y 18,000 de manglares. Adem\u00e1s, la Semarnat y la SEP trabajan con Unicef para incorporar contenidos de cambio clim\u00e1tico y econom\u00eda circular en los programas escolares.<\/p>\n<p>La titular de Semarnat subray\u00f3 que la acci\u00f3n clim\u00e1tica requiere la participaci\u00f3n de mujeres, pueblos ind\u00edgenas, comunidades afrodescendientes y juventudes. \u00abLas comunidades locales son las verdaderas guardianas de la biodiversidad, sin su conocimiento y participaci\u00f3n, no habr\u00e1 transformaci\u00f3n posible\u00bb, concluy\u00f3.<\/p>\n<aside aria-hidden=\"true\" class=\"PullQuoteEmbedWrapper-sc-TKIUW iXNYkj\" data-testid=\"pullquote-embed\">\n<div class=\"PullQuoteEmbedContent-sc-lixSTo fIFzPG\">\n<p>El Presupuesto de Egresos para 2025 mantiene un financiamiento \u00abraqu\u00edtico\u00bb para el sector ambiental. Y, aunque en 2024 se decretaron 20 nuevas \u00c1reas Naturales Protegidas (ANP), el presupuesto para la comisi\u00f3n que las gestiona (Conanp) no aument\u00f3.<\/p>\n<\/div>\n<\/aside>\n<p>La brecha: metas vs. presupuesto y pol\u00edtica f\u00f3sil<\/p>\n<p>A pesar del discurso oficial, diversas organizaciones se\u00f1alan contradicciones significativas en la pol\u00edtica de M\u00e9xico. El principal punto de fricci\u00f3n es la \u201cparadoja energ\u00e9tica\u201d. Mientras se habla de transici\u00f3n, se siguen destinando miles de millones de d\u00f3lares al sost\u00e9n de Pemex. Organizaciones como Greenpeace han sido enf\u00e1ticas al se\u00f1alar que la pol\u00edtica energ\u00e9tica actual, centrada en f\u00f3siles, \u00abno es compatible con las metas nacionales e internacionales en la reducci\u00f3n de emisiones\u00bb.<\/p>\n<p>La ambici\u00f3n de las metas tambi\u00e9n choca con los recursos asignados. El Presupuesto de Egresos para 2025 mantiene un financiamiento \u00abraqu\u00edtico\u00bb para el sector ambiental. Y, aunque en 2024 se decretaron 20 nuevas \u00c1reas Naturales Protegidas (ANP), el presupuesto para la comisi\u00f3n que las gestiona (Conanp) no aument\u00f3, comprometiendo su operaci\u00f3n real.<\/p>\n<\/div>\n\n","protected":false},"excerpt":{"rendered":"<p>En un esfuerzo por acelerar el financiamiento y la acci\u00f3n clim\u00e1tica previo a la Conferencia de las Partes (COP30) en Brasil, la Iniciativa Clim\u00e1tica de M\u00e9xico (ICM) y la Embajada de Alemania inauguraron la conferencia \u00abPreCOP30: Di\u00e1logos clim\u00e1ticos hacia la implementaci\u00f3n\u00bb. Durante el encuentro, el gobierno de M\u00e9xico detall\u00f3 las metas energ\u00e9ticas de la administraci\u00f3n, &hellip;<\/p>\n","protected":false},"author":1,"featured_media":47881,"comment_status":"open","ping_status":"open","sticky":false,"template":"","format":"standard","meta":{"fifu_image_url":"https:\/\/media.es.wired.com\/photos\/664642925ab01e4bbe8f6dfa\/16:9\/w_1280,c_limit\/Las%20Barrancas,%20Veracruz,%20tragado%20por%20el%20mar%2003.jpg","fifu_image_alt":"","footnotes":""},"categories":[2],"tags":[],"class_list":["post-47880","post","type-post","status-publish","format-standard","has-post-thumbnail","","category-tecnologia"],"_links":{"self":[{"href":"https:\/\/noticiasveraces.com\/index.php?rest_route=\/wp\/v2\/posts\/47880","targetHints":{"allow":["GET"]}}],"collection":[{"href":"https:\/\/noticiasveraces.com\/index.php?rest_route=\/wp\/v2\/posts"}],"about":[{"href":"https:\/\/noticiasveraces.com\/index.php?rest_route=\/wp\/v2\/types\/post"}],"author":[{"embeddable":true,"href":"https:\/\/noticiasveraces.com\/index.php?rest_route=\/wp\/v2\/users\/1"}],"replies":[{"embeddable":true,"href":"https:\/\/noticiasveraces.com\/index.php?rest_route=%2Fwp%2Fv2%2Fcomments&post=47880"}],"version-history":[{"count":0,"href":"https:\/\/noticiasveraces.com\/index.php?rest_route=\/wp\/v2\/posts\/47880\/revisions"}],"wp:featuredmedia":[{"embeddable":true,"href":"https:\/\/noticiasveraces.com\/index.php?rest_route=\/wp\/v2\/media\/47881"}],"wp:attachment":[{"href":"https:\/\/noticiasveraces.com\/index.php?rest_route=%2Fwp%2Fv2%2Fmedia&parent=47880"}],"wp:term":[{"taxonomy":"category","embeddable":true,"href":"https:\/\/noticiasveraces.com\/index.php?rest_route=%2Fwp%2Fv2%2Fcategories&post=47880"},{"taxonomy":"post_tag","embeddable":true,"href":"https:\/\/noticiasveraces.com\/index.php?rest_route=%2Fwp%2Fv2%2Ftags&post=47880"}],"curies":[{"name":"wp","href":"https:\/\/api.w.org\/{rel}","templated":true}]}}