{"id":47875,"date":"2025-10-30T07:59:07","date_gmt":"2025-10-30T11:59:07","guid":{"rendered":"https:\/\/noticiasveraces.com\/?p=47875"},"modified":"2025-10-30T07:59:07","modified_gmt":"2025-10-30T11:59:07","slug":"maduro-pidio-quitar-la-nacionalidad-a-quien-se-sume-a-una-invasion-extranjera-en-venezuela","status":"publish","type":"post","link":"https:\/\/noticiasveraces.com\/?p=47875","title":{"rendered":"Maduro pidi\u00f3 quitar la nacionalidad a quien \u201cse sume\u201d a una invasi\u00f3n extranjera en Venezuela"},"content":{"rendered":"<p> \n<\/p>\n<div>\n<p>El presidente <strong>Nicol\u00e1s Maduro<\/strong> inform\u00f3 este mi\u00e9rcoles 29 de octubre que solicit\u00f3 al Tribunal Supremo de Justicia (TSJ) una \u201cconsideraci\u00f3n constitucional\u201d para <strong>quitar la nacionalidad<\/strong> a todo \u201cvendepatria\u201d que \u201cse sume a un ej\u00e9rcito extranjero imperialista para invadir\u201d a Venezuela, de lo que acusa al opositor <strong>Leopoldo L\u00f3pez<\/strong>.<\/p>\n<p>Maduro acus\u00f3 a L\u00f3pez de estar <strong>\u201cpidiendo que el ej\u00e9rcito \u2018gringo\u2019 (estadounidense) se meta\u201d<\/strong> en Venezuela, en un contexto marcado por el despliegue militar de EE UU en el mar Caribe, cerca de la naci\u00f3n petrolera. Seg\u00fan el mandatario, en los pr\u00f3ximos d\u00edas llegar\u00e1 a la regi\u00f3n el <strong>portaaviones m\u00e1s moderno<\/strong> e importante de la Armada estadounidense.<\/p>\n<p>En un acto transmitido por VTV, el jefe de Estado asegur\u00f3 que el objetivo de su solicitud es que el Supremo <strong>\u201cautorice proceder y quitarle la nacionalidad venezolana, toda la documentaci\u00f3n y todo lo que haya que quitarle\u201d<\/strong>a quien se preste a una invasi\u00f3n, \u201cde acuerdo a la ley y a la Constituci\u00f3n\u201d.<\/p>\n<p>Maduro dijo basar su petici\u00f3n en el <strong>art\u00edculo 130 de la Constituci\u00f3n<\/strong>que se\u00f1ala que los venezolanos \u201ctienen el deber de honrar y defender a la patria\u201d y de <strong>resguardar y proteger la soberan\u00eda<\/strong> y la integridad territorial del pa\u00eds.<\/p>\n<h2 class=\"wp-block-heading\" id=\"h-reacciones-y-marco-legal\"><strong>Reacciones y marco legal<\/strong><\/h2>\n<p>No obstante, la Constituci\u00f3n, en su <strong>art\u00edculo 35<\/strong>establece que los venezolanos por nacimiento <strong>\u201cno podr\u00e1n ser privados o privadas de su nacionalidad\u201d<\/strong>y solo la concedida por naturalizaci\u00f3n podr\u00eda ser revocada mediante sentencia judicial.<\/p>\n<p>De acuerdo con la vicepresidenta ejecutiva, <strong>Delcy Rodr\u00edguez<\/strong>el mandatario present\u00f3 el 24 de octubre un recurso ante el TSJ para \u201cretirar la nacionalidad\u201d a L\u00f3pez, al acusarlo de pedir una <strong>\u201cinvasi\u00f3n militar\u201d<\/strong> y de promover un bloqueo econ\u00f3mico y llamados a la violencia.<\/p>\n<p>Rodr\u00edguez a\u00f1adi\u00f3 que se proceder\u00eda <strong>\u201cde inmediato\u201d<\/strong> a la anulaci\u00f3n del pasaporte del opositor, quien vive exiliado en <strong>Madrid<\/strong> desde 2020.<\/p>\n<p>En respuesta, <strong>Leopoldo L\u00f3pez<\/strong> afirm\u00f3 que la intenci\u00f3n del gobierno es \u201cquitarme la nacionalidad por decir lo que pensamos y queremos todos los venezolanos: <strong>libertad<\/strong>\u201d. L\u00f3pez dijo ser, en su opini\u00f3n, \u201cel primer ciudadano nacido en Venezuela\u201d al que se le aplicar\u00eda esa medida.<\/p>\n<p>Voluntad Popular (VP), partido de L\u00f3pez, consider\u00f3 que la iniciativa <strong>\u201ccopia los patrones represivos\u201d<\/strong> de reg\u00edmenes como los de Cuba y Nicaragua, y advirti\u00f3 sobre el uso de herramientas legales para perseguir a opositores.<\/p>\n<p>La solicitud de Maduro se produce despu\u00e9s de que L\u00f3pez denunciara que <strong>la negociaci\u00f3n ya no sirve<\/strong> para lograr un cambio pol\u00edtico y se\u00f1alara que apuesta por la \u201cpresi\u00f3n\u201d de Estados Unidos; incluso lleg\u00f3 a afirmar que avalar\u00eda <strong>un ataque estadounidense<\/strong> en suelo venezolano que acabe con el gobierno de Maduro.<\/p>\n<p><em>Este contenido incluye informaci\u00f3n suministrada por la Agencia EFE. Editado, verificado y contextualizado por el equipo editorial de <strong>El Diario<\/strong>. Conoce nuestra pol\u00edtica sobre el uso de contenidos de EFE<\/em><em> <\/em>aqu\u00ed.<\/p>\n<\/p><\/div>\n\n","protected":false},"excerpt":{"rendered":"<p>El presidente Nicol\u00e1s Maduro inform\u00f3 este mi\u00e9rcoles 29 de octubre que solicit\u00f3 al Tribunal Supremo de Justicia (TSJ) una \u201cconsideraci\u00f3n constitucional\u201d para quitar la nacionalidad a todo \u201cvendepatria\u201d que \u201cse sume a un ej\u00e9rcito extranjero imperialista para invadir\u201d a Venezuela, de lo que acusa al opositor Leopoldo L\u00f3pez. Maduro acus\u00f3 a L\u00f3pez de estar \u201cpidiendo &hellip;<\/p>\n","protected":false},"author":1,"featured_media":47876,"comment_status":"open","ping_status":"open","sticky":false,"template":"","format":"standard","meta":{"fifu_image_url":"https:\/\/eldiario.com\/wp-content\/uploads\/2025\/09\/a186912a5b95c6a4f1d3a9389c64134410cccf2a.jpg","fifu_image_alt":"","footnotes":""},"categories":[13],"tags":[],"class_list":["post-47875","post","type-post","status-publish","format-standard","has-post-thumbnail","","category-mundo"],"_links":{"self":[{"href":"https:\/\/noticiasveraces.com\/index.php?rest_route=\/wp\/v2\/posts\/47875","targetHints":{"allow":["GET"]}}],"collection":[{"href":"https:\/\/noticiasveraces.com\/index.php?rest_route=\/wp\/v2\/posts"}],"about":[{"href":"https:\/\/noticiasveraces.com\/index.php?rest_route=\/wp\/v2\/types\/post"}],"author":[{"embeddable":true,"href":"https:\/\/noticiasveraces.com\/index.php?rest_route=\/wp\/v2\/users\/1"}],"replies":[{"embeddable":true,"href":"https:\/\/noticiasveraces.com\/index.php?rest_route=%2Fwp%2Fv2%2Fcomments&post=47875"}],"version-history":[{"count":0,"href":"https:\/\/noticiasveraces.com\/index.php?rest_route=\/wp\/v2\/posts\/47875\/revisions"}],"wp:featuredmedia":[{"embeddable":true,"href":"https:\/\/noticiasveraces.com\/index.php?rest_route=\/wp\/v2\/media\/47876"}],"wp:attachment":[{"href":"https:\/\/noticiasveraces.com\/index.php?rest_route=%2Fwp%2Fv2%2Fmedia&parent=47875"}],"wp:term":[{"taxonomy":"category","embeddable":true,"href":"https:\/\/noticiasveraces.com\/index.php?rest_route=%2Fwp%2Fv2%2Fcategories&post=47875"},{"taxonomy":"post_tag","embeddable":true,"href":"https:\/\/noticiasveraces.com\/index.php?rest_route=%2Fwp%2Fv2%2Ftags&post=47875"}],"curies":[{"name":"wp","href":"https:\/\/api.w.org\/{rel}","templated":true}]}}