{"id":47872,"date":"2025-10-30T06:58:02","date_gmt":"2025-10-30T10:58:02","guid":{"rendered":"https:\/\/noticiasveraces.com\/?p=47872"},"modified":"2025-10-30T06:58:02","modified_gmt":"2025-10-30T10:58:02","slug":"nanis-quiere-llevar-su-musica-fuera-san-cristobal","status":"publish","type":"post","link":"https:\/\/noticiasveraces.com\/?p=47872","title":{"rendered":"Nanis quiere llevar su m\u00fasica fuera San Crist\u00f3bal"},"content":{"rendered":"<p> \n<\/p>\n<div id=\"\">\n<div class=\"image-featured\">\n<img src=\"data:image\/png;base64,iVBORw0KGgoAAAANSUhEUgAABOIAAANBAQAAAABl0iwlAAAAAnRSTlMAAHaTzTgAAACWSURBVHja7cGBAAAAAMOg+VMf4QJVAQAAAAAAAAAAAAAAAAAAAAAAAAAAAAAAAAAAAAAAAAAAAAAAAAAAAAAAAAAAAAAAAAAAAAAAAAAAAAAAAAAAAAAAAAAAAAAAAAAAAAAAAAAAAAAAAAAAAAAAAAAAAAAAAAAAAAAAAAAAAAAAAAAAAAAAAAAAAAAAAAAAAAAAAMAzAjwAAfYQlUAAAAAASUVORK5CYII=\" alt=\"ni\u00f1eras\" data-src=\"https:\/\/elnacional-uploads.nyc3.digitaloceanspaces.com\/wp-content\/uploads\/2025\/10\/29130804\/nuevas-bandas-93-1.jpg\" decoding=\"async\" class=\"lazyload\" data-eio-rwidth=\"1250\" data-eio-rheight=\"833\"\/><img decoding=\"async\" src=\"https:\/\/elnacional-uploads.nyc3.digitaloceanspaces.com\/wp-content\/uploads\/2025\/10\/29130804\/nuevas-bandas-93-1.jpg\" alt=\"ni\u00f1eras\" data-eio=\"l\"\/><figcaption>| Foto Jenifer Cusumano<\/figcaption><\/div>\n<p>Antes de la final del Festival Nuevas Bandas, el pasado 11 de octubre, Nanis, ganadores de la edici\u00f3n 2025, no estaba completa. Les faltaban integrantes para poder competir en el concurso musical organizado por F\u00e9lix Allueva, que este a\u00f1o se celebr\u00f3 en Maracay por segunda vez. Eran apenas dos m\u00fasicos, voz y bajo. Necesitaban reclutar a m\u00e1s personas para participar. <\/p>\n<p>La banda de San Crist\u00f3bal, la segunda del estado T\u00e1chira en ganar el Nuevas Bandas, se form\u00f3 en 2021. Desde que comenz\u00f3 los integrantes del grupo han variado por distintas razones. Algunos se han dedicado a otras cosas y otros se han ido del pa\u00eds. Los \u00fanicos que han estado desde el principio son Mariana \u201cNani\u201d Bedoya, vocalista, de 23 a\u00f1os, y Esteban Uzcategui, bajista, de 26. Ambos se hicieron amigos tras haber sido compa\u00f1eros en otras bandas.<\/p>\n<blockquote class=\"instagram-media\" data-instgrm-permalink=\"https:\/\/www.instagram.com\/p\/DPsmRwlgR1s\/\" data-instgrm-version=\"14\" style=\"max-width: 500px\"\/>\n<p>La banda estuvo activa poco tiempo. La salida de algunos de sus integrantes y la culminaci\u00f3n de estudios de otros llevaron a Nanis a hacer una pausa hasta este a\u00f1o.<\/p>\n<p>Desde los inicios de la agrupaci\u00f3n, el bajista quer\u00eda que participaran en el Nuevas Bandas, pero Nani siempre dec\u00eda que no, consideraba que no era el momento. Este a\u00f1o, cuando retomaron el grupo, Esteban le dio la sorpresa: se hab\u00eda inscrito en el festival. <\/p>\n<p>\u201cDesde 2022, el bajista lleva diciendo para ir al Nuevas Bandas, pero yo le dec\u00eda que no porque estaba enfocada en estudiar. Cuando ya por fin present\u00e9 mi tesis en febrero, me dice para inscribirnos en el Nuevas Bandas y le dije que no porque solo ten\u00edamos una canci\u00f3n que ni siquiera hab\u00edamos publicado y, adem\u00e1s, no ten\u00edamos m\u00fasicos. Un d\u00eda lleg\u00f3 y me dijo: \u2018Nos inscrib\u00ed en el Nuevas Bandas\u2019\u201d, cuenta Nani, quien est\u00e1 pr\u00f3xima a graduarse en Dise\u00f1o Gr\u00e1fico.<\/p>\n<figure class=\"wp-block-image size-full\"><img loading=\"lazy\" decoding=\"async\" width=\"1350\" height=\"1080\" src=\"data:image\/png;base64,iVBORw0KGgoAAAANSUhEUgAABUYAAAQ4AQAAAADtZTvJAAAAAnRSTlMAAHaTzTgAAADJSURBVHja7cExAQAAAMKg9U9tDQ+gAAAAAAAAAAAAAAAAAAAAAAAAAAAAAAAAAAAAAAAAAAAAAAAAAAAAAAAAAAAAAAAAAAAAAAAAAAAAAAAAAAAAAAAAAAAAAAAAAAAAAAAAAAAAAAAAAAAAAAAAAAAAAAAAAAAAAAAAAAAAAAAAAAAAAAAAAAAAAAAAAAAAAAAAAAAAAAAAAAAAAAAAAAAAAAAAAAAAAAAAAAAAAAAAAAAAAAAAAAAAAAAAAAAAAAAAAAAAgHcDzU4AAQjL1H0AAAAASUVORK5CYII=\" alt=\"ni\u00f1eras\" class=\"wp-image-2824088 lazyload\" data-src=\"https:\/\/elnacional-uploads.nyc3.digitaloceanspaces.com\/wp-content\/uploads\/2025\/10\/29122741\/NANIS-FNB2025-JENIFER-CUSUMANO-%40LACUSUGRAFIA-47.jpg\" data-eio-rwidth=\"1350\" data-eio-rheight=\"1080\"\/><img loading=\"lazy\" decoding=\"async\" width=\"1350\" height=\"1080\" src=\"https:\/\/elnacional-uploads.nyc3.digitaloceanspaces.com\/wp-content\/uploads\/2025\/10\/29122741\/NANIS-FNB2025-JENIFER-CUSUMANO-%40LACUSUGRAFIA-47.jpg\" alt=\"ni\u00f1eras\" class=\"wp-image-2824088\" data-eio=\"l\"\/><figcaption class=\"wp-element-caption\">Nani hab\u00eda pertenecido a otras bandas y en 2021 decidi\u00f3 formar su propia agrupaci\u00f3n | Foto Jenifer Cusumano<\/figcaption><\/figure>\n<p>Nani no quer\u00eda ir al Nuevas Bandas porque sent\u00eda que la banda era muy nueva. \u201cNos faltaban muchas cosas y no quer\u00eda participar as\u00ed. Quer\u00eda presentar algo bien hecho y no a las carreras\u201d, dice la cantante, quien pens\u00f3 que no los iban a escoger porque apenas ten\u00edan una canci\u00f3n. Para su sorpresa quedaron seleccionados en el circuito de Los Andes, que se realiz\u00f3 en M\u00e9rida. <\/p>\n<p>No hab\u00eda tiempo que perder, ten\u00edan apenas dos semanas para preparar todo. Comenzaron por buscar m\u00fasicos para completar la banda. As\u00ed se unieron Gabriel Urbina (bater\u00eda), de 20 a\u00f1os de edad; Jos\u00e9 Moreno (teclados), de 32; Steven Chen (guitarra), de 23; Carlos Contreras (percusi\u00f3n), de 20; y Luis Le\u00f3n (secuencias visuales), de 21. Todos amigos o conocidos de la movida musical de San Crist\u00f3bal. <\/p>\n<figure class=\"wp-block-image size-full\"><img loading=\"lazy\" decoding=\"async\" width=\"1433\" height=\"1080\" src=\"data:image\/png;base64,iVBORw0KGgoAAAANSUhEUgAABZkAAAQ4AQAAAABDf+8NAAAAAnRSTlMAAHaTzTgAAADUSURBVHja7cEBDQAAAMKg909tDjegAAAAAAAAAAAAAAAAAAAAAAAAAAAAAAAAAAAAAAAAAAAAAAAAAAAAAAAAAAAAAAAAAAAAAAAAAAAAAAAAAAAAAAAAAAAAAAAAAAAAAAAAAAAAAAAAAAAAAAAAAAAAAAAAAAAAAAAAAAAAAAAAAAAAAAAAAAAAAAAAAAAAAAAAAAAAAAAAAAAAAAAAAAAAAAAAAAAAAAAAAAAAAAAAAAAAAAAAAAAAAAAAAAAAAAAAAAAAAAAAAAAAAAAAAAAAeDL7tgABRhF8\/wAAAABJRU5ErkJggg==\" alt=\"ni\u00f1eras\" class=\"wp-image-2824091 lazyload\" data-src=\"https:\/\/elnacional-uploads.nyc3.digitaloceanspaces.com\/wp-content\/uploads\/2025\/10\/29122809\/NANIS-FNB2025-JENIFER-CUSUMANO-%40LACUSUGRAFIA-55.jpg\" data-eio-rwidth=\"1433\" data-eio-rheight=\"1080\"\/><img loading=\"lazy\" decoding=\"async\" width=\"1433\" height=\"1080\" src=\"https:\/\/elnacional-uploads.nyc3.digitaloceanspaces.com\/wp-content\/uploads\/2025\/10\/29122809\/NANIS-FNB2025-JENIFER-CUSUMANO-%40LACUSUGRAFIA-55.jpg\" alt=\"ni\u00f1eras\" class=\"wp-image-2824091\" data-eio=\"l\"\/><figcaption class=\"wp-element-caption\">De izquierda a derecha, Steven Chen, Esteban Uzcategui, Gabriel Urbina, Mariana \u00abNani\u00bb Bendoya, Carlos Contreras, Jos\u00e9 Moreno y Luis Le\u00f3n | Foto Jenifer Cusumano<\/figcaption><\/figure>\n<p>El siguiente paso era trabajar en la m\u00fasica para el show. Como ten\u00edan pocas canciones, aprovecharon para preparar una presentaci\u00f3n especial pensada solo para el festival. \u201cLas canciones que hicimos fueron muy planificadas en funci\u00f3n del Nuevas Bandas. Para nosotros fue como: \u2018Okey \u00bfqu\u00e9 necesitamos para dar un buen show?\u2019 y empezamos a trabajar en funci\u00f3n de eso\u201d, cuenta Nani. <\/p>\n<p>Fueron dos semanas full de ensayos todo el d\u00eda para que todo estuviera listo para el circuito. Pese a toda la preparaci\u00f3n, Nani estaba muy nerviosa. Era su primer show con la nueva alineaci\u00f3n y el primero en mucho tiempo. <\/p>\n<p>\u201cPara el circuito de M\u00e9rida yo ten\u00eda mucho miedo, estaba muy nerviosa porque era nuestra primera presentaci\u00f3n juntos como banda. Pero apenas empez\u00f3 el show me pas\u00e9 el switch y me entregu\u00e9 a dar un buen espect\u00e1culo. La gente de M\u00e9rida fue muy receptiva, estaba muy dispuesta a escuchar algo nuevo. Nos pidieron aut\u00f3grafos. Fue una experiencia muy linda y loca a la vez\u201d, recuerda la cantante.<\/p>\n<h2 class=\"wp-block-heading\" id=\"h-que-pase-lo-que-tenga-que-pasar\"><strong>Que pase lo que tenga que pasar<\/strong><\/h2>\n<p>Antes de ir a M\u00e9rida, los integrantes de Nanis tuvieron una conversaci\u00f3n importante: si ganaban el circuito no podr\u00edan ir a la final, porque asistir supon\u00eda un gran gasto para la banda, que ya hab\u00eda costado con sus propios recursos el viaje hasta M\u00e9rida. Afortunadamente, tras ganar el circuito, les dijeron que el festival se encargar\u00eda de cubrir sus gastos de traslado y hospedaje para ir a la final. <\/p>\n<p>Con un peso menos encima, la banda se enfoc\u00f3 en pulir su show, sobre todo en completar el tiempo que ten\u00edan en tarima. \u201cAunque hicimos una presentaci\u00f3n en funci\u00f3n de los 20 minutos que da el festival, en el circuito de M\u00e9rida no ten\u00edamos los 20 minutos completos, apenas ten\u00edamos 17 minutos de show. Ya para Maracay decidimos componer una canci\u00f3n m\u00e1s para completar el tiempo en tarima\u201d, cuenta Gabriel Urbina.<\/p>\n<figure class=\"wp-block-image size-full\"><img loading=\"lazy\" decoding=\"async\" width=\"1350\" height=\"1080\" src=\"data:image\/png;base64,iVBORw0KGgoAAAANSUhEUgAABUYAAAQ4AQAAAADtZTvJAAAAAnRSTlMAAHaTzTgAAADJSURBVHja7cExAQAAAMKg9U9tDQ+gAAAAAAAAAAAAAAAAAAAAAAAAAAAAAAAAAAAAAAAAAAAAAAAAAAAAAAAAAAAAAAAAAAAAAAAAAAAAAAAAAAAAAAAAAAAAAAAAAAAAAAAAAAAAAAAAAAAAAAAAAAAAAAAAAAAAAAAAAAAAAAAAAAAAAAAAAAAAAAAAAAAAAAAAAAAAAAAAAAAAAAAAAAAAAAAAAAAAAAAAAAAAAAAAAAAAAAAAAAAAAAAAAAAAAAAAAAAAgHcDzU4AAQjL1H0AAAAASUVORK5CYII=\" alt=\"ni\u00f1eras\" class=\"wp-image-2824090 lazyload\" data-src=\"https:\/\/elnacional-uploads.nyc3.digitaloceanspaces.com\/wp-content\/uploads\/2025\/10\/29122755\/NANIS-FNB2025-JENIFER-CUSUMANO-%40LACUSUGRAFIA-50.jpg\" data-eio-rwidth=\"1350\" data-eio-rheight=\"1080\"\/><img loading=\"lazy\" decoding=\"async\" width=\"1350\" height=\"1080\" src=\"https:\/\/elnacional-uploads.nyc3.digitaloceanspaces.com\/wp-content\/uploads\/2025\/10\/29122755\/NANIS-FNB2025-JENIFER-CUSUMANO-%40LACUSUGRAFIA-50.jpg\" alt=\"ni\u00f1eras\" class=\"wp-image-2824090\" data-eio=\"l\"\/><figcaption class=\"wp-element-caption\">Los integrantes de Nanis se unieron al grupo poco antes del Festival Nuevas Bandas | Foto Jenifer Cusumano<\/figcaption><\/figure>\n<p>Tras d\u00edas sin dormir y muchos ensayos, la banda se embarc\u00f3 en un marat\u00f3nico viaje por carretera para llegar a Maracay. Un recorrido que debi\u00f3 demorar entre 8 y 9 horas se convirti\u00f3 en un viaje de 17 horas, debido al n\u00famero de alcabalas en el trayecto, que muchas veces paraban el autob\u00fas para requisar a los pasajeros.<\/p>\n<p>\u201cEl viaje fue bastante duro por las alcabalas. Lo peor que nos pod\u00eda pasar era que nos pararan en una alcabala y nos pidieran revisar el equipaje, porque ten\u00edamos muchos bolsos y estuches por los instrumentos y sacarlos era muy engorroso. Por suerte, eso no pas\u00f3\u201d, dice el baterista.<\/p>\n<p>Pese a lo extenso del recorrido, fueron los primeros en llegar. A las 8:00 am ya estaban en la Concha Ac\u00fastica de Maracay. \u201cNos pas\u00f3 como el chiste que dice que mientras m\u00e1s lejos del colegio vives, m\u00e1s temprano llegas y mientras m\u00e1s cerca, m\u00e1s tarde\u201d, dice Luis Le\u00f3n.<\/p>\n<figure class=\"wp-block-image size-full\"><img loading=\"lazy\" decoding=\"async\" width=\"1620\" height=\"1080\" src=\"data:image\/png;base64,iVBORw0KGgoAAAANSUhEUgAABlQAAAQ4AQAAAABX3AwdAAAAAnRSTlMAAHaTzTgAAADrSURBVHja7cEBAQAAAIIg\/69uSEABAAAAAAAAAAAAAAAAAAAAAAAAAAAAAAAAAAAAAAAAAAAAAAAAAAAAAAAAAAAAAAAAAAAAAAAAAAAAAAAAAAAAAAAAAAAAAAAAAAAAAAAAAAAAAAAAAAAAAAAAAAAAAAAAAAAAAAAAAAAAAAAAAAAAAAAAAAAAAAAAAAAAAAAAAAAAAAAAAAAAAAAAAAAAAAAAAAAAAAAAAAAAAAAAAAAAAAAAAAAAAAAAAAAAAAAAAAAAAAAAAAAAAAAAAAAAAAAAAAAAAAAAAAAAAAAAAAAAAAAAAADwaFzNAAF0zYq+AAAAAElFTkSuQmCC\" alt=\"ni\u00f1eras\" class=\"wp-image-2824083 lazyload\" data-src=\"https:\/\/elnacional-uploads.nyc3.digitaloceanspaces.com\/wp-content\/uploads\/2025\/10\/29122648\/NANIS-FNB2025-JENIFER-CUSUMANO-%40LACUSUGRAFIA-31.jpg\" data-eio-rwidth=\"1620\" data-eio-rheight=\"1080\"\/><img loading=\"lazy\" decoding=\"async\" width=\"1620\" height=\"1080\" src=\"https:\/\/elnacional-uploads.nyc3.digitaloceanspaces.com\/wp-content\/uploads\/2025\/10\/29122648\/NANIS-FNB2025-JENIFER-CUSUMANO-%40LACUSUGRAFIA-31.jpg\" alt=\"ni\u00f1eras\" class=\"wp-image-2824083\" data-eio=\"l\"\/><figcaption class=\"wp-element-caption\">Los integrantes del Nanis no esperaban ganar la edici\u00f3n 31 del Festival Nuevas Bandas | Foto Jenifer Cusumano<\/figcaption><\/figure>\n<p>Antes de estas edici\u00f3n, los integrantes de Nanis no hab\u00edan tenido la oportunidad de asistir a una final del Nuevas Bandas, por lo que aprovecharon para ver las presentaciones de los otros grupos antes de que llegara su turno. Aunque no pudieron ver todos, disfrutaron de las presentaciones de Van Der Dijs, Sherwood y Royal Big Road.<\/p>\n<p>Su turno de subir al escenario lleg\u00f3 a las 8 de la noche. No estaban nerviosos, solo emocionados. Por fin, hab\u00eda llegado el momento para el que tanto hab\u00edan trabajado. Sin importar el resultado, su objetivo era disfrutarlo de inicio a fin. Para ellos, el simple hecho de estar en la final ya los hac\u00eda ganadores. Por eso, cuando escucharon su nombre como vencedores, no lo pod\u00edan creer. Los sorprendi\u00f3 por completo.<\/p>\n<p>\u201cTodos fuimos con la mentalidad de que pasara lo que ten\u00eda que pasar, pero el esfuerzo que hicimos fue tan grande que haber ganado fue una gran recompensa. Para nosotros el hecho de ganar el circuito regional y estar en la final era m\u00e1s que suficiente. Yo me puse a llorar horrible cuando ganamos porque fue muy dif\u00edcil preparar todo, fueron d\u00edas sin dormir, con full ensayos\u201d, cuenta Gabriel.<\/p>\n<figure class=\"wp-block-image size-full\"><img loading=\"lazy\" decoding=\"async\" width=\"1350\" height=\"1080\" src=\"data:image\/png;base64,iVBORw0KGgoAAAANSUhEUgAABUYAAAQ4AQAAAADtZTvJAAAAAnRSTlMAAHaTzTgAAADJSURBVHja7cExAQAAAMKg9U9tDQ+gAAAAAAAAAAAAAAAAAAAAAAAAAAAAAAAAAAAAAAAAAAAAAAAAAAAAAAAAAAAAAAAAAAAAAAAAAAAAAAAAAAAAAAAAAAAAAAAAAAAAAAAAAAAAAAAAAAAAAAAAAAAAAAAAAAAAAAAAAAAAAAAAAAAAAAAAAAAAAAAAAAAAAAAAAAAAAAAAAAAAAAAAAAAAAAAAAAAAAAAAAAAAAAAAAAAAAAAAAAAAAAAAAAAAAAAAAAAAgHcDzU4AAQjL1H0AAAAASUVORK5CYII=\" alt=\"ni\u00f1eras\" class=\"wp-image-2824086 lazyload\" data-src=\"https:\/\/elnacional-uploads.nyc3.digitaloceanspaces.com\/wp-content\/uploads\/2025\/10\/29122728\/NANIS-FNB2025-JENIFER-CUSUMANO-%40LACUSUGRAFIA-34.jpg\" data-eio-rwidth=\"1350\" data-eio-rheight=\"1080\"\/><img loading=\"lazy\" decoding=\"async\" width=\"1350\" height=\"1080\" src=\"https:\/\/elnacional-uploads.nyc3.digitaloceanspaces.com\/wp-content\/uploads\/2025\/10\/29122728\/NANIS-FNB2025-JENIFER-CUSUMANO-%40LACUSUGRAFIA-34.jpg\" alt=\"ni\u00f1eras\" class=\"wp-image-2824086\" data-eio=\"l\"\/><figcaption class=\"wp-element-caption\">La propuesta musical de Nanis es variada y fusiona distintos g\u00e9neros | Foto Jenifer Cusumano<\/figcaption><\/figure>\n<p>Aunque Nani tampoco esperaba ganar, sab\u00eda que hab\u00edan dado un buen show y que su propuesta musical, caracterizada por la inclusi\u00f3n de g\u00e9neros como la cumbia, el jazz y elementos pop\/rock, los har\u00eda merecedores de alguna menci\u00f3n especial en el festival. <\/p>\n<p>\u201cYo no esperaba ganar porque sab\u00eda que \u00edbamos a participar en un festival que est\u00e1 acostumbrado al rock, a sonidos m\u00e1s pesados, y las otras bandas eran muy buenas. Cuando vi a Van Der Dijs, dije: \u2018Ellos ganaron\u2019. Pero s\u00ed sab\u00eda que nuestro show era bueno y que probablemente nos iban a dar alguna menci\u00f3n especial, por hacer algo diferente\u201d, dice la cantante, quien asegur\u00f3 que las referencias musicales de la banda son, como su estilo, muy variadas porque no les gusta limitarse. \u201cSomos m\u00fasicos y la m\u00fasica se hizo para sentirla y expresar. \u00bfPor qu\u00e9 limitarme a una sola cosa?\u201d, dice.<\/p>\n<figure class=\"wp-block-image size-full\"><img loading=\"lazy\" decoding=\"async\" width=\"1620\" height=\"1080\" src=\"data:image\/png;base64,iVBORw0KGgoAAAANSUhEUgAABlQAAAQ4AQAAAABX3AwdAAAAAnRSTlMAAHaTzTgAAADrSURBVHja7cEBAQAAAIIg\/69uSEABAAAAAAAAAAAAAAAAAAAAAAAAAAAAAAAAAAAAAAAAAAAAAAAAAAAAAAAAAAAAAAAAAAAAAAAAAAAAAAAAAAAAAAAAAAAAAAAAAAAAAAAAAAAAAAAAAAAAAAAAAAAAAAAAAAAAAAAAAAAAAAAAAAAAAAAAAAAAAAAAAAAAAAAAAAAAAAAAAAAAAAAAAAAAAAAAAAAAAAAAAAAAAAAAAAAAAAAAAAAAAAAAAAAAAAAAAAAAAAAAAAAAAAAAAAAAAAAAAAAAAAAAAAAAAAAAAAAAAAAAAADwaFzNAAF0zYq+AAAAAElFTkSuQmCC\" alt=\"ni\u00f1eras\" class=\"wp-image-2824084 lazyload\" data-src=\"https:\/\/elnacional-uploads.nyc3.digitaloceanspaces.com\/wp-content\/uploads\/2025\/10\/29122703\/NANIS-FNB2025-JENIFER-CUSUMANO-%40LACUSUGRAFIA-32.jpg\" data-eio-rwidth=\"1620\" data-eio-rheight=\"1080\"\/><img loading=\"lazy\" decoding=\"async\" width=\"1620\" height=\"1080\" src=\"https:\/\/elnacional-uploads.nyc3.digitaloceanspaces.com\/wp-content\/uploads\/2025\/10\/29122703\/NANIS-FNB2025-JENIFER-CUSUMANO-%40LACUSUGRAFIA-32.jpg\" alt=\"ni\u00f1eras\" class=\"wp-image-2824084\" data-eio=\"l\"\/><figcaption class=\"wp-element-caption\">Foto Jenifer Cusumano<\/figcaption><\/figure>\n<p>Precisamente, su propuesta musical no cay\u00f3 muy bien en parte del p\u00fablico, que apenas empez\u00f3 la primera canci\u00f3n decidieron dispersarse. \u201cCuando comenz\u00f3 nuestra presentaci\u00f3n recuerdo haber visto muchas caras extra\u00f1adas porque el Nuevas Bandas es un evento en el que la mayor\u00eda de las bandas participantes son de rock y nosotros comenzamos con un gypsy jazz y hubo muchas malas caras y gente que se fue\u201d, recuerda Nani, quien decidi\u00f3 enfocarse en las personas que se quedaron a escucharlos. \u201cRecuerdo haber visto una ni\u00f1a sobre los hombros de su pap\u00e1 super emocionada viendo los visuales de la primera canci\u00f3n, que tiene muchos gatos, y me dije: \u2018No me voy a concentrar en los que se est\u00e1n yendo, me voy a concentrar en los que se quedaron\u00a0y en esta ni\u00f1a preciosa\u2019\u201d.<\/p>\n<p>Para su sorpresa, a medida que transcurr\u00eda su show, muchos de los que se alejaron regresaron a verlos. \u201cObviamente lo nuevo siempre choca y m\u00e1s si ten\u00edas una expectativa de lo que ibas a ver\u201d, dice la cantante. <\/p>\n<p>El show en la Concha Ac\u00fastica de Maracay ha sido el m\u00e1s grande de Nanis hasta el momento. Para los integrantes del grupo fue un sue\u00f1o hecho realidad pasar de tocar en bares a presentarse en un lugar as\u00ed. \u201cFue algo impactante. Se sinti\u00f3 como un sue\u00f1o, pero no como un sue\u00f1o de ilusi\u00f3n, sino como uno de lucidez\u201d, dice la cantante. <\/p>\n<figure class=\"wp-block-image size-large\"><img loading=\"lazy\" decoding=\"async\" width=\"2560\" height=\"1275\" src=\"data:image\/png;base64,iVBORw0KGgoAAAANSUhEUgAAB4AAAAO8AQAAAACALpSuAAAAAnRSTlMAAHaTzTgAAAD0SURBVHja7cEBAQAAAICQ\/q\/uCAoAAAAAAAAAAAAAAAAAAAAAAAAAAAAAAAAAAAAAAAAAAAAAAAAAAAAAAAAAAAAAAAAAAAAAAAAAAAAAAAAAAAAAAAAAAAAAAAAAAAAAAAAAAAAAAAAAAAAAAAAAAAAAAAAAAAAAAAAAAAAAAAAAAAAAAAAAAAAAAAAAAAAAAAAAAAAAAAAAAAAAAAAAAAAAAAAAAAAAAAAAAAAAAAAAAAAAAAAAAAAAAAAAAAAAAAAAAAAAAAAAAAAAAAAAAAAAAAAAAAAAAAAAAAAAAAAAAAAAAAAAAAAAAAAAAAAAAACAAYQpAAHs6E+RAAAAAElFTkSuQmCC\" alt=\"ni\u00f1eras\" class=\"wp-image-2824094 lazyload\" data-src=\"https:\/\/elnacional-uploads.nyc3.digitaloceanspaces.com\/wp-content\/uploads\/2025\/10\/29122956\/nuevas-bandas-86-2560x1275.jpg\" data-eio-rwidth=\"2560\" data-eio-rheight=\"1275\"\/><img loading=\"lazy\" decoding=\"async\" width=\"2560\" height=\"1275\" src=\"https:\/\/elnacional-uploads.nyc3.digitaloceanspaces.com\/wp-content\/uploads\/2025\/10\/29122956\/nuevas-bandas-86-2560x1275.jpg\" alt=\"ni\u00f1eras\" class=\"wp-image-2824094\" data-eio=\"l\"\/><figcaption class=\"wp-element-caption\">Los integrantes de Nanis ven el futuro de la banda fuera de San Crist\u00f3bal | Foto Jenifer Cusumano<\/figcaption><\/figure>\n<p>Sobre el cambio de locaci\u00f3n del Festival Nuevas Bandas, que tradicionalmente se celebraba en Caracas pero que desde 2024 se mud\u00f3 a Maracay, los integrantes del grupo consideran que es algo positivo, pues le da la oportunidad a personas de otras ciudades de disfrutar del evento. Les gustar\u00eda que se hiciera lo mismo con los circuitos regionales y que el de Los Andes se realice en San Crist\u00f3bal, donde -consideran- la cultura musical de bandas no es muy popular.<\/p>\n<p>\u201cCreo que ser\u00eda bueno hacer un circuito del Nuevas Bandas en San Crist\u00f3bal para fomentar la cultura de las bandas aqu\u00ed, porque si un chamito pasa un d\u00eda por el festival y ve una presentaci\u00f3n quiz\u00e1s eso lo anime a tener su propia banda\u201d, dice Luis.<\/p>\n<p>Adem\u00e1s de Nanis, los integrantes del grupo se dedican a otras cosas, muchas relacionadas con la m\u00fasica o el \u00e1rea creativa. Nani es dise\u00f1adora gr\u00e1fica y da clases de piano, Gabriel es filmmaker y creador de contenido, Luis es productor de eventos, Jos\u00e9 es comunicador social, Esteban y Steven estudian ingenier\u00eda inform\u00e1tica, y Carlos solo se dedica a la m\u00fasica.<\/p>\n<blockquote class=\"instagram-media\" data-instgrm-permalink=\"https:\/\/www.instagram.com\/p\/DPZ-0LmkZZa\/?img_index=1\" data-instgrm-version=\"14\" style=\"max-width: 500px\"\/>\n<p>Aunque los integrantes Nanis consideran que construir una carrera musical en Venezuela es dif\u00edcil, por la situaci\u00f3n del pa\u00eds y la falta de espacios para bandas emergentes, sobre todo en ciudades alejadas de la capital como San Crist\u00f3bal, las redes sociales son un gran aliado para hacer llegar su m\u00fasica a otros lugares.<\/p>\n<p>Para el futuro la vocalista de Nanis imagina a la banda fuera de San Crist\u00f3bal, incluso de Venezuela. Pero para eso primero tienen que trabajar en construir un nombre y una comunidad que los respalde. En eso est\u00e1n enfocados en\u00a0 este momento.<\/p>\n<p>\u201cSi queremos que la banda surja, no nos podemos quedar en San Crist\u00f3bal, lamentablemente. Los artistas venezolanos que se han posicionado no est\u00e1n en Venezuela. Por ahora, como no hay los medios ni los recursos, vemos como una oportunidad las redes sociales para movernos y mostrar nuestra m\u00fasica\u201d, afirma la vocalista.<\/p>\n<p>Uno de los objetivos de Nanis a mediano plazo es no poder tocar en San Crist\u00f3bal porque cualquier sitio les quedara peque\u00f1o. \u201cEsa es la meta\u201d, aseguran.<\/p>\n<\/div>\n<p><script async src=\"\/\/www.instagram.com\/embed.js\"><\/script><br \/>\n<br \/>\n","protected":false},"excerpt":{"rendered":"<p>| Foto Jenifer Cusumano Antes de la final del Festival Nuevas Bandas, el pasado 11 de octubre, Nanis, ganadores de la edici\u00f3n 2025, no estaba completa. Les faltaban integrantes para poder competir en el concurso musical organizado por F\u00e9lix Allueva, que este a\u00f1o se celebr\u00f3 en Maracay por segunda vez. Eran apenas dos m\u00fasicos, voz &hellip;<\/p>\n","protected":false},"author":1,"featured_media":47874,"comment_status":"open","ping_status":"open","sticky":false,"template":"","format":"standard","meta":{"fifu_image_url":"https:\/\/elnacional-uploads.nyc3.digitaloceanspaces.com\/wp-content\/uploads\/2025\/10\/29130804\/nuevas-bandas-93-1.jpg","fifu_image_alt":"","footnotes":""},"categories":[13],"tags":[],"class_list":["post-47872","post","type-post","status-publish","format-standard","has-post-thumbnail","","category-mundo"],"_links":{"self":[{"href":"https:\/\/noticiasveraces.com\/index.php?rest_route=\/wp\/v2\/posts\/47872","targetHints":{"allow":["GET"]}}],"collection":[{"href":"https:\/\/noticiasveraces.com\/index.php?rest_route=\/wp\/v2\/posts"}],"about":[{"href":"https:\/\/noticiasveraces.com\/index.php?rest_route=\/wp\/v2\/types\/post"}],"author":[{"embeddable":true,"href":"https:\/\/noticiasveraces.com\/index.php?rest_route=\/wp\/v2\/users\/1"}],"replies":[{"embeddable":true,"href":"https:\/\/noticiasveraces.com\/index.php?rest_route=%2Fwp%2Fv2%2Fcomments&post=47872"}],"version-history":[{"count":0,"href":"https:\/\/noticiasveraces.com\/index.php?rest_route=\/wp\/v2\/posts\/47872\/revisions"}],"wp:featuredmedia":[{"embeddable":true,"href":"https:\/\/noticiasveraces.com\/index.php?rest_route=\/wp\/v2\/media\/47874"}],"wp:attachment":[{"href":"https:\/\/noticiasveraces.com\/index.php?rest_route=%2Fwp%2Fv2%2Fmedia&parent=47872"}],"wp:term":[{"taxonomy":"category","embeddable":true,"href":"https:\/\/noticiasveraces.com\/index.php?rest_route=%2Fwp%2Fv2%2Fcategories&post=47872"},{"taxonomy":"post_tag","embeddable":true,"href":"https:\/\/noticiasveraces.com\/index.php?rest_route=%2Fwp%2Fv2%2Ftags&post=47872"}],"curies":[{"name":"wp","href":"https:\/\/api.w.org\/{rel}","templated":true}]}}