{"id":47834,"date":"2025-10-29T23:36:25","date_gmt":"2025-10-30T03:36:25","guid":{"rendered":"https:\/\/noticiasveraces.com\/?p=47834"},"modified":"2025-10-29T23:36:25","modified_gmt":"2025-10-30T03:36:25","slug":"el-consejo-de-europa-pide-que-espana-garantice-la-atencion-medica-a-las-personas-trans-y-proteccion-para-los-intersexuales-sociedad","status":"publish","type":"post","link":"https:\/\/noticiasveraces.com\/?p=47834","title":{"rendered":"El Consejo de Europa pide que Espa\u00f1a garantice la atenci\u00f3n m\u00e9dica a las personas trans y protecci\u00f3n para los intersexuales | Sociedad"},"content":{"rendered":"<p> \n<br \/><img decoding=\"async\" src=\"https:\/\/imagenes.elpais.com\/resizer\/v2\/PXEPRD6OTNCQ7M42LCBNCNXC6U.jpg?auth=dc989186c1765ace41ada2f12d299136c5da52fc53c77f332d065a3288e9f95c\" \/><\/p>\n<div data-dtm-region=\"articulo_cuerpo\">\n<p class=\"\">Espa\u00f1a es un pa\u00eds garantista para las personas LGTBIQ+, sobre todo en el contexto actual mundial de retroceso generalizado. De hecho, seg\u00fan el Rainbow Map, elaborado por la Asociaci\u00f3n Internacional LGTBI+ (ILGA), Espa\u00f1a es el quinto mejor pa\u00eds de Europa para las personas del colectivo. Lo que no quita, subraya la Comisi\u00f3n contra el Racismo y la Intolerancia (ECRI) del Consejo de Europa en su \u00faltimo informe sobre el pa\u00eds, que no haya cosas por mejorar. Sobre todo, con respecto a los derechos de las personas trans e intersexuales en todo el territorio, aunque tambi\u00e9n en la lucha contra los discursos de odio, algo que tambi\u00e9n afecta a otras comunidades vulnerables, especialmente la migrante.<\/p>\n<p class=\"\">\u201cLas personas LGTBI+ contin\u00faan enfrentando prejuicios y discriminaci\u00f3n en su vida diaria y el acceso a la atenci\u00f3n m\u00e9dica de afirmaci\u00f3n de g\u00e9nero sigue planteando desaf\u00edos\u201d, subraya el nuevo informe del ECRI, el quinto dedicado a Espa\u00f1a, pero el primero desde 2017.<\/p>\n<p class=\"\">Mucho ha pasado desde entonces. Ha habido avances en materia legislativa, como la Ley integral para la igualdad de trato y no discriminaci\u00f3n, de 2017, conocida popularmente como <i>Ley Zerolo, <\/i>y la Ley para la igualdad real y efectiva y no discriminaci\u00f3n (la 4\/2023, conocida como <i>ley trans<\/i>). Tambi\u00e9n en \u201cbuenas pr\u00e1cticas\u201d para combatir los discursos del odio como para mejorar la formaci\u00f3n de los profesionales de la justicia y agentes del orden para \u201cresponder ante cr\u00edmenes de odio\u201d, celebra el organismo especializado del Consejo de Europa, con sede en Estrasburgo. <\/p>\n<p class=\"\">\u201cDesde 2017, Espa\u00f1a ha logrado avances significativos en la lucha contra el racismo, la intolerancia y la discriminaci\u00f3n mediante la promulgaci\u00f3n de nueva legislaci\u00f3n y la puesta en marcha de diversas iniciativas\u201d, se\u00f1ala al respecto el organismo del Consejo de Europa. <\/p>\n<p class=\"\">Con todo, la ECRI ve todav\u00eda necesario que Espa\u00f1a mejore en algunos aspectos, especialmente para proteger de la discriminaci\u00f3n y del odio a la comunidad LGTBI+ y migrante, as\u00ed como a otros colectivos.<\/p>\n<p class=\"\">Entre otros, recomienda que se \u201cintensifiquen sus esfuerzos para garantizar que las personas trans tengan acceso seguro, asequible y oportuno al tratamiento necesario para la reafirmaci\u00f3n de g\u00e9nero\u201d. Algo que ya queda recogido en la ley 4\/2023, aunque de facto no se aplica en todo el territorio. En marzo de este a\u00f1o, el Gobierno present\u00f3 a las autonom\u00edas su estrategia LGTBI+, que emana de la citada norma, con casi 300 medidas y un plan presupuestario. Sin embargo, para su desarrollo estas medidas deben ser acordadas con los gobiernos regionales, mayoritariamente conservadores y que en algunos casos, como en Valencia, han aprobado legislaci\u00f3n que recorta derechos LGTBI+. <\/p>\n<h3 class=\"\">Protocolo intersexual<\/h3>\n<p class=\"\">La ECRI tambi\u00e9n pide \u201cintensificar\u201d los esfuerzos para proteger los derechos humanos de las personas intersexuales (aquellas que nacen con caracter\u00edsticas sexuales que no encajan en el binarismo hombre-mujer, y que representan entre el 1 y 2% de la poblaci\u00f3n). Concretamente, considera que se debe garantizar que \u201ctodas las comunidades aut\u00f3nomas dispongan de protocolos para su atenci\u00f3n sanitaria, basados en su derecho a la integridad f\u00edsica y a la diversidad\u201d, as\u00ed como que los profesionales sanitarios reciban una \u201cformaci\u00f3n adecuada\u201d sobre los protocolos y que las personas intersexuales y sus familias \u201cpuedan acceder f\u00e1cilmente a un asesoramiento adecuado\u201d. <\/p>\n<p class=\"\">Justamente, esta semana la Federaci\u00f3n Estatal LGTBI+ ha denunciado que Espa\u00f1a es el segundo pa\u00eds de la UE con m\u00e1s agresiones f\u00edsicas o sexuales contra personas intersex: 4 de cada 10 han sufrido este tipo de violencias en los \u00faltimos cinco a\u00f1os. <\/p>\n<p class=\"\">Otro de los reclamos de la comisi\u00f3n es el establecimiento de la Autoridad independiente para la igualdad de trato y la no discriminaci\u00f3n. Como el informe del organismo cerr\u00f3 sus conclusiones en marzo, no recoge que el Gobierno espa\u00f1ol nombr\u00f3 antes del verano como presidenta de esa Autoridad a Mar\u00eda Teresa Verdugo, hasta entonces fiscal delegada de Delitos de Odio de la Fiscal\u00eda Provincial de M\u00e1laga. <\/p>\n<p class=\"\">El Consejo de Europa advierte ante la \u201cpersistencia\u201d del discurso de odio. Reconoce los esfuerzos realizados; especialmente, que \u201cfiguras pol\u00edticas de alto nivel\u201d hayan combatido esos argumentos \u201cpronunci\u00e1ndose en contra de todas las formas de racismo e intolerancia\u201d. Tambi\u00e9n destaca \u201clos esfuerzos para combatir el discurso de odio en internet\u201d, con, entre otras medidas, la adopci\u00f3n de un protocolo espec\u00edfico.<\/p>\n<p class=\"\">Sin embargo, el organismo lamenta que el odio persiste, con especial incidencia en la pol\u00edtica y en el espacio virtual, dirigido principalmente contra los gitanos, los migrantes, los musulmanes y las personas de ascendencia africana. Adem\u00e1s, constata que ha aumentado contra los jud\u00edos y las personas trans, resume la comisi\u00f3n, a la que tambi\u00e9n le preocupa la infradenuncias de esos delitos de odio, contra lo que tambi\u00e9n pide actuar. <\/p>\n<p class=\"\">Otro de los asuntos que trata son los problemas de inclusi\u00f3n de migrantes, especialmente de los menores no acompa\u00f1ados que, al llegar a la mayor\u00eda de edad, tienen dificultades para desarrollar su vida, encontrar empleo y alojamiento. <\/p>\n<p class=\"\">En este sentido, cuando no amaina a\u00fan el debate pol\u00edtico entre Gobierno y algunas comunidades sobre el reparto de menores migrantes, la ECRI pide \u201cmedidas decididas en todo el pa\u00eds para garantizar una transici\u00f3n fluida de los j\u00f3venes migrantes que llegaron a Espa\u00f1a como menores no acompa\u00f1ados desde el sistema de protecci\u00f3n infantil a una vida adulta independiente\u201d. Para ello reclama, entre otras medidas, \u201cprogramas de inclusi\u00f3n espec\u00edficos\u201d focalizados en la formaci\u00f3n, las salidas laborales o la vivienda. <\/p>\n<p class=\"\">En el mismo sentido, consideran \u201cprioritario\u201d la introducci\u00f3n de \u201cun sistema eficaz de registro de los controles de identidad realizados por los agentes del orden\u201d. Esto debe formar parte de una pol\u00edtica destinada a \u201cdetectar y combatir cualquier pr\u00e1ctica de discriminaci\u00f3n racial que afecte en particular a las personas de ascendencia africana, los migrantes y las personas de origen migrante, as\u00ed como a los gitanos\u201d. Para esta \u00faltima poblaci\u00f3n, ECRI tambi\u00e9n reclama \u201cmedidas preventivas y correctivas a nivel nacional para poner fin a cualquier forma de segregaci\u00f3n de facto\u201d, as\u00ed como una iniciativa \u201curgente, a largo plazo y con recursos suficientes, destinada a mejorar el rendimiento educativo de la poblaci\u00f3n gitana\u201d.<\/p>\n<\/div>\n\n","protected":false},"excerpt":{"rendered":"<p>Espa\u00f1a es un pa\u00eds garantista para las personas LGTBIQ+, sobre todo en el contexto actual mundial de retroceso generalizado. De hecho, seg\u00fan el Rainbow Map, elaborado por la Asociaci\u00f3n Internacional LGTBI+ (ILGA), Espa\u00f1a es el quinto mejor pa\u00eds de Europa para las personas del colectivo. Lo que no quita, subraya la Comisi\u00f3n contra el Racismo &hellip;<\/p>\n","protected":false},"author":1,"featured_media":47836,"comment_status":"open","ping_status":"open","sticky":false,"template":"","format":"standard","meta":{"fifu_image_url":"https:\/\/imagenes.elpais.com\/resizer\/v2\/PXEPRD6OTNCQ7M42LCBNCNXC6U.jpg?auth=dc989186c1765ace41ada2f12d299136c5da52fc53c77f332d065a3288e9f95c&width=1200","fifu_image_alt":"","footnotes":""},"categories":[11],"tags":[],"class_list":["post-47834","post","type-post","status-publish","format-standard","has-post-thumbnail","","category-viaje"],"_links":{"self":[{"href":"https:\/\/noticiasveraces.com\/index.php?rest_route=\/wp\/v2\/posts\/47834","targetHints":{"allow":["GET"]}}],"collection":[{"href":"https:\/\/noticiasveraces.com\/index.php?rest_route=\/wp\/v2\/posts"}],"about":[{"href":"https:\/\/noticiasveraces.com\/index.php?rest_route=\/wp\/v2\/types\/post"}],"author":[{"embeddable":true,"href":"https:\/\/noticiasveraces.com\/index.php?rest_route=\/wp\/v2\/users\/1"}],"replies":[{"embeddable":true,"href":"https:\/\/noticiasveraces.com\/index.php?rest_route=%2Fwp%2Fv2%2Fcomments&post=47834"}],"version-history":[{"count":0,"href":"https:\/\/noticiasveraces.com\/index.php?rest_route=\/wp\/v2\/posts\/47834\/revisions"}],"wp:featuredmedia":[{"embeddable":true,"href":"https:\/\/noticiasveraces.com\/index.php?rest_route=\/wp\/v2\/media\/47836"}],"wp:attachment":[{"href":"https:\/\/noticiasveraces.com\/index.php?rest_route=%2Fwp%2Fv2%2Fmedia&parent=47834"}],"wp:term":[{"taxonomy":"category","embeddable":true,"href":"https:\/\/noticiasveraces.com\/index.php?rest_route=%2Fwp%2Fv2%2Fcategories&post=47834"},{"taxonomy":"post_tag","embeddable":true,"href":"https:\/\/noticiasveraces.com\/index.php?rest_route=%2Fwp%2Fv2%2Ftags&post=47834"}],"curies":[{"name":"wp","href":"https:\/\/api.w.org\/{rel}","templated":true}]}}