{"id":47811,"date":"2025-10-29T20:31:38","date_gmt":"2025-10-30T00:31:38","guid":{"rendered":"https:\/\/noticiasveraces.com\/?p=47811"},"modified":"2025-10-29T20:31:38","modified_gmt":"2025-10-30T00:31:38","slug":"robinho-confeso-como-es-su-vida-en-la-carcel-y-aseguro-que-no-tiene-privilegios-curiosidades-de-futbol","status":"publish","type":"post","link":"https:\/\/noticiasveraces.com\/?p=47811","title":{"rendered":"Robinho confes\u00f3 c\u00f3mo es su vida en la c\u00e1rcel y asegur\u00f3 que no tiene privilegios | Curiosidades de f\u00fatbol"},"content":{"rendered":"<p> \n<br \/><img decoding=\"async\" src=\"https:\/\/www.futbolred.com\/files\/article_graphic\/uploads\/2024\/03\/21\/65fcbfda45a58.jpeg\" \/><\/p>\n<div id=\"cuerpoArticulo\">\n<p class=\"texto intro cnx-companion-firstparagraph\" id=\"pnull-m194-193-195\">El exfutbolista brasile\u00f1o Robinho dio a conocer por medio de un video c\u00f3mo es su vida en la Penitenciar\u00eda 2 de Trememb\u00e9, centro carcelario donde est\u00e1 internado desde marzo de 2024, cumpliendo con una condena de nueve a\u00f1os de prisi\u00f3n por violaci\u00f3n en grupo contra una mujer albanesa, hecho ocurrido en 2013. Las im\u00e1genes fueron publicadas por el Consejo Comunitario de Taubat\u00e9, entidad que mantiene contacto con los reclusos del penal.<\/p>\n<p class=\"texto contenido-parrafo-articulo cnx-companion-paragraph\" id=\"pnull-m206-2-207\">En la grabaci\u00f3n, el exjugador de Santos y con paso por clubes europeos como Real Madrid y Milan, habl\u00f3 sobre sus condiciones dentro de la c\u00e1rcel y neg\u00f3 recibir un trato especial pese a ser una figura p\u00fablica. \u201cMi dieta y mi horario de sue\u00f1o son iguales a los de los dem\u00e1s. Nunca he comido nada diferente ni he recibido un trato distinto\u201d, asegur\u00f3. <\/p>\n<p>Tambi\u00e9n rechaz\u00f3 los rumores que lo se\u00f1alan como l\u00edder entre los internos o con problemas psicol\u00f3gicos: \u201cNunca tuve eso ni tom\u00e9 medicaci\u00f3n. Es dif\u00edcil estar preso, pero gracias a Dios mantengo la cabeza fr\u00eda\u201d.<\/p>\n<p>Robinho explic\u00f3 que no goza de ning\u00fan tipo de beneficio y que sus actividades son las mismas que las del resto de los reclusos. Revel\u00f3, adem\u00e1s, que solo puede jugar f\u00fatbol los domingos, cuando no hay jornadas laborales.<\/p>\n<div id=\"pnull-m391-4-392\" class=\"\">\n<blockquote class=\"twitter-tweet\">\n<p lang=\"es\" dir=\"ltr\">\ud83c\udde7\ud83c\uddf7\ud83d\ude33 Robinho comparti\u00f3 un video grabado en la P2 de Trememb\u00e9, la c\u00e1rcel donde se encuentra detenido desde marzo de 2024. En la grabaci\u00f3n, difundida por el Consejo Comunitario de Taubat\u00e9, el brasile\u00f1o habl\u00f3 sobre su rutina y las condiciones dentro de la prisi\u00f3n, conocida por\u2026 <a href=\"https:\/\/t.co\/SZvyJiLkcs\">pic.twitter.com\/SZvyJiLkcs<\/a><\/p>\n<p>\u2014 TyC Deportes (@TyCSports) <a href=\"https:\/\/twitter.com\/TyCSports\/status\/1983375445715227051?ref_src=twsrc%5Etfw\">29 de octubre de 2025<\/a><\/p><\/blockquote><\/div>\n<p class=\"texto contenido-parrafo-articulo cnx-companion-paragraph\" id=\"pnull-m401-5-402\">La prisi\u00f3n de Trememb\u00e9, ubicada en el estado de S\u00e3o Paulo, es conocida por albergar a detenidos de alto perfil, lo que ha despertado sospechas sobre supuestos privilegios. Sin embargo, el propio exjugador desminti\u00f3 esas versiones y afirm\u00f3 que lleva una rutina estrictamente regulada por las normas penitenciarias.<\/p>\n<p>Por ahora, Robinho sigue cumpliendo su condena como ordena la ley, aspirando a alg\u00fan d\u00eda salir de esta dif\u00edcil etapa de su vida, en la que ha logrado aprender de errores que lo tienen en la c\u00e1rcel.<\/p>\n<\/div>\n<p><script async src=\"https:\/\/platform.twitter.com\/widgets.js\" charset=\"utf-8\"><\/script><br \/>\n<br \/>\n","protected":false},"excerpt":{"rendered":"<p>El exfutbolista brasile\u00f1o Robinho dio a conocer por medio de un video c\u00f3mo es su vida en la Penitenciar\u00eda 2 de Trememb\u00e9, centro carcelario donde est\u00e1 internado desde marzo de 2024, cumpliendo con una condena de nueve a\u00f1os de prisi\u00f3n por violaci\u00f3n en grupo contra una mujer albanesa, hecho ocurrido en 2013. Las im\u00e1genes fueron &hellip;<\/p>\n","protected":false},"author":1,"featured_media":47813,"comment_status":"open","ping_status":"open","sticky":false,"template":"","format":"standard","meta":{"fifu_image_url":"https:\/\/www.futbolred.com\/files\/og_thumbnail\/uploads\/2024\/03\/21\/65fcbfda45a58.jpeg","fifu_image_alt":"","footnotes":""},"categories":[6],"tags":[],"class_list":["post-47811","post","type-post","status-publish","format-standard","has-post-thumbnail","","category-deportes"],"_links":{"self":[{"href":"https:\/\/noticiasveraces.com\/index.php?rest_route=\/wp\/v2\/posts\/47811","targetHints":{"allow":["GET"]}}],"collection":[{"href":"https:\/\/noticiasveraces.com\/index.php?rest_route=\/wp\/v2\/posts"}],"about":[{"href":"https:\/\/noticiasveraces.com\/index.php?rest_route=\/wp\/v2\/types\/post"}],"author":[{"embeddable":true,"href":"https:\/\/noticiasveraces.com\/index.php?rest_route=\/wp\/v2\/users\/1"}],"replies":[{"embeddable":true,"href":"https:\/\/noticiasveraces.com\/index.php?rest_route=%2Fwp%2Fv2%2Fcomments&post=47811"}],"version-history":[{"count":0,"href":"https:\/\/noticiasveraces.com\/index.php?rest_route=\/wp\/v2\/posts\/47811\/revisions"}],"wp:featuredmedia":[{"embeddable":true,"href":"https:\/\/noticiasveraces.com\/index.php?rest_route=\/wp\/v2\/media\/47813"}],"wp:attachment":[{"href":"https:\/\/noticiasveraces.com\/index.php?rest_route=%2Fwp%2Fv2%2Fmedia&parent=47811"}],"wp:term":[{"taxonomy":"category","embeddable":true,"href":"https:\/\/noticiasveraces.com\/index.php?rest_route=%2Fwp%2Fv2%2Fcategories&post=47811"},{"taxonomy":"post_tag","embeddable":true,"href":"https:\/\/noticiasveraces.com\/index.php?rest_route=%2Fwp%2Fv2%2Ftags&post=47811"}],"curies":[{"name":"wp","href":"https:\/\/api.w.org\/{rel}","templated":true}]}}