{"id":47801,"date":"2025-10-29T19:45:04","date_gmt":"2025-10-29T23:45:04","guid":{"rendered":"https:\/\/noticiasveraces.com\/?p=47801"},"modified":"2025-10-29T19:45:04","modified_gmt":"2025-10-29T23:45:04","slug":"la-onu-pide-nuevamente-el-final-del-embargo-de-ee-uu-a-cuba-pero-con-una-votacion-mermada","status":"publish","type":"post","link":"https:\/\/noticiasveraces.com\/?p=47801","title":{"rendered":"La ONU pide nuevamente el final del embargo de EE. UU. a Cuba, pero con una votaci\u00f3n mermada"},"content":{"rendered":"<p> \n<\/p>\n<div>\n<p>Estados Unidos despleg\u00f3 una agresiva campa\u00f1a diplom\u00e1tica que vincul\u00f3 a mercenarios cubanos con el ej\u00e9rcito ruso en la guerra de Ucrania.<\/p>\n<p>La resoluci\u00f3n que desde 1992 pide el levantamiento del embargo econ\u00f3mico, comercial y financiero recibi\u00f3 165 votos a favor, 7 en contra (entre ellos Estados Unidos, Israel, Ucrania, Argentina y Paraguay) y 12 abstenciones.<\/p>\n<p>Aunque Cuba mantuvo la mayor\u00eda, se trata de la votaci\u00f3n m\u00e1s baja a su favor en al menos una d\u00e9cada.<\/p>\n<p class=\"a-read-more\"><span class=\"a-read-more__label\">Leer tambi\u00e9n<\/span>60 a\u00f1os de bloqueo en Cuba y los mismos resultados controvertidos<\/p>\n<p>La resoluci\u00f3n de la ONU no solo condena el bloqueo econ\u00f3mico que desde 1960 Estados Unidos impone a Cuba, sino que tambi\u00e9n pide a Washington levantar todo el entramado de leyes que proh\u00edben, por ejemplo, que la isla caribe\u00f1a pueda comprar productos extranjeros con d\u00f3lares.<\/p>\n<p>En los d\u00edas previos a la reuni\u00f3n en Nueva York, Cuba denunci\u00f3 que Estados Unidos despleg\u00f3 una \u00abcampa\u00f1a calumniosa\u00bb y \u00abmendaz\u00bb para presionar a pa\u00edses de Am\u00e9rica Latina y Europa a no respaldar la resoluci\u00f3n.<\/p>\n<p>En 2024, la resoluci\u00f3n hab\u00eda recibido 187 votos a favor, dos en contra (Estados Unidos e Israel) y una abstenci\u00f3n (Moldavia).<\/p>\n<p>Este a\u00f1o, adem\u00e1s del voto negativo de Argentina y Paraguay, hubo dos abstenciones en Am\u00e9rica Latina: Costa Rica y Ecuador.<\/p>\n<p>Estados Unidos logr\u00f3 tambi\u00e9n la abstenci\u00f3n de varios pa\u00edses del este de Europa, como Polonia, Rep\u00fablica Checa, Estonia, Lituania y Letonia, que acusan a Cuba de apoyar a Rusia.<\/p>\n<div class=\"em-video-wrapper m-em-video\" data-media-video-wbmz346630-f24-es-20251029=\"\" data-wrapper-video-player=\"\" data-show-hidden-video-player=\"WBMZ346630-F24-ES-20251029\" data-youtube-script=\"\">\n<p>Estados Unidos extiende el embargo a Cuba un a\u00f1o m\u00e1s<\/p>\n<div class=\"m-em-video__video\">\n<div class=\"o-em-consent \">\n<div class=\"o-em-consent__content\">\n<p class=\"o-em-consent__content__text\">Para mostrar este contenido de YouTube, debe autorizar las cookies de medici\u00f3n de audiencia y publicidad.<\/p>\n<p>        <button class=\"a-master-button a-master-button--dark\" data-action=\"accept\">Aceptar<i class=\"a-svg a-svg--icon-check\"\/><\/button><br \/>\n        <button class=\"a-link\" data-action=\"manage\">Gestionar mis opciones<i class=\"a-svg a-svg--icon-edit\"\/><\/button>\n    <\/div>\n<\/div>\n<div class=\"o-em-adblock\" data-adblock-content=\"\">\n<div class=\"o-em-adblock__content\">\n<p class=\"o-em-adblock__content__text\">Una extensi\u00f3n de tu navegador parece estar bloqueando la carga del reproductor de video. Para poder ver este contenido, debes desactivarla en este sitio.<\/p>\n<p>            <button class=\"a-master-button a-master-button--dark\" data-action=\"reload\">Reintentar<\/button>\n    <\/div>\n<\/div>\n<figure class=\"m-item-image m-item-image--16x9 m-item-image--has-caption\">\n<picture class=\"a-picture a-picture--16x9\"><source type=\"image\/webp\" srcset=\"https:\/\/s.france24.com\/media\/display\/4be313f0-76f1-11ef-bdce-005056a97e36\/w:388\/p:16x9\/ES_20240920_030606_030759_CS.webp 388w,https:\/\/s.france24.com\/media\/display\/4be313f0-76f1-11ef-bdce-005056a97e36\/w:720\/p:16x9\/ES_20240920_030606_030759_CS.webp 720w,https:\/\/s.france24.com\/media\/display\/4be313f0-76f1-11ef-bdce-005056a97e36\/w:1024\/p:16x9\/ES_20240920_030606_030759_CS.webp 1024w,https:\/\/s.france24.com\/media\/display\/4be313f0-76f1-11ef-bdce-005056a97e36\/w:1280\/p:16x9\/ES_20240920_030606_030759_CS.webp 1280w\" sizes=\"(max-width: 639px) calc(100vw - 32px), (max-width: 1076px) calc(100vw - 44px), 850px\"><img decoding=\"async\" fetchpriority=\"low\" src=\"https:\/\/s.france24.com\/media\/display\/4be313f0-76f1-11ef-bdce-005056a97e36\/w:1280\/p:16x9\/ES_20240920_030606_030759_CS.jpg\" srcset=\"https:\/\/s.france24.com\/media\/display\/4be313f0-76f1-11ef-bdce-005056a97e36\/w:388\/p:16x9\/ES_20240920_030606_030759_CS.jpg 388w,https:\/\/s.france24.com\/media\/display\/4be313f0-76f1-11ef-bdce-005056a97e36\/w:720\/p:16x9\/ES_20240920_030606_030759_CS.jpg 720w,https:\/\/s.france24.com\/media\/display\/4be313f0-76f1-11ef-bdce-005056a97e36\/w:1024\/p:16x9\/ES_20240920_030606_030759_CS.jpg 1024w,https:\/\/s.france24.com\/media\/display\/4be313f0-76f1-11ef-bdce-005056a97e36\/w:1280\/p:16x9\/ES_20240920_030606_030759_CS.jpg 1280w\" sizes=\"auto, (max-width: 639px) calc(100vw - 32px), (max-width: 1076px) calc(100vw - 44px), 850px\" width=\"1280\" height=\"720\" alt=\"Estados Unidos extiende el embargo a Cuba un a\u00f1o m\u00e1s\" loading=\"lazy\" class=\"a-img \"\/><\/source><\/picture><figcaption class=\"a-figcaption\">\n                                <span>\u00a9 Francia 24<\/span>            <\/figcaption><\/figure>\n<\/p><\/div>\n<\/p><\/div>\n<h2>\u00abPresi\u00f3n contra terceros pa\u00edses\u00bb<\/h2>\n<p>El embajador estadounidense en la ONU, Mike Waltz, calific\u00f3 a Cuba de \u00abr\u00e9gimen ileg\u00edtimo y brutal que quiere hacerse pasar por la v\u00edctima de una agresi\u00f3n describi\u00e9ndose como un &#8216;enemigo de Estados Unidos'\u00bb.<\/p>\n<p>Cuba \u00abest\u00e1 permitiendo que mercenarios luchen en la guerra en Ucrania\u00bb, dijo el martes Waltz.<\/p>\n<p>El diplom\u00e1tico dijo que el gobierno comunista \u00abconspira y colabora con enemigos y adversarios de Estados Unidos en contra\u00bb de sus intereses.<\/p>\n<p>Ante esta acusaci\u00f3n, el canciller cubano Bruno Rodr\u00edguez respondi\u00f3 que se trata de una campa\u00f1a \u00abcalumniosa\u00bb dirigida \u00abno s\u00f3lo a distorsionar la imagen de Cuba, sino a generar elementos de presi\u00f3n contra terceros pa\u00edses\u00bb.<\/p>\n<div id=\"em-WBMZ346629-F24-ES-20251029\" class=\"m-em-flash\" data-xtwitter-script=\"\"><figcaption class=\"a-figcaption\">\n<\/figcaption><div class=\"o-em-consent \">\n<div class=\"o-em-consent__content\">\n<p class=\"o-em-consent__content__text\">Para mostrar este contenido de X (Twitter), debe autorizar las cookies de medici\u00f3n de audiencia y publicidad.<\/p>\n<p>        <button class=\"a-master-button a-master-button--dark\" data-action=\"accept\">Aceptar<i class=\"a-svg a-svg--icon-check\"\/><\/button><br \/>\n        <button class=\"a-link\" data-action=\"manage\">Gestionar mis opciones<i class=\"a-svg a-svg--icon-edit\"\/><\/button>\n    <\/div>\n<\/div>\n<\/div>\n<p>Aliado de Cuba, el embajador venezolano Samuel Moncada acus\u00f3 a Washington de tratar \u00abde confundir a la comunidad internacional\u00bb con una \u00aboperaci\u00f3n de desinformaci\u00f3n\u00bb.<\/p>\n<p>\u00abSomos el objetivo de un ataque similar por parte del r\u00e9gimen imperial estadounidense (\u2026) hemos recibido los ataques de esta guerra econ\u00f3mica y estamos a punto de recibir ataques militares\u00bb, a\u00f1adi\u00f3 en referencia al despliegue de Estados Unidos en el Caribe para frenar el narcotr\u00e1fico.<\/p>\n<p>Seg\u00fan Caracas, esa operaci\u00f3n militar tiene como objetivo derrocar a Nicol\u00e1s Maduro.<\/p>\n<p>El especialista cubano en Relaciones Internacionales y acad\u00e9mico de la Universidad de Dever, Arturo L\u00f3pez-Levy, consider\u00f3 imposible explicar \u00abel nivel de esfuerzo y la prioridad\u00bb que el Departamento de Estado dio a la votaci\u00f3n de este a\u00f1o sin la voluntad del secretario de Estado Marco Rubio, un pol\u00edtico cubano-estadounidense.<\/p>\n<div class=\"em-video-wrapper m-em-video\" data-media-video-wbmz346631-f24-es-20251029=\"\" data-wrapper-video-player=\"\" data-show-hidden-video-player=\"WBMZ346631-F24-ES-20251029\" data-youtube-script=\"\">\n<p>Informe desde La Habana: ministro de Exteriores presenta informe de impacto de bloqueo de EE. UU.<\/p>\n<div class=\"m-em-video__video\">\n<div class=\"o-em-consent \">\n<div class=\"o-em-consent__content\">\n<p class=\"o-em-consent__content__text\">Para mostrar este contenido de YouTube, debe autorizar las cookies de medici\u00f3n de audiencia y publicidad.<\/p>\n<p>        <button class=\"a-master-button a-master-button--dark\" data-action=\"accept\">Aceptar<i class=\"a-svg a-svg--icon-check\"\/><\/button><br \/>\n        <button class=\"a-link\" data-action=\"manage\">Gestionar mis opciones<i class=\"a-svg a-svg--icon-edit\"\/><\/button>\n    <\/div>\n<\/div>\n<div class=\"o-em-adblock\" data-adblock-content=\"\">\n<div class=\"o-em-adblock__content\">\n<p class=\"o-em-adblock__content__text\">Una extensi\u00f3n de tu navegador parece estar bloqueando la carga del reproductor de video. Para poder ver este contenido, debes desactivarla en este sitio.<\/p>\n<p>            <button class=\"a-master-button a-master-button--dark\" data-action=\"reload\">Reintentar<\/button>\n    <\/div>\n<\/div>\n<figure class=\"m-item-image m-item-image--16x9 m-item-image--has-caption\">\n<picture class=\"a-picture a-picture--16x9\"><source type=\"image\/webp\" srcset=\"https:\/\/s.france24.com\/media\/display\/ed255308-9433-11f0-86d7-005056a90284\/w:388\/p:16x9\/ES-20250917-143233-143418-CS.webp 388w,https:\/\/s.france24.com\/media\/display\/ed255308-9433-11f0-86d7-005056a90284\/w:720\/p:16x9\/ES-20250917-143233-143418-CS.webp 720w,https:\/\/s.france24.com\/media\/display\/ed255308-9433-11f0-86d7-005056a90284\/w:1024\/p:16x9\/ES-20250917-143233-143418-CS.webp 1024w,https:\/\/s.france24.com\/media\/display\/ed255308-9433-11f0-86d7-005056a90284\/w:1280\/p:16x9\/ES-20250917-143233-143418-CS.webp 1280w\" sizes=\"(max-width: 639px) calc(100vw - 32px), (max-width: 1076px) calc(100vw - 44px), 850px\"><img decoding=\"async\" fetchpriority=\"low\" src=\"https:\/\/s.france24.com\/media\/display\/ed255308-9433-11f0-86d7-005056a90284\/w:1280\/p:16x9\/ES-20250917-143233-143418-CS.jpg\" srcset=\"https:\/\/s.france24.com\/media\/display\/ed255308-9433-11f0-86d7-005056a90284\/w:388\/p:16x9\/ES-20250917-143233-143418-CS.jpg 388w,https:\/\/s.france24.com\/media\/display\/ed255308-9433-11f0-86d7-005056a90284\/w:720\/p:16x9\/ES-20250917-143233-143418-CS.jpg 720w,https:\/\/s.france24.com\/media\/display\/ed255308-9433-11f0-86d7-005056a90284\/w:1024\/p:16x9\/ES-20250917-143233-143418-CS.jpg 1024w,https:\/\/s.france24.com\/media\/display\/ed255308-9433-11f0-86d7-005056a90284\/w:1280\/p:16x9\/ES-20250917-143233-143418-CS.jpg 1280w\" sizes=\"auto, (max-width: 639px) calc(100vw - 32px), (max-width: 1076px) calc(100vw - 44px), 850px\" width=\"1280\" height=\"720\" alt=\"Informe desde La Habana: ministro de Exteriores presenta informe de impacto de bloqueo de EE. UU.\" loading=\"lazy\" class=\"a-img \"\/><\/source><\/picture><figcaption class=\"a-figcaption\">\n                                <span>\u00a9 Francia 24<\/span>            <\/figcaption><\/figure>\n<\/p><\/div>\n<\/p><\/div>\n<p>El mensaje de Rubio para el influyente lobby de Miami es que: \u00abArrancarle votos a esa resoluci\u00f3n es una victoria\u00bb, se\u00f1al\u00f3.<\/p>\n<p>Las medidas impuestas por Washington contra Cuba han variado de intensidad durante estos 65 a\u00f1os del denominado bloqueo.<\/p>\n<p>En enero de 2021, en el crep\u00fasculo del primer mandato de Donald Trump, Estados Unidos incluy\u00f3 a Cuba en su lista de pa\u00edses patrocinadores del terrorismo, lo que deriv\u00f3 en una fuerte intensificaci\u00f3n del bloqueo.<\/p>\n<p>El dem\u00f3crata Joe Biden, sucesor de Trump, mantuvo esa designaci\u00f3n durante sus cuatro a\u00f1os de mandato. Solo una semana antes de abandonar la Casa Blanca, y previo al regreso de Trump, Biden retir\u00f3 a Cuba de esta lista. Sin embargo, el gesto dur\u00f3 apenas unos d\u00edas: los que tard\u00f3 el republicano en revertir la decisi\u00f3n de su antecesor.<\/p>\n<\/p><\/div>\n\n","protected":false},"excerpt":{"rendered":"<p>Estados Unidos despleg\u00f3 una agresiva campa\u00f1a diplom\u00e1tica que vincul\u00f3 a mercenarios cubanos con el ej\u00e9rcito ruso en la guerra de Ucrania. La resoluci\u00f3n que desde 1992 pide el levantamiento del embargo econ\u00f3mico, comercial y financiero recibi\u00f3 165 votos a favor, 7 en contra (entre ellos Estados Unidos, Israel, Ucrania, Argentina y Paraguay) y 12 abstenciones. &hellip;<\/p>\n","protected":false},"author":1,"featured_media":47803,"comment_status":"open","ping_status":"open","sticky":false,"template":"","format":"standard","meta":{"fifu_image_url":"https:\/\/s.france24.com\/media\/display\/3d1eabfe-b4f8-11f0-b72d-005056a97e36\/w:1280\/p:16x9\/ff99454df212ec5c41028c018ba5027bdb2c5b95.jpg","fifu_image_alt":"","footnotes":""},"categories":[13],"tags":[],"class_list":["post-47801","post","type-post","status-publish","format-standard","has-post-thumbnail","","category-mundo"],"_links":{"self":[{"href":"https:\/\/noticiasveraces.com\/index.php?rest_route=\/wp\/v2\/posts\/47801","targetHints":{"allow":["GET"]}}],"collection":[{"href":"https:\/\/noticiasveraces.com\/index.php?rest_route=\/wp\/v2\/posts"}],"about":[{"href":"https:\/\/noticiasveraces.com\/index.php?rest_route=\/wp\/v2\/types\/post"}],"author":[{"embeddable":true,"href":"https:\/\/noticiasveraces.com\/index.php?rest_route=\/wp\/v2\/users\/1"}],"replies":[{"embeddable":true,"href":"https:\/\/noticiasveraces.com\/index.php?rest_route=%2Fwp%2Fv2%2Fcomments&post=47801"}],"version-history":[{"count":0,"href":"https:\/\/noticiasveraces.com\/index.php?rest_route=\/wp\/v2\/posts\/47801\/revisions"}],"wp:featuredmedia":[{"embeddable":true,"href":"https:\/\/noticiasveraces.com\/index.php?rest_route=\/wp\/v2\/media\/47803"}],"wp:attachment":[{"href":"https:\/\/noticiasveraces.com\/index.php?rest_route=%2Fwp%2Fv2%2Fmedia&parent=47801"}],"wp:term":[{"taxonomy":"category","embeddable":true,"href":"https:\/\/noticiasveraces.com\/index.php?rest_route=%2Fwp%2Fv2%2Fcategories&post=47801"},{"taxonomy":"post_tag","embeddable":true,"href":"https:\/\/noticiasveraces.com\/index.php?rest_route=%2Fwp%2Fv2%2Ftags&post=47801"}],"curies":[{"name":"wp","href":"https:\/\/api.w.org\/{rel}","templated":true}]}}