{"id":47796,"date":"2025-10-29T17:43:44","date_gmt":"2025-10-29T21:43:44","guid":{"rendered":"https:\/\/noticiasveraces.com\/?p=47796"},"modified":"2025-10-29T17:43:44","modified_gmt":"2025-10-29T21:43:44","slug":"tarek-bazrouk-recibe-17-meses-de-prision-por-ataques-antisemitas-en-nueva-york","status":"publish","type":"post","link":"https:\/\/noticiasveraces.com\/?p=47796","title":{"rendered":"Tarek Bazrouk recibe 17 meses de prisi\u00f3n por ataques antisemitas en Nueva York"},"content":{"rendered":"<p> \n<\/p>\n<div>\n<div id=\"beyondwords-wrapper\" class=\"beyondwords-wrapper\">\n<p><span class=\"label-bg\">NUEVO<\/span>\u00a1Ahora puedes escuchar los art\u00edculos de Fox News!\n  <\/p>\n<\/div>\n<p class=\"speakable\">Tarek Bazrouk podr\u00eda haber enfrentado hasta 30 a\u00f1os de prisi\u00f3n por ataques antisemitas, pero en cambio cumplir\u00e1 17 meses.<\/p>\n<p class=\"speakable\">El palestino-estadounidense de 20 a\u00f1os, que seg\u00fan los fiscales apoya a Ham\u00e1s y Hezbol\u00e1, fue acusado de m\u00faltiples delitos de odio federales. Fue acusado de golpear y patear a manifestantes jud\u00edos en varias manifestaciones proisrael\u00edes durante un per\u00edodo de nueve meses en la ciudad de Nueva York, a partir del a\u00f1o pasado. Se declar\u00f3 culpable de un cargo en un acuerdo de culpabilidad.<\/p>\n<p>\u00abCreo que es repugnante. Llevaba una bandera israel\u00ed. Llevaba mi sombrero con la bandera israel\u00ed. Ten\u00eda mi estrella jud\u00eda&#8230; es simplemente repugnante lo que hizo\u00bb, dijo el manifestante pro-israel\u00ed Roman Efraimov. Fue identificado como la \u00faltima persona a la que Tarek atac\u00f3 durante una manifestaci\u00f3n a principios de este a\u00f1o.<\/p>\n<p><strong>HOMBRE VINCULADO AL ATAQUE DE HAMAS CONTRA ISRAEL ACUSADO EN LUISIANA POR CONSPIRACI\u00d3N PARA APOYAR A GRUPO TERRORISTA<\/strong><\/p>\n<div class=\"image-ct inline\">\n<div class=\"m\"><picture><source media=\"(max-width: 767px)\" srcset=\"https:\/\/a57.foxnews.com\/static.foxnews.com\/foxnews.com\/content\/uploads\/2025\/10\/343\/192\/tarek-bazrouk-sentencing-jewish-protesters-attack-fox-news-001.jpg?ve=1&amp;tl=1, https:\/\/a57.foxnews.com\/static.foxnews.com\/foxnews.com\/content\/uploads\/2025\/10\/686\/384\/tarek-bazrouk-sentencing-jewish-protesters-attack-fox-news-001.jpg?ve=1&amp;tl=1 2x\" height=\"192\" width=\"343\"><source media=\"(min-width: 768px) and (max-width: 1023px)\" srcset=\"https:\/\/a57.foxnews.com\/static.foxnews.com\/foxnews.com\/content\/uploads\/2025\/10\/672\/378\/tarek-bazrouk-sentencing-jewish-protesters-attack-fox-news-001.jpg?ve=1&amp;tl=1, https:\/\/a57.foxnews.com\/static.foxnews.com\/foxnews.com\/content\/uploads\/2025\/10\/1344\/756\/tarek-bazrouk-sentencing-jewish-protesters-attack-fox-news-001.jpg?ve=1&amp;tl=1 2x\" height=\"378\" width=\"672\"><source media=\"(min-width: 1024px) and (max-width: 1279px)\" srcset=\"https:\/\/a57.foxnews.com\/static.foxnews.com\/foxnews.com\/content\/uploads\/2025\/10\/931\/523\/tarek-bazrouk-sentencing-jewish-protesters-attack-fox-news-001.jpg?ve=1&amp;tl=1, https:\/\/a57.foxnews.com\/static.foxnews.com\/foxnews.com\/content\/uploads\/2025\/10\/1862\/1046\/tarek-bazrouk-sentencing-jewish-protesters-attack-fox-news-001.jpg?ve=1&amp;tl=1 2x\" height=\"523\" width=\"931\"><source media=\"(min-width: 1280px)\" srcset=\"https:\/\/a57.foxnews.com\/static.foxnews.com\/foxnews.com\/content\/uploads\/2025\/10\/720\/405\/tarek-bazrouk-sentencing-jewish-protesters-attack-fox-news-001.jpg?ve=1&amp;tl=1, https:\/\/a57.foxnews.com\/static.foxnews.com\/foxnews.com\/content\/uploads\/2025\/10\/1440\/810\/tarek-bazrouk-sentencing-jewish-protesters-attack-fox-news-001.jpg?ve=1&amp;tl=1 2x\" height=\"405\" width=\"720\"><img loading=\"lazy\" decoding=\"async\" src=\"https:\/\/a57.foxnews.com\/static.foxnews.com\/foxnews.com\/content\/uploads\/2025\/10\/1200\/675\/tarek-bazrouk-sentencing-jewish-protesters-attack-fox-news-001.jpg?ve=1&amp;tl=1\" alt=\"Tarek Bazrouk comparece ante el tribunal para recibir sentencia federal por delito de odio.\" width=\"1200\" height=\"675\"\/><\/source><\/source><\/source><\/source><\/picture><\/div>\n<div class=\"info\">\n<div class=\"caption\">\n<p><span>Bosquejo de Tarek Bazrouk en el tribunal federal de la ciudad de Nueva York el martes 28 de octubre de 2025. Bazrouk fue sentenciado a 17 meses de prisi\u00f3n por agredir a contramanifestantes jud\u00edos entre 2024 y 2025.<\/span> <span>(Jane Rosenberg)<\/span><\/p>\n<\/div>\n<\/div>\n<\/div>\n<p>Los documentos judiciales dicen que Bazrouk \u00abse identific\u00f3 como un enemigo de los jud\u00edos, los etiquet\u00f3 como in\u00fatiles, exhort\u00f3 a Al\u00e1 a deshacerse de los jud\u00edos\u00bb y, en un mensaje de texto presentado por los fiscales, dese\u00f3 poder prender fuego a un manifestante jud\u00edo.<\/p>\n<p>Pero en el tribunal se arrepinti\u00f3 y dijo que se disculpaba.<\/p>\n<p>\u00abLo siento, muchachos, y espero que me perdonen por mis acciones\u00bb, dijo Bazrouk, mientras se giraba y se dirig\u00eda a Efraimov y Elisha Baker, quienes dijeron que Bazrouk lo hab\u00eda agredido. \u00abLe prometo, juez, que si me da una oportunidad, no se sentir\u00e1 decepcionado\u00bb.<\/p>\n<p><strong>El FBI INVESTIGA &#8216;HORR\u00cdFICO ATAQUE ANTISEMITA&#8217; CONTRA UN AMERICANO QUE SIRVI\u00d3 EN EL EJ\u00c9RCITO ISRAEL\u00cd<\/strong><\/p>\n<p>\u00abNo creo que tenga remordimientos ni conozca la gravedad del crimen\u00bb, afirm\u00f3 Efraimov. Dijo que Bazrouk le \u00absonri\u00f3\u00bb en el tribunal.<\/p>\n<p>\u00abSe dio la vuelta un par de veces y ten\u00eda una sonrisa en su rostro, y eso fue preocupante\u00bb.<\/p>\n<p>Bazrouk fue acusado de atacar a jud\u00edos en tres protestas: la primera frente a la Bolsa de Valores de Nueva York, la segunda en una manifestaci\u00f3n cerca de la Universidad de Columbia y la \u00faltima en una manifestaci\u00f3n en el East Side de Manhattan, donde Efraimov dijo que Bazrouk le dio un pu\u00f1etazo en la cara.<\/p>\n<div class=\"image-ct inline\">\n<div class=\"m\"><picture><source media=\"(max-width: 767px)\" srcset=\"https:\/\/a57.foxnews.com\/static.foxnews.com\/foxnews.com\/content\/uploads\/2025\/10\/343\/192\/tarek-bazrouk-sentencing-jewish-protesters-attack-fox-news-003.jpg?ve=1&amp;tl=1, https:\/\/a57.foxnews.com\/static.foxnews.com\/foxnews.com\/content\/uploads\/2025\/10\/686\/384\/tarek-bazrouk-sentencing-jewish-protesters-attack-fox-news-003.jpg?ve=1&amp;tl=1 2x\" height=\"192\" width=\"343\"><source media=\"(min-width: 768px) and (max-width: 1023px)\" srcset=\"https:\/\/a57.foxnews.com\/static.foxnews.com\/foxnews.com\/content\/uploads\/2025\/10\/672\/378\/tarek-bazrouk-sentencing-jewish-protesters-attack-fox-news-003.jpg?ve=1&amp;tl=1, https:\/\/a57.foxnews.com\/static.foxnews.com\/foxnews.com\/content\/uploads\/2025\/10\/1344\/756\/tarek-bazrouk-sentencing-jewish-protesters-attack-fox-news-003.jpg?ve=1&amp;tl=1 2x\" height=\"378\" width=\"672\"><source media=\"(min-width: 1024px) and (max-width: 1279px)\" srcset=\"https:\/\/a57.foxnews.com\/static.foxnews.com\/foxnews.com\/content\/uploads\/2025\/10\/931\/523\/tarek-bazrouk-sentencing-jewish-protesters-attack-fox-news-003.jpg?ve=1&amp;tl=1, https:\/\/a57.foxnews.com\/static.foxnews.com\/foxnews.com\/content\/uploads\/2025\/10\/1862\/1046\/tarek-bazrouk-sentencing-jewish-protesters-attack-fox-news-003.jpg?ve=1&amp;tl=1 2x\" height=\"523\" width=\"931\"><source media=\"(min-width: 1280px)\" srcset=\"https:\/\/a57.foxnews.com\/static.foxnews.com\/foxnews.com\/content\/uploads\/2025\/10\/720\/405\/tarek-bazrouk-sentencing-jewish-protesters-attack-fox-news-003.jpg?ve=1&amp;tl=1, https:\/\/a57.foxnews.com\/static.foxnews.com\/foxnews.com\/content\/uploads\/2025\/10\/1440\/810\/tarek-bazrouk-sentencing-jewish-protesters-attack-fox-news-003.jpg?ve=1&amp;tl=1 2x\" height=\"405\" width=\"720\"><img loading=\"lazy\" decoding=\"async\" src=\"https:\/\/a57.foxnews.com\/static.foxnews.com\/foxnews.com\/content\/uploads\/2025\/10\/1200\/675\/tarek-bazrouk-sentencing-jewish-protesters-attack-fox-news-003.jpg?ve=1&amp;tl=1\" alt=\"Tarek Bazrouk comparece ante el tribunal para recibir sentencia federal por delito de odio.\" width=\"1200\" height=\"675\"\/><\/source><\/source><\/source><\/source><\/picture><\/div>\n<div class=\"info\">\n<div class=\"caption\">\n<p><span>Bosquejo de Tarek Bazrouk en el tribunal federal de la ciudad de Nueva York el martes 28 de octubre de 2025. Bazrouk fue sentenciado a 17 meses de prisi\u00f3n por agredir a contramanifestantes jud\u00edos entre 2024 y 2025. (Jane Rosenberg)<\/span> <span>(Jane Rosenberg)<\/span><\/p>\n<\/div>\n<\/div>\n<\/div>\n<p><strong><u>SUSCR\u00cdBETE AL BOLET\u00cdN INFORMATIVO SOBRE EL ANTISEMITISMO<\/u><\/strong><\/p>\n<p>\u00abSi atacas a alguien sin provocaci\u00f3n s\u00f3lo porque esa persona al azar es un jud\u00edo real o percibido\u00bb, dijo el juez Berman, \u00abporque t\u00fa, el agresor, odias a los jud\u00edos, es muy probable que vayas a la c\u00e1rcel. Es as\u00ed de simple\u00bb.<\/p>\n<p>Las autoridades tambi\u00e9n dicen que encontraron 750.000 d\u00f3lares en efectivo en el apartamento de Bazrouk, as\u00ed como armas, y que tiene antecedentes de arresto que incluyen robo, asalto y operaci\u00f3n de una f\u00e1brica de drogas en Hartford, Connecticut. Esos cargos a\u00fan est\u00e1n pendientes.<\/p>\n<p>Sus partidarios afirman que Bazrouk fue v\u00edctima de \u00abrepresi\u00f3n pol\u00edtica\u00bb. El grupo Movimiento Juvenil Palestino dijo que \u00abha estado recluido en una prisi\u00f3n federal por su activismo\u00bb y que \u00abnecesita el apoyo de la comunidad\u00bb. Su abogado, Andrew Dalack, neg\u00f3 que Bazrouk apoye a Hamas y Hezbollah y abog\u00f3 por una sentencia de seis meses.<\/p>\n<p>Pero quienes dijeron que Bazrouk los hab\u00eda agredido dijeron que la sentencia m\u00e1s larga tiene significado para quienes desean atacar a los jud\u00edos.<\/p>\n<p>\u00abEl tribunal envi\u00f3 un mensaje hoy, y es que si atacan a jud\u00edos sobre la base de su juda\u00edsmo, si atacan a personas como yo porque uso una kip\u00e1 y un pa\u00f1uelo azul, ser\u00e1n considerados responsables. Y esa es la promesa de Estados Unidos, y estoy agradecido al tribunal por enviar ese mensaje\u00bb, dijo Baker.<\/p>\n<p><strong>HAGA CLIC AQU\u00cd PARA DESCARGAR LA APLICACI\u00d3N FOX NEWS<\/strong><\/p>\n<p>\u00abDijo que le importa el sufrimiento en Palestina, pero no dijo nada sobre las familias de los asesinados por Ham\u00e1s\u00bb, dijo Efraimov a Fox News. \u00abEl antisemitismo es terrible\u00bb.<\/p>\n<p><i>El productor de Fox News, David Hammelburg, contribuy\u00f3 a este informe.<\/i><\/p>\n<p> <!----> <\/p>\n<div class=\"article-meta\">\n<div class=\"author-bio\">\n<p>Eric Shawn, presentador con sede en Nueva York y corresponsal senior de FOX News Channel (FNC), se uni\u00f3 a la cadena cuando se lanz\u00f3 en 1996. Actualmente es el copresentador de <i>Noticias FOX en vivo<\/i>. Shawn tambi\u00e9n es el presentador de <i>Acertijo: La b\u00fasqueda de James R. Hoffa<\/i> en FOX Nation, el servicio de transmisi\u00f3n por suscripci\u00f3n a pedido de FNC, que se basa en sus extensos informes sobre la aparici\u00f3n del notorio jefe de los Teamsters, Jimmy Hoffa.<\/p>\n<\/div>\n<\/div>\n<\/div>\n\n","protected":false},"excerpt":{"rendered":"<p>NUEVO\u00a1Ahora puedes escuchar los art\u00edculos de Fox News! Tarek Bazrouk podr\u00eda haber enfrentado hasta 30 a\u00f1os de prisi\u00f3n por ataques antisemitas, pero en cambio cumplir\u00e1 17 meses. El palestino-estadounidense de 20 a\u00f1os, que seg\u00fan los fiscales apoya a Ham\u00e1s y Hezbol\u00e1, fue acusado de m\u00faltiples delitos de odio federales. Fue acusado de golpear y patear &hellip;<\/p>\n","protected":false},"author":1,"featured_media":47798,"comment_status":"open","ping_status":"open","sticky":false,"template":"","format":"standard","meta":{"fifu_image_url":"https:\/\/static.foxnews.com\/foxnews.com\/content\/uploads\/2025\/10\/tarek_bazrouk.jpg","fifu_image_alt":"","footnotes":""},"categories":[13],"tags":[],"class_list":["post-47796","post","type-post","status-publish","format-standard","has-post-thumbnail","","category-mundo"],"_links":{"self":[{"href":"https:\/\/noticiasveraces.com\/index.php?rest_route=\/wp\/v2\/posts\/47796","targetHints":{"allow":["GET"]}}],"collection":[{"href":"https:\/\/noticiasveraces.com\/index.php?rest_route=\/wp\/v2\/posts"}],"about":[{"href":"https:\/\/noticiasveraces.com\/index.php?rest_route=\/wp\/v2\/types\/post"}],"author":[{"embeddable":true,"href":"https:\/\/noticiasveraces.com\/index.php?rest_route=\/wp\/v2\/users\/1"}],"replies":[{"embeddable":true,"href":"https:\/\/noticiasveraces.com\/index.php?rest_route=%2Fwp%2Fv2%2Fcomments&post=47796"}],"version-history":[{"count":0,"href":"https:\/\/noticiasveraces.com\/index.php?rest_route=\/wp\/v2\/posts\/47796\/revisions"}],"wp:featuredmedia":[{"embeddable":true,"href":"https:\/\/noticiasveraces.com\/index.php?rest_route=\/wp\/v2\/media\/47798"}],"wp:attachment":[{"href":"https:\/\/noticiasveraces.com\/index.php?rest_route=%2Fwp%2Fv2%2Fmedia&parent=47796"}],"wp:term":[{"taxonomy":"category","embeddable":true,"href":"https:\/\/noticiasveraces.com\/index.php?rest_route=%2Fwp%2Fv2%2Fcategories&post=47796"},{"taxonomy":"post_tag","embeddable":true,"href":"https:\/\/noticiasveraces.com\/index.php?rest_route=%2Fwp%2Fv2%2Ftags&post=47796"}],"curies":[{"name":"wp","href":"https:\/\/api.w.org\/{rel}","templated":true}]}}