{"id":47789,"date":"2025-10-29T15:20:52","date_gmt":"2025-10-29T19:20:52","guid":{"rendered":"https:\/\/noticiasveraces.com\/?p=47789"},"modified":"2025-10-29T15:20:52","modified_gmt":"2025-10-29T19:20:52","slug":"foro-penal-contabilizo-875-presos-politicos-en-venezuela","status":"publish","type":"post","link":"https:\/\/noticiasveraces.com\/?p=47789","title":{"rendered":"Foro Penal contabiliz\u00f3 875 presos pol\u00edticos en Venezuela"},"content":{"rendered":"<p> \n<\/p>\n<div>\n<p>La organizaci\u00f3n no gubernamental <strong>(ONG) Foro Penal<\/strong> report\u00f3 que el total de presos pol\u00edticos en Venezuela ascendi\u00f3 a <strong>875<\/strong> personas en su m\u00e1s reciente informe, correspondiente al <strong>27 de octubre<\/strong>. La cifra muestra un aumento respecto a la semana previa.<\/p>\n<p>La ONG desglos\u00f3 la estad\u00edstica de la siguiente manera: <strong>763<\/strong> son hombres y <strong>112<\/strong> son mujeres. De la cifra total, <strong>702<\/strong> son civiles y <strong>173<\/strong> son militares. Adem\u00e1s, el informe detall\u00f3 que <strong>871<\/strong> son adultos y <strong>4<\/strong> son adolescentes, con <strong>83<\/strong> personas de nacionalidad extranjera.<\/p>\n<p>El Foro Penal indic\u00f3 que la mayor\u00eda de los detenidos, un total de <strong>717<\/strong> personas, a\u00fan se encuentran sin condena. Solo <strong>158<\/strong> personas han sido condenadas, mientras que <strong>26<\/strong> se encuentran encarceladas y <strong>17<\/strong> fueron excarceladas esta semana. La ONG alert\u00f3 que se <strong>desconoce el paradero de 61<\/strong> de los presos pol\u00edticos.<\/p>\n<figure class=\"wp-block-image size-large\"><img fetchpriority=\"high\" width=\"1200\" height=\"752\" alt=\"Foro Penal contabiliz\u00f3 875 presos pol\u00edticos en Venezuela\" sizes=\"(max-width: 1200px) 100vw, 1200px\" srcset=\"https:\/\/eldiario.com\/nitropack_static\/DWpklAePbJBFiBKvuTtiGMLbtJlHUqWt\/assets\/images\/optimized\/rev-4610e21\/eldiario.com\/wp-content\/uploads\/2025\/10\/Cifra-de-presos-politicos-Foro-Penal-1200x752.jpg 1200w, https:\/\/eldiario.com\/nitropack_static\/DWpklAePbJBFiBKvuTtiGMLbtJlHUqWt\/assets\/images\/optimized\/rev-4610e21\/eldiario.com\/wp-content\/uploads\/2025\/10\/Cifra-de-presos-politicos-Foro-Penal-300x188.jpg 300w, https:\/\/eldiario.com\/nitropack_static\/DWpklAePbJBFiBKvuTtiGMLbtJlHUqWt\/assets\/images\/optimized\/rev-4610e21\/eldiario.com\/wp-content\/uploads\/2025\/10\/Cifra-de-presos-politicos-Foro-Penal-768x481.jpg 768w, https:\/\/eldiario.com\/nitropack_static\/DWpklAePbJBFiBKvuTtiGMLbtJlHUqWt\/assets\/images\/optimized\/rev-4610e21\/eldiario.com\/wp-content\/uploads\/2025\/10\/Cifra-de-presos-politicos-Foro-Penal-1536x963.jpg 1536w, https:\/\/eldiario.com\/nitropack_static\/DWpklAePbJBFiBKvuTtiGMLbtJlHUqWt\/assets\/images\/optimized\/rev-4610e21\/eldiario.com\/wp-content\/uploads\/2025\/10\/Cifra-de-presos-politicos-Foro-Penal-860x539.jpg 860w, https:\/\/eldiario.com\/nitropack_static\/DWpklAePbJBFiBKvuTtiGMLbtJlHUqWt\/assets\/images\/optimized\/rev-4610e21\/eldiario.com\/wp-content\/uploads\/2025\/10\/Cifra-de-presos-politicos-Foro-Penal-150x94.jpg 150w, https:\/\/eldiario.com\/nitropack_static\/DWpklAePbJBFiBKvuTtiGMLbtJlHUqWt\/assets\/images\/optimized\/rev-4610e21\/eldiario.com\/wp-content\/uploads\/2025\/10\/Cifra-de-presos-politicos-Foro-Penal.jpg 1600w\" src=\"https:\/\/eldiario.com\/nitropack_static\/DWpklAePbJBFiBKvuTtiGMLbtJlHUqWt\/assets\/images\/optimized\/rev-4610e21\/eldiario.com\/wp-content\/uploads\/2025\/10\/Cifra-de-presos-politicos-Foro-Penal-1200x752.jpg\" class=\"wp-image-824728 nitro-lazy\" decoding=\"async\" nitro-lazy-empty=\"\" id=\"ODAxOjEwOTQ=-1\"\/><\/figure>\n<p>En el hist\u00f3rico de detenciones, la organizaci\u00f3n apunt\u00f3 que el total de arrestos por motivos pol\u00edticos desde <strong>2014 a la fecha es de 18.565<\/strong>. Asimismo, el Foro Penal destac\u00f3 que ha asistido a <strong>m\u00e1s de 14.000 personas excarceladas<\/strong>. Finalmente, la ONG se\u00f1al\u00f3 que m\u00e1s de <strong>9.000<\/strong> personas permanecen sujetas a medidas restrictivas arbitrarias de su libertad.<\/p>\n<h2 class=\"wp-block-heading\" id=\"h-constantes-denuncias-de-organizaciones-y-la-iglesia-catolica\"><strong>Constantes denuncias de organizaciones y la Iglesia cat\u00f3lica <\/strong><\/h2>\n<p>El balance de <strong>prisioneros politicos<\/strong> del Foro Penal se produce en un contexto de constantes denuncias y solicitudes de la Iglesia cat\u00f3lica y activistas internacionales, coincidiendo con la hist\u00f3rica canonizaci\u00f3n de <strong>San Jos\u00e9 Gregorio Hern\u00e1ndez y Santa Carmen Rendiles<\/strong>. <\/p>\n<p>Distintas figuras y organizaciones aprovecharon la presencia del Vaticano para exigir la<strong> liberaci\u00f3n de los detenidos<\/strong>.<\/p>\n<p>  La Conferencia Episcopal Venezolana (CEV) inst\u00f3 al gobierno de Nicol\u00e1s Maduro el 7 de octubre a dictar <strong>\u201cmedidas de gracia\u201d<\/strong> que permitiesen la liberaci\u00f3n de los presos pol\u00edticos. Los obispos se\u00f1alaron que el evento de la canonizaci\u00f3n de los primeros santos venezolanos no debe reducirse a <strong>\u201cgestos externos de j\u00fabilo\u201d<\/strong>sino que debe motivar una reflexi\u00f3n profunda sobre la realidad del pa\u00eds.<\/p>\n<figure class=\"wp-block-image size-full\"><picture decoding=\"async\" class=\"wp-image-822577\"><source type=\"image\/webp\" sizes=\"(max-width: 1600px) 100vw, 1600px\" nitro-lazy-srcset=\"https:\/\/eldiario.com\/nitropack_static\/DWpklAePbJBFiBKvuTtiGMLbtJlHUqWt\/assets\/images\/optimized\/rev-4610e21\/eldiario.com\/wp-content\/uploads\/2025\/10\/a465a5086bcaf6ee80d90b995948e8331402c105-1.jpg.webp 1600w, https:\/\/eldiario.com\/nitropack_static\/DWpklAePbJBFiBKvuTtiGMLbtJlHUqWt\/assets\/images\/optimized\/rev-4610e21\/eldiario.com\/wp-content\/uploads\/2025\/10\/a465a5086bcaf6ee80d90b995948e8331402c105-1-300x200.jpg.webp 300w, https:\/\/eldiario.com\/nitropack_static\/DWpklAePbJBFiBKvuTtiGMLbtJlHUqWt\/assets\/images\/optimized\/rev-4610e21\/eldiario.com\/wp-content\/uploads\/2025\/10\/a465a5086bcaf6ee80d90b995948e8331402c105-1-1200x800.jpg.webp 1200w, https:\/\/eldiario.com\/nitropack_static\/DWpklAePbJBFiBKvuTtiGMLbtJlHUqWt\/assets\/images\/optimized\/rev-4610e21\/eldiario.com\/wp-content\/uploads\/2025\/10\/a465a5086bcaf6ee80d90b995948e8331402c105-1-768x512.jpg.webp 768w, https:\/\/eldiario.com\/nitropack_static\/DWpklAePbJBFiBKvuTtiGMLbtJlHUqWt\/assets\/images\/optimized\/rev-4610e21\/eldiario.com\/wp-content\/uploads\/2025\/10\/a465a5086bcaf6ee80d90b995948e8331402c105-1-1536x1024.jpg.webp 1536w, https:\/\/eldiario.com\/nitropack_static\/DWpklAePbJBFiBKvuTtiGMLbtJlHUqWt\/assets\/images\/optimized\/rev-4610e21\/eldiario.com\/wp-content\/uploads\/2025\/10\/a465a5086bcaf6ee80d90b995948e8331402c105-1-330x220.jpg.webp 330w, https:\/\/eldiario.com\/nitropack_static\/DWpklAePbJBFiBKvuTtiGMLbtJlHUqWt\/assets\/images\/optimized\/rev-4610e21\/eldiario.com\/wp-content\/uploads\/2025\/10\/a465a5086bcaf6ee80d90b995948e8331402c105-1-420x280.jpg.webp 420w, https:\/\/eldiario.com\/nitropack_static\/DWpklAePbJBFiBKvuTtiGMLbtJlHUqWt\/assets\/images\/optimized\/rev-4610e21\/eldiario.com\/wp-content\/uploads\/2025\/10\/a465a5086bcaf6ee80d90b995948e8331402c105-1-615x410.jpg.webp 615w, https:\/\/eldiario.com\/nitropack_static\/DWpklAePbJBFiBKvuTtiGMLbtJlHUqWt\/assets\/images\/optimized\/rev-4610e21\/eldiario.com\/wp-content\/uploads\/2025\/10\/a465a5086bcaf6ee80d90b995948e8331402c105-1-860x574.jpg.webp 860w, https:\/\/eldiario.com\/nitropack_static\/DWpklAePbJBFiBKvuTtiGMLbtJlHUqWt\/assets\/images\/optimized\/rev-4610e21\/eldiario.com\/wp-content\/uploads\/2025\/10\/a465a5086bcaf6ee80d90b995948e8331402c105-1-150x100.jpg.webp 150w\" nitro-lazy-empty=\"\" id=\"ODI4OjEyMTU=-1\" srcset=\"data:image\/svg+xml;nitro-empty-id=ODI4OjEyMTU=-1;base64,PHN2ZyB2aWV3Qm94PSIwIDAgMTYwMCAxMDY3IiB3aWR0aD0iMTYwMCIgaGVpZ2h0PSIxMDY3IiB4bWxucz0iaHR0cDovL3d3dy53My5vcmcvMjAwMC9zdmciPjwvc3ZnPg==\"\/><img loading=\"lazy\" width=\"1600\" height=\"1067\" alt=\"prisioneros politicos\" sizes=\"auto, (max-width: 1600px) 100vw, 1600px\" srcset=\"https:\/\/eldiario.com\/nitropack_static\/DWpklAePbJBFiBKvuTtiGMLbtJlHUqWt\/assets\/images\/optimized\/rev-4610e21\/eldiario.com\/wp-content\/uploads\/2025\/10\/a465a5086bcaf6ee80d90b995948e8331402c105-1.jpg 1600w, https:\/\/eldiario.com\/nitropack_static\/DWpklAePbJBFiBKvuTtiGMLbtJlHUqWt\/assets\/images\/optimized\/rev-4610e21\/eldiario.com\/wp-content\/uploads\/2025\/10\/a465a5086bcaf6ee80d90b995948e8331402c105-1-300x200.jpg 300w, https:\/\/eldiario.com\/nitropack_static\/DWpklAePbJBFiBKvuTtiGMLbtJlHUqWt\/assets\/images\/optimized\/rev-4610e21\/eldiario.com\/wp-content\/uploads\/2025\/10\/a465a5086bcaf6ee80d90b995948e8331402c105-1-1200x800.jpg 1200w, https:\/\/eldiario.com\/nitropack_static\/DWpklAePbJBFiBKvuTtiGMLbtJlHUqWt\/assets\/images\/optimized\/rev-4610e21\/eldiario.com\/wp-content\/uploads\/2025\/10\/a465a5086bcaf6ee80d90b995948e8331402c105-1-768x512.jpg 768w, https:\/\/eldiario.com\/nitropack_static\/DWpklAePbJBFiBKvuTtiGMLbtJlHUqWt\/assets\/images\/optimized\/rev-4610e21\/eldiario.com\/wp-content\/uploads\/2025\/10\/a465a5086bcaf6ee80d90b995948e8331402c105-1-1536x1024.jpg 1536w, https:\/\/eldiario.com\/nitropack_static\/DWpklAePbJBFiBKvuTtiGMLbtJlHUqWt\/assets\/images\/optimized\/rev-4610e21\/eldiario.com\/wp-content\/uploads\/2025\/10\/a465a5086bcaf6ee80d90b995948e8331402c105-1-330x220.jpg 330w, https:\/\/eldiario.com\/nitropack_static\/DWpklAePbJBFiBKvuTtiGMLbtJlHUqWt\/assets\/images\/optimized\/rev-4610e21\/eldiario.com\/wp-content\/uploads\/2025\/10\/a465a5086bcaf6ee80d90b995948e8331402c105-1-420x280.jpg 420w, https:\/\/eldiario.com\/nitropack_static\/DWpklAePbJBFiBKvuTtiGMLbtJlHUqWt\/assets\/images\/optimized\/rev-4610e21\/eldiario.com\/wp-content\/uploads\/2025\/10\/a465a5086bcaf6ee80d90b995948e8331402c105-1-615x410.jpg 615w, https:\/\/eldiario.com\/nitropack_static\/DWpklAePbJBFiBKvuTtiGMLbtJlHUqWt\/assets\/images\/optimized\/rev-4610e21\/eldiario.com\/wp-content\/uploads\/2025\/10\/a465a5086bcaf6ee80d90b995948e8331402c105-1-860x574.jpg 860w, https:\/\/eldiario.com\/nitropack_static\/DWpklAePbJBFiBKvuTtiGMLbtJlHUqWt\/assets\/images\/optimized\/rev-4610e21\/eldiario.com\/wp-content\/uploads\/2025\/10\/a465a5086bcaf6ee80d90b995948e8331402c105-1-150x100.jpg 150w\" src=\"https:\/\/eldiario.com\/nitropack_static\/DWpklAePbJBFiBKvuTtiGMLbtJlHUqWt\/assets\/images\/optimized\/rev-4610e21\/eldiario.com\/wp-content\/uploads\/2025\/10\/a465a5086bcaf6ee80d90b995948e8331402c105-1.jpg\" class=\"nitro-lazy\" decoding=\"async\" nitro-lazy-empty=\"\" id=\"ODI5OjEzMTM=-1\"\/> <\/picture><figcaption class=\"wp-element-caption\">Foto: EFE\/ Miguel Guti\u00e9rrez<\/figcaption><\/figure>\n<p>El Comit\u00e9 por la Libertad de los Presos Pol\u00edticos (Clippve) denunci\u00f3 el 5 de octubre el <strong>\u201cacoso\u201d<\/strong> de personas que identificaron como afectas al chavismo, quienes intentaron impedir una actividad de oraci\u00f3n en una capilla del oeste de Caracas.<\/p>\n<p>Desde Roma, <strong>el cardenal venezolano Baltazar Porras abog\u00f3 por los detenidos<\/strong>. Durante un evento en la Pontificia Universidad Lateranense el 17 de octubre, el purpurado denunci\u00f3 la situaci\u00f3n venezolana, incluyendo la merma de la libertad ciudadana y la militarizaci\u00f3n del gobierno. <\/p>\n<p>La v\u00edspera de la canonizaci\u00f3n, el 18 de octubre, decenas de venezolanos protestaron en la Piazza del Risorgimento de Roma. Los manifestantes exigieron la liberaci\u00f3n de todos los detenidos. Desplegaron fotograf\u00edas de los reclusos bajo el lema <strong>\u201cuna canonizaci\u00f3n sin presos pol\u00edticos\u201d<\/strong> y solicitaron la intercesi\u00f3n del papa Le\u00f3n XIV. <\/p>\n<p>A pesar de las peticiones de activistas y la Iglesia, el gobierno de Nicol\u00e1s Maduro y la Fiscal\u00eda General <strong>niegan la existencia de presos pol\u00edticos en el pa\u00eds.<\/strong> Sin embargo, activistas como Andre\u00edna Baduel han puesto un <strong>\u201cespecial \u00e9nfasis\u201d<\/strong> en los detenidos que se encuentran muy enfermos, quienes requieren atenci\u00f3n m\u00e9dica especializada y oportuna.<\/p>\n<p><em>Este contenido incluye redacci\u00f3n realizada con inteligencia artificial de Gemini. Supervisado y verificado por el equipo editorial. Conoce nuestra pol\u00edtica de uso de IA<\/em><em>  aqu\u00ed<\/em><em>.<\/em><\/p>\n<\/p><\/div>\n\n","protected":false},"excerpt":{"rendered":"<p>La organizaci\u00f3n no gubernamental (ONG) Foro Penal report\u00f3 que el total de presos pol\u00edticos en Venezuela ascendi\u00f3 a 875 personas en su m\u00e1s reciente informe, correspondiente al 27 de octubre. La cifra muestra un aumento respecto a la semana previa. La ONG desglos\u00f3 la estad\u00edstica de la siguiente manera: 763 son hombres y 112 son &hellip;<\/p>\n","protected":false},"author":1,"featured_media":47791,"comment_status":"open","ping_status":"open","sticky":false,"template":"","format":"standard","meta":{"fifu_image_url":"https:\/\/eldiario.com\/wp-content\/uploads\/2025\/09\/PP.jpg","fifu_image_alt":"","footnotes":""},"categories":[13],"tags":[],"class_list":["post-47789","post","type-post","status-publish","format-standard","has-post-thumbnail","","category-mundo"],"_links":{"self":[{"href":"https:\/\/noticiasveraces.com\/index.php?rest_route=\/wp\/v2\/posts\/47789","targetHints":{"allow":["GET"]}}],"collection":[{"href":"https:\/\/noticiasveraces.com\/index.php?rest_route=\/wp\/v2\/posts"}],"about":[{"href":"https:\/\/noticiasveraces.com\/index.php?rest_route=\/wp\/v2\/types\/post"}],"author":[{"embeddable":true,"href":"https:\/\/noticiasveraces.com\/index.php?rest_route=\/wp\/v2\/users\/1"}],"replies":[{"embeddable":true,"href":"https:\/\/noticiasveraces.com\/index.php?rest_route=%2Fwp%2Fv2%2Fcomments&post=47789"}],"version-history":[{"count":0,"href":"https:\/\/noticiasveraces.com\/index.php?rest_route=\/wp\/v2\/posts\/47789\/revisions"}],"wp:featuredmedia":[{"embeddable":true,"href":"https:\/\/noticiasveraces.com\/index.php?rest_route=\/wp\/v2\/media\/47791"}],"wp:attachment":[{"href":"https:\/\/noticiasveraces.com\/index.php?rest_route=%2Fwp%2Fv2%2Fmedia&parent=47789"}],"wp:term":[{"taxonomy":"category","embeddable":true,"href":"https:\/\/noticiasveraces.com\/index.php?rest_route=%2Fwp%2Fv2%2Fcategories&post=47789"},{"taxonomy":"post_tag","embeddable":true,"href":"https:\/\/noticiasveraces.com\/index.php?rest_route=%2Fwp%2Fv2%2Ftags&post=47789"}],"curies":[{"name":"wp","href":"https:\/\/api.w.org\/{rel}","templated":true}]}}