{"id":47780,"date":"2025-10-29T13:46:10","date_gmt":"2025-10-29T17:46:10","guid":{"rendered":"https:\/\/noticiasveraces.com\/?p=47780"},"modified":"2025-10-29T13:46:10","modified_gmt":"2025-10-29T17:46:10","slug":"admiracion-por-franco-y-confesion-de-errores-las-revelaciones-de-juan-carlos-i-en-sus-memorias","status":"publish","type":"post","link":"https:\/\/noticiasveraces.com\/?p=47780","title":{"rendered":"Admiraci\u00f3n por Franco y confesi\u00f3n de errores, las revelaciones de Juan Carlos I en sus memorias"},"content":{"rendered":"<p> \n<\/p>\n<div id=\"\">\n<div class=\"image-featured\">\n<img src=\"data:image\/png;base64,iVBORw0KGgoAAAANSUhEUgAABLAAAAMeAQAAAAAl68ByAAAAAnRSTlMAAHaTzTgAAACLSURBVHja7cExAQAAAMKg9U\/taQmgAAAAAAAAAAAAAAAAAAAAAAAAAAAAAAAAAAAAAAAAAAAAAAAAAAAAAAAAAAAAAAAAAAAAAAAAAAAAAAAAAAAAAAAAAAAAAAAAAAAAAAAAAAAAAAAAAAAAAAAAAAAAAAAAAAAAAAAAAAAAAAAAAAAAAAAAAACAG9bBAAFp4zGZAAAAAElFTkSuQmCC\" alt=\"Juan Carlos I confiesa en sus memorias &quot;errores&quot; y muestra su admiraci\u00f3n por Franco\" data-src=\"https:\/\/elnacional-uploads.nyc3.digitaloceanspaces.com\/wp-content\/uploads\/2025\/10\/29133407\/7a620d17aaf4fa1bfa5cc2f48e2db17947d29fed.jpg\" decoding=\"async\" class=\"lazyload\" data-eio-rwidth=\"1200\" data-eio-rheight=\"798\"\/><img decoding=\"async\" src=\"https:\/\/elnacional-uploads.nyc3.digitaloceanspaces.com\/wp-content\/uploads\/2025\/10\/29133407\/7a620d17aaf4fa1bfa5cc2f48e2db17947d29fed.jpg\" alt=\"Juan Carlos I confiesa en sus memorias &quot;errores&quot; y muestra su admiraci\u00f3n por Franco\" data-eio=\"l\"\/><figcaption>El rey Juan Carlos I en su retorno al Club N\u00e1utico de Sanxenxo tras participar en la segunda jornada de la tercera serie de la Liga espa\u00f1ola de 6 Metros | Foto archivo &#8211; EFE\/Lavandeira<\/figcaption><\/div>\n<p>El rey em\u00e9rito Juan Carlos I confiesa en sus memorias que cometi\u00f3 errores a lo largo de su vida, como haber aceptado el \u00abregalo\u00bb de 100 millones de d\u00f3lares del rey de Arabia Saud\u00ed, al tiempo que no oculta la admiraci\u00f3n y respeto que sent\u00eda por Franco: \u00abGracias a \u00e9l fui rey\u00bb.<\/p>\n<p>El vespertino franc\u00e9s <em>El mundo<\/em> desvela este mi\u00e9rcoles algunos pasajes de <em>Reconciliaci\u00f3n,<\/em> el libro de memorias del monarca que llegar\u00e1 en una semana a las librer\u00edas francesas antes de hacerlo a principios de diciembre a las espa\u00f1olas, tras los avances publicados la v\u00edspera por los semanarios <em>El punto <\/em>y <em>La Revista F\u00edgaro.<\/em><\/p>\n<p>En las mismas, Juan Carlos asegura haber mantenido \u00abrelaciones personales y frecuentes\u00bb con el dictador Francisco Franco, por quien no oculta cierta admiraci\u00f3n: \u00abLe respetaba enormemente, apreciaba su inteligencia y su sentido pol\u00edtico (&#8230;) Nunca dej\u00e9 que nadie le criticara delante de mi\u00bb.<\/p>\n<p>\u00abNada pudo destruirle, ni siquiera desestabilizarle, lo que, en un periodo tan largo, supone un gran desaf\u00edo\u00bb, agrega sobre el aut\u00f3crata que gobern\u00f3 el pa\u00eds desde 1939 hasta su muerte en 1975.<\/p>\n<p>En el libro, cuya publicaci\u00f3n coincide con el 50 aniversario del fallecimiento de Franco, Juan Carlos asegura ser consciente de que ha decepcionado a muchos, que se dej\u00f3 llevar por sus \u00abdebilidades\u00bb y que cometi\u00f3 \u00aberrores de juicio por amor y por amistad\u00bb, adem\u00e1s de haber tenido \u00abamistades nefastas\u00bb.<\/p>\n<p>En concreto, se refiere al regalo del rey saud\u00ed en 2008 que, reconoce, \u00abpuede parecer inapropiado a algunos\u00bb, pero que \u00e9l presenta como \u00abun donativo generoso de parte de un hermano\u00bb, un \u00abacto de generosidad de un monarca con otro\u00bb.<\/p>\n<p>\u00abEs un regalo que no supe rechazar, un grave error\u00bb, asegura el rey em\u00e9rito, que a\u00f1ade que pensaba dedicarlo a sus necesidades tras su jubilaci\u00f3n \u00ablejos de la vida oficial espa\u00f1ola\u00bb.<\/p>\n<p>\u00abSoy el \u00fanico espa\u00f1ol que no cobra una pensi\u00f3n tras casi 40 a\u00f1os de servicios\u00bb, afirma el que fue monarca de Espa\u00f1a entre 1975 y 2014.<\/p>\n<p>Reconoce haberse rodeado de \u00abun cierto entorno malintencionado\u00bb y haber tenido \u00abla debilidad de confiar en ciertos empresarios poco escrupulosos\u00bb y haber cedido a presiones\u00bb hasta el punto de verse \u00aben medio de un l\u00edo financiero\u00bb que le superaba: \u00abActuaron en mi nombre pero sobre todo para su beneficio personal\u00bb.<\/p>\n<p>Tambi\u00e9n lamenta el viaje que hizo en 2012 a Botswana, \u00abun recorrido lejano y costoso que pudo parecer sorprendente ante la situaci\u00f3n del pa\u00eds\u00bb y que \u00aben las conciencias de algunos sigue siendo sospechoso\u00bb.<\/p>\n<p>Tras mostrar ternura por su esposa Sof\u00eda, pese a lamentar \u00abamargamente\u00bb que no haya ido a verle a Abu Dabi, Juan Carlos admite un \u00abdesacuerdo personal\u00bb con la actual reina Letizia, cuya llegada \u00abno ayud\u00f3 a la cohesi\u00f3n de las relaciones familiares\u00bb.<\/p>\n<p>Seg\u00fan <em>El mundo<\/em>las memorias no entran en las diferentes relaciones extramatrimoniales que pudo tener el rey, que sin embargo s\u00ed confiesa haber sido v\u00edctima de \u00abdebilidades que pensaba hasta ahora poder ocultar\u00bb, de \u00abtorpezas\u00bb y de \u00abdesv\u00edos sentimentales\u00bb.<\/p>\n<p>Lamenta Juan Carlos la distancia con su hijo, el actual rey Felipe VI que, dice le ha \u00abdado la espalda por deber\u00bb. \u00abEntiendo que como rey tenga una posici\u00f3n p\u00fablica firme, pero yo sufr\u00eda de que se mostrara tan insensible\u00bb, asegura el em\u00e9rito, que rememora un encuentro que mantuvieron en la navidad de 2020 en la que ambos estuvieron \u00abencerrados en el silencio de la incomprensi\u00f3n y el dolor\u00bb.<\/p>\n<\/div>\n\n","protected":false},"excerpt":{"rendered":"<p>El rey Juan Carlos I en su retorno al Club N\u00e1utico de Sanxenxo tras participar en la segunda jornada de la tercera serie de la Liga espa\u00f1ola de 6 Metros | Foto archivo &#8211; EFE\/Lavandeira El rey em\u00e9rito Juan Carlos I confiesa en sus memorias que cometi\u00f3 errores a lo largo de su vida, como &hellip;<\/p>\n","protected":false},"author":1,"featured_media":47782,"comment_status":"open","ping_status":"open","sticky":false,"template":"","format":"standard","meta":{"fifu_image_url":"https:\/\/elnacional-uploads.nyc3.digitaloceanspaces.com\/wp-content\/uploads\/2025\/10\/29133407\/7a620d17aaf4fa1bfa5cc2f48e2db17947d29fed.jpg","fifu_image_alt":"","footnotes":""},"categories":[13],"tags":[],"class_list":["post-47780","post","type-post","status-publish","format-standard","has-post-thumbnail","","category-mundo"],"_links":{"self":[{"href":"https:\/\/noticiasveraces.com\/index.php?rest_route=\/wp\/v2\/posts\/47780","targetHints":{"allow":["GET"]}}],"collection":[{"href":"https:\/\/noticiasveraces.com\/index.php?rest_route=\/wp\/v2\/posts"}],"about":[{"href":"https:\/\/noticiasveraces.com\/index.php?rest_route=\/wp\/v2\/types\/post"}],"author":[{"embeddable":true,"href":"https:\/\/noticiasveraces.com\/index.php?rest_route=\/wp\/v2\/users\/1"}],"replies":[{"embeddable":true,"href":"https:\/\/noticiasveraces.com\/index.php?rest_route=%2Fwp%2Fv2%2Fcomments&post=47780"}],"version-history":[{"count":0,"href":"https:\/\/noticiasveraces.com\/index.php?rest_route=\/wp\/v2\/posts\/47780\/revisions"}],"wp:featuredmedia":[{"embeddable":true,"href":"https:\/\/noticiasveraces.com\/index.php?rest_route=\/wp\/v2\/media\/47782"}],"wp:attachment":[{"href":"https:\/\/noticiasveraces.com\/index.php?rest_route=%2Fwp%2Fv2%2Fmedia&parent=47780"}],"wp:term":[{"taxonomy":"category","embeddable":true,"href":"https:\/\/noticiasveraces.com\/index.php?rest_route=%2Fwp%2Fv2%2Fcategories&post=47780"},{"taxonomy":"post_tag","embeddable":true,"href":"https:\/\/noticiasveraces.com\/index.php?rest_route=%2Fwp%2Fv2%2Ftags&post=47780"}],"curies":[{"name":"wp","href":"https:\/\/api.w.org\/{rel}","templated":true}]}}