{"id":47777,"date":"2025-10-29T13:43:30","date_gmt":"2025-10-29T17:43:30","guid":{"rendered":"https:\/\/noticiasveraces.com\/?p=47777"},"modified":"2025-10-29T13:43:30","modified_gmt":"2025-10-29T17:43:30","slug":"jenca-un-diplomatico-veterano-convencido-de-la-continuidad-de-la-mision-de-verificacion-en-colombia","status":"publish","type":"post","link":"https:\/\/noticiasveraces.com\/?p=47777","title":{"rendered":"Jen\u010da, un diplom\u00e1tico veterano, convencido de la continuidad de la Misi\u00f3n de Verificaci\u00f3n en Colombia"},"content":{"rendered":"<p> \n<\/p>\n<div>\n<p>Tras la firma del Acuerdo de paz en Colombia en 2016, 13.000 excombatientes de las FARC abandonaron las armas durante el primer a\u00f1o.<\/p>\n<p>\u201cCasi 9000 armas. 38.000 toneladas de explosivos, millones de municiones\u201d son algunas de las cifras que destaca el reci\u00e9n designado jefe de la Misi\u00f3n de Verificaci\u00f3n del proceso de paz, quien viajar\u00e1 pr\u00f3ximamente a Bogot\u00e1 a continuar el monitoreo de las Naciones Unidas en el pa\u00eds latinoamericano.<\/p>\n<p>Para Miroslav Jen\u010da, a pesar de los retos actuales, la puesta en marcha del Acuerdo ha contribuido a la mejora de la seguridad en el pa\u00eds sudamericano, as\u00ed como a reforzar la confianza entre la gente local. De hecho, unos <strong>11.000 excombatientes se implican en las diferentes \u00e1reas de implementaci\u00f3n<\/strong>.<\/p>\n<p>\u201cLos excombatientes participan en la creaci\u00f3n de su futuro nuevo, pac\u00edfico, productivo. Por ejemplo, est\u00e1n involucrados en la construcci\u00f3n de las casas, pero durables, de un material muy bueno (\u2026) S\u00ed, tienen problemas, tienen sus cosas, pero hablan sobre c\u00f3mo salir adelante juntos, c\u00f3mo resolverlos\u201d, subraya Jen\u010da.<\/p>\n<p>Tambi\u00e9n destaca la emisi\u00f3n el pasado mes de septiembre de las primeras condenas por cr\u00edmenes cometidos durante el conflicto armado por parte del Jurisdicci\u00f3n Especial para la Paz, encargada de garantizar la justicia restaurativa, y que fue descrita como el Alto Comisionado para los Derechos Humanos como \u201c<strong>un hito crucial en el camino hacia la rendici\u00f3n de cuentas<\/strong>\u201d.<\/p>\n<h2>Apoyo de los Estados miembros y de la propia Colombia<\/h2>\n<p>Pero no todos piensan igual. En la \u00faltima reuni\u00f3n del Consejo de Seguridad sobre la materia a principios de mes, Estados Unidos aleg\u00f3 que el mandato de la Misi\u00f3n de Verificaci\u00f3n se ha ampliado \u201cpara reflejar prioridades pol\u00edticas excesivas\u201d, citando como ejemplo, precisamente, la justicia transicional.<\/p>\n<p>El pa\u00eds norteamericano expres\u00f3 su disposici\u00f3n de examinar \u201cdetenidamente\u201d el mandato y \u201csi merece seguir contando con el apoyo del Consejo\u201d.<\/p>\n<p>Al preguntarle por ello, Jen\u010da asegura: \u201cYo lo considero normal que la misi\u00f3n y el Gobierno de los Estados Unidos quieren evaluar los logros\u201d, pero subraya que los otros 14 miembros del \u00f3rgano expresaron su apoyo a la Misi\u00f3n de forma \u201cmuy clara\u201d.<\/p>\n<p>\u201cClaro que cada miembro puede pues traer algunas propuestas, pero al final del d\u00eda <strong>es la decisi\u00f3n del Consejo de Seguridad en su totalidad<\/strong>\u201d, a\u00f1ade.<\/p>\n<p>El pr\u00f3ximo jueves 30 de octubre, los Estados miembros del Consejo de Seguridad <strong>votar\u00e1n sobre la renovaci\u00f3n del mandato<\/strong> de la Misi\u00f3n de Verificaci\u00f3n en Colombia, en una sesi\u00f3n que definir\u00e1 la continuidad del trabajo de las Naciones Unidas en el pa\u00eds.<\/p>\n<p>Sobre el terreno, la Misi\u00f3n cuenta tambi\u00e9n con el apoyo del Gobierno nacional, as\u00ed como el de otras partes de la sociedad colombiana.<\/p>\n<p>\u201cHabl\u00e9 con varios actores pol\u00edticos, incluyendo la oposici\u00f3n en Colombia, y lo que o\u00ed all\u00e1 fue un apoyo para la continuaci\u00f3n del trabajo de la Misi\u00f3n. Tambi\u00e9n tengo que a\u00f1adir que algunos actores mencionaron la necesidad de ciertos ajustes\u201d. <\/p>\n<p>Jen\u010da reconoce, adem\u00e1s, que para continuar con su labor se necesitan fondos.<\/p>\n<p>Con la entrada de Colombia al Consejo como miembro no permanente en 2026, el encargado de la Misi\u00f3n espera <strong>que las relaciones con esa naci\u00f3n se vuelvan m\u00e1s estrechas<\/strong>.<\/p>\n<p>\u201cNosotros tenemos una relaci\u00f3n muy estrecha con Colombia, con el Gobierno colombiano, con diferentes actores, sociedad civil, organizaciones no gubernamentales, diferentes actores pol\u00edticos y claro que queremos continuar con esta cooperaci\u00f3n tan \u00fatil y profunda\u201d, apunta.<\/p>\n<div class=\"context-un_news_large_credit type-entermedia_image media media--type-entermedia-image media--view-mode-un-news-large-credit\">\n<div class=\"field field--name-thumbnail field--type-image field--label-hidden field__item\"><img decoding=\"async\" src=\"https:\/\/global.unitednations.entermediadb.net\/assets\/mediadb\/services\/module\/asset\/downloads\/preset\/Libraries\/Production%20Library\/28-10-2025_Colombia_Jenca1.JPG\/image770x420cropped.jpg\" alt=\"El reci\u00e9n designado jefe de la Misi\u00f3n de Verificaci\u00f3n de la ONU en Colombia, Miroslav Jen\u010da, visita algunos de los proyectos de implementaci\u00f3n del Acuerdo de Paz.\" title=\"El reci\u00e9n designado jefe de la Misi\u00f3n de Verificaci\u00f3n de la ONU en Colombia, Miroslav Jen\u010da, visita algunos de los proyectos de implementaci\u00f3n del Acuerdo de Paz.\" loading=\"lazy\" width=\"770\" height=\"420\"\/>\n<\/div>\n<div class=\"field field--name-field-authors field--type-entity-reference field--label-hidden field__items\">\n<p>Mision de Verificaci\u00f3n de la ONU en Colombia<\/p>\n<\/p><\/div>\n<\/div>\n<h2>Un ejemplo para el mundo<\/h2>\n<p>En un momento en el que el multilateralismo est\u00e1 siendo cuestionado, el proceso de paz colombiano sobresale como \u201cun ejemplo brillante de negociaci\u00f3n\u201d que se logr\u00f3 con la participaci\u00f3n de otros pa\u00edses.<\/p>\n<p>\u201cHoy en d\u00eda, es un ejemplo en el extranjero de un proceso de paz. Y me parece que este ejemplo de multilateralismo representa un logro no solamente para Colombia, sino tambi\u00e9n para el mundo entero\u201d, celebra.<\/p>\n<p>De cara al pr\u00f3ximo per\u00edodo electoral en el pa\u00eds, Jen\u010da subraya la disposici\u00f3n de la Misi\u00f3n para contribuir a que se garantice el clima adecuado.<\/p>\n<p>\u201cMe voy a enfocar en tratar de lograr <strong>m\u00e1s entendimiento entre los actores pol\u00edticos<\/strong>; en que haya espacios para que se lleve a cabo una campa\u00f1a electoral m\u00e1s pac\u00edfica, ordenada, donde todos los participantes se puedan sentir seguros y seguras\u201d.<\/p>\n<p>Concluye, tajantemente, que \u201cel objetivo es lograr la paz, seguridad y respeto a los derechos humanos en Colombia\u201d.<\/p>\n<\/div>\n\n","protected":false},"excerpt":{"rendered":"<p>Tras la firma del Acuerdo de paz en Colombia en 2016, 13.000 excombatientes de las FARC abandonaron las armas durante el primer a\u00f1o. \u201cCasi 9000 armas. 38.000 toneladas de explosivos, millones de municiones\u201d son algunas de las cifras que destaca el reci\u00e9n designado jefe de la Misi\u00f3n de Verificaci\u00f3n del proceso de paz, quien viajar\u00e1 &hellip;<\/p>\n","protected":false},"author":1,"featured_media":47779,"comment_status":"open","ping_status":"open","sticky":false,"template":"","format":"standard","meta":{"fifu_image_url":"https:\/\/global.unitednations.entermediadb.net\/assets\/mediadb\/services\/module\/asset\/downloads\/preset\/Libraries\/Production%20Library\/28-10-2025_Colombia_Jenca3.JPG\/image770x420cropped.jpg","fifu_image_alt":"","footnotes":""},"categories":[3],"tags":[],"class_list":["post-47777","post","type-post","status-publish","format-standard","has-post-thumbnail","","category-negocio"],"_links":{"self":[{"href":"https:\/\/noticiasveraces.com\/index.php?rest_route=\/wp\/v2\/posts\/47777","targetHints":{"allow":["GET"]}}],"collection":[{"href":"https:\/\/noticiasveraces.com\/index.php?rest_route=\/wp\/v2\/posts"}],"about":[{"href":"https:\/\/noticiasveraces.com\/index.php?rest_route=\/wp\/v2\/types\/post"}],"author":[{"embeddable":true,"href":"https:\/\/noticiasveraces.com\/index.php?rest_route=\/wp\/v2\/users\/1"}],"replies":[{"embeddable":true,"href":"https:\/\/noticiasveraces.com\/index.php?rest_route=%2Fwp%2Fv2%2Fcomments&post=47777"}],"version-history":[{"count":0,"href":"https:\/\/noticiasveraces.com\/index.php?rest_route=\/wp\/v2\/posts\/47777\/revisions"}],"wp:featuredmedia":[{"embeddable":true,"href":"https:\/\/noticiasveraces.com\/index.php?rest_route=\/wp\/v2\/media\/47779"}],"wp:attachment":[{"href":"https:\/\/noticiasveraces.com\/index.php?rest_route=%2Fwp%2Fv2%2Fmedia&parent=47777"}],"wp:term":[{"taxonomy":"category","embeddable":true,"href":"https:\/\/noticiasveraces.com\/index.php?rest_route=%2Fwp%2Fv2%2Fcategories&post=47777"},{"taxonomy":"post_tag","embeddable":true,"href":"https:\/\/noticiasveraces.com\/index.php?rest_route=%2Fwp%2Fv2%2Ftags&post=47777"}],"curies":[{"name":"wp","href":"https:\/\/api.w.org\/{rel}","templated":true}]}}