{"id":47700,"date":"2025-10-29T02:18:05","date_gmt":"2025-10-29T06:18:05","guid":{"rendered":"https:\/\/noticiasveraces.com\/?p=47700"},"modified":"2025-10-29T02:18:05","modified_gmt":"2025-10-29T06:18:05","slug":"adrian-magnoli-lanza-dura-critica-a-el-cantante-del-gol-no-lo-considero-el-mejor-de-este-pais-curiosidades-de-futbol","status":"publish","type":"post","link":"https:\/\/noticiasveraces.com\/?p=47700","title":{"rendered":"Adri\u00e1n Magnoli lanza dura cr\u00edtica a &#8216;El cantante del gol&#8217;: &#8216;no lo considero el mejor de este pa\u00eds&#8217; | Curiosidades de f\u00fatbol"},"content":{"rendered":"<p> \n<\/p>\n<div id=\"cuerpoArticulo\">\n<p class=\"texto intro cnx-companion-firstparagraph\" id=\"p257815-m816-815-817\">Mucho se ha comentado sobre Javier Fern\u00e1ndez Franco, tambi\u00e9n conocido como &#8216;El cantante del gol&#8217;, quien hace algunos d\u00edas confirm\u00f3 que no continuar\u00eda narrando partidos en el canal RCN. Adem\u00e1s, el mismo profesional, en unas declaraciones, afirm\u00f3 que no ten\u00eda reemplazo; algo que gener\u00f3 cr\u00edticas, comentarios y reacciones a nivel nacional. <\/p>\n<p>Precisamente, de este tema fue consultado el periodista Adri\u00e1n Magnoli, quien en conversaci\u00f3n con &#8216;La Red Viral&#8217;, habl\u00f3 sobre la decisi\u00f3n de cambiar de casa o de su talento, pero tambi\u00e9n, dej\u00f3 una fuerte cr\u00edtica al famoso narrador.<\/p>\n<p class=\"texto contenido-parrafo-articulo cnx-companion-paragraph\" id=\"p257815-m892-3-893\"><b>\u201cTrajeron a &#8216;El cantante&#8217;, lo pusieron con Carlos Antonio (V\u00e9lez) y Caracol, lo triplic\u00f3 siempre\u201d,<\/b> indic\u00f3 Magnoli en referencia al rating, que no fue superado, seg\u00fan las estad\u00edsticas, por RCN, a pesar de tener a Javier Fern\u00e1ndez. <\/p>\n<p>\u201cAhora, la estrategia que apunta RCN, no para que lo tripliquen, sino para que tenga m\u00e1s adeptos\u201d, complement\u00f3 el profesional. <\/p>\n<div class=\"fotografia caja-articulo\" id=\"p257815-m898-4-899\">\n<div class=\"imagen-cuerpo-bk\">\n<figure itemscope=\"\" itemtype=\"https:\/\/schema.org\/ImageObject\" itemprop=\"image\" id=\"m903-902-904\" class=\"foto-galeria-articulo imagen-articulo foto-texto-articulo-galeria\"><img decoding=\"async\" alt=\"Carlos Antonio V\u00e9lez y Javier Fern\u00e1ndez\" src=\"data:image\/png;base64,iVBORw0KGgoAAAANSUhEUgAAAAEAAAABCAQAAAC1HAwCAAAAC0lEQVR42mP8\/x0AAvsB+DlKarAAAAAASUVORK5CYII=\" style=\" display: inline;\" data-original=\"\/files\/article_content\/uploads\/2024\/06\/11\/66690c6cb9f24.jpeg\"\/><meta itemprop=\"width\" content=\"600\"\/><meta itemprop=\"height\" content=\"450\"\/> <meta itemprop=\"url\" content=\"https:\/\/www.futbolred.com\/files\/article_content\/uploads\/2024\/06\/11\/66690c6cb9f24.jpeg\"\/><\/figure>\n<\/div>\n<div class=\"figcaption-cuerpo-bk credito-image-bk\"><figcaption class=\"foto-info\">\n<div class=\"titulo-foto-bk\">\n<p id=\"m910-1-911\" class=\"titulo pie-de-foto\">Carlos Antonio V\u00e9lez y Javier Fern\u00e1ndez.<\/p>\n<\/div>\n<p class=\"credito\">\n                            <span class=\"linea pre_credito\">Foto:<\/span><\/p>\n<p>                        <span id=\"m916-2-917\" class=\"autor\">Archivo CEET<\/span><\/p>\n<\/figcaption><\/div>\n<\/p><\/div>\n<p><span class=\"articulo-subtitulo subtitulo2 espacio-contenido cnx-companion-subtitle\" id=\"p257815-m924-5-925\">Adri\u00e1n Magnoli dej\u00f3 fuerte cr\u00edtica a Javier Fern\u00e1ndez<\/span><\/p>\n<p class=\"texto contenido-parrafo-articulo cnx-companion-paragraph\" id=\"p257815-m930-6-931\">En ese momento, Adri\u00e1n fue consultado por las recientes declaraciones de Fern\u00e1ndez, que se hicieron virales y generaron una ola de reacciones. <b>\u201cSi lo volv\u00e9s a invitar dentro de un mes, no lo dice. Lo dijo en un momento de calentura\u201d, expres\u00f3. <\/b><\/p>\n<p>Adem\u00e1s, dej\u00f3 en claro, que bajo su percepci\u00f3n, <b>\u00e9l \u201cno esperaba que lo sacaran de RCN. Yo creo que no esperaba, \u00e9l quer\u00eda estar ah\u00ed\u201d.<\/b><\/p>\n<div class=\"fotografia caja-articulo\" id=\"p257815-m936-7-937\">\n<div class=\"imagen-cuerpo-bk\">\n<figure itemscope=\"\" itemtype=\"https:\/\/schema.org\/ImageObject\" itemprop=\"image\" id=\"m941-940-942\" class=\"foto-galeria-articulo imagen-articulo foto-texto-articulo-galeria\"><img decoding=\"async\" alt=\"Eduardo Luis L\u00f3pez y Javier Fern\u00e1ndez Franco\" src=\"data:image\/png;base64,iVBORw0KGgoAAAANSUhEUgAAAAEAAAABCAQAAAC1HAwCAAAAC0lEQVR42mP8\/x0AAvsB+DlKarAAAAAASUVORK5CYII=\" style=\" display: inline;\" data-original=\"\/files\/article_content\/uploads\/2023\/11\/20\/655c3021c102f.jpeg\"\/><meta itemprop=\"width\" content=\"600\"\/><meta itemprop=\"height\" content=\"450\"\/> <meta itemprop=\"url\" content=\"https:\/\/www.futbolred.com\/files\/article_content\/uploads\/2023\/11\/20\/655c3021c102f.jpeg\"\/><\/figure>\n<\/div>\n<div class=\"figcaption-cuerpo-bk credito-image-bk\"><figcaption class=\"foto-info\">\n<div class=\"titulo-foto-bk\">\n<p id=\"m948-1-949\" class=\"titulo pie-de-foto\">Eduardo Luis L\u00f3pez y Javier Fern\u00e1ndez Franco.<\/p>\n<\/div>\n<p class=\"credito\">\n                            <span class=\"linea pre_credito\">Foto:<\/span><\/p>\n<p>                        <span id=\"m954-2-955\" class=\"autor\">Instagram: @eduardoluisfut y elcantantedelgol<\/span><\/p>\n<\/figcaption><\/div>\n<\/p><\/div>\n<p><span class=\"articulo-subtitulo subtitulo2 espacio-contenido cnx-companion-subtitle\" id=\"p257815-m962-8-963\">\u00abNo es el mejor del mundo\u00bb: Magnoli sobre &#8216;El cantante del gol&#8217;<\/span><\/p>\n<p class=\"texto contenido-parrafo-articulo cnx-companion-paragraph\" id=\"p257815-m968-9-969\">Y posteriormente, describi\u00f3 al narrador: <b>\u201cTiene un ego alto<\/b>parece argentino, <b>para m\u00ed no es el mejor del mundo<\/b>; es un buen narrador, capacitado, con una voz privilegiada, pero <b>no lo considero el mejor de Colombia\u201d.<\/b><\/p>\n<p>Para concluir, se habl\u00f3 sobre las declaraciones respecto a que Javier no ten\u00eda reemplazo; Magnoli fue sincero: <b>\u201cEso lo dir\u00e1 la gente, en la sinton\u00eda, en el rating\u201d, sentenci\u00f3.<\/b><\/p>\n<p><iframe loading=\"lazy\" title=\"Famoso PERIODISTA deportivo expone a Carlos Antonio V\u00e9lez por \u201capostar al fracaso\u201d de la Selecci\u00f3n&quot;\" width=\"618\" height=\"348\" src=\"https:\/\/www.youtube.com\/embed\/bpGv-I8g97I?feature=oembed\" frameborder=\"0\" allow=\"accelerometer; autoplay; clipboard-write; encrypted-media; gyroscope; picture-in-picture; web-share\" referrerpolicy=\"strict-origin-when-cross-origin\" allowfullscreen><\/iframe><\/p>\n<\/div>\n\n","protected":false},"excerpt":{"rendered":"<p>Mucho se ha comentado sobre Javier Fern\u00e1ndez Franco, tambi\u00e9n conocido como &#8216;El cantante del gol&#8217;, quien hace algunos d\u00edas confirm\u00f3 que no continuar\u00eda narrando partidos en el canal RCN. Adem\u00e1s, el mismo profesional, en unas declaraciones, afirm\u00f3 que no ten\u00eda reemplazo; algo que gener\u00f3 cr\u00edticas, comentarios y reacciones a nivel nacional. Precisamente, de este tema &hellip;<\/p>\n","protected":false},"author":1,"featured_media":47701,"comment_status":"open","ping_status":"open","sticky":false,"template":"","format":"standard","meta":{"fifu_image_url":"https:\/\/www.futbolred.com\/files\/og_thumbnail\/uploads\/2023\/11\/27\/65650f196e993.jpeg","fifu_image_alt":"","footnotes":""},"categories":[6],"tags":[],"class_list":["post-47700","post","type-post","status-publish","format-standard","has-post-thumbnail","","category-deportes"],"_links":{"self":[{"href":"https:\/\/noticiasveraces.com\/index.php?rest_route=\/wp\/v2\/posts\/47700","targetHints":{"allow":["GET"]}}],"collection":[{"href":"https:\/\/noticiasveraces.com\/index.php?rest_route=\/wp\/v2\/posts"}],"about":[{"href":"https:\/\/noticiasveraces.com\/index.php?rest_route=\/wp\/v2\/types\/post"}],"author":[{"embeddable":true,"href":"https:\/\/noticiasveraces.com\/index.php?rest_route=\/wp\/v2\/users\/1"}],"replies":[{"embeddable":true,"href":"https:\/\/noticiasveraces.com\/index.php?rest_route=%2Fwp%2Fv2%2Fcomments&post=47700"}],"version-history":[{"count":0,"href":"https:\/\/noticiasveraces.com\/index.php?rest_route=\/wp\/v2\/posts\/47700\/revisions"}],"wp:featuredmedia":[{"embeddable":true,"href":"https:\/\/noticiasveraces.com\/index.php?rest_route=\/wp\/v2\/media\/47701"}],"wp:attachment":[{"href":"https:\/\/noticiasveraces.com\/index.php?rest_route=%2Fwp%2Fv2%2Fmedia&parent=47700"}],"wp:term":[{"taxonomy":"category","embeddable":true,"href":"https:\/\/noticiasveraces.com\/index.php?rest_route=%2Fwp%2Fv2%2Fcategories&post=47700"},{"taxonomy":"post_tag","embeddable":true,"href":"https:\/\/noticiasveraces.com\/index.php?rest_route=%2Fwp%2Fv2%2Ftags&post=47700"}],"curies":[{"name":"wp","href":"https:\/\/api.w.org\/{rel}","templated":true}]}}