{"id":47677,"date":"2025-10-28T21:36:09","date_gmt":"2025-10-29T01:36:09","guid":{"rendered":"https:\/\/noticiasveraces.com\/?p=47677"},"modified":"2025-10-28T21:36:09","modified_gmt":"2025-10-29T01:36:09","slug":"jovenes-afrodescendientes-resuelven-un-misterio-arqueologico-sumergido-en-costa-rica","status":"publish","type":"post","link":"https:\/\/noticiasveraces.com\/?p=47677","title":{"rendered":"J\u00f3venes afrodescendientes resuelven un misterio arqueol\u00f3gico sumergido en Costa Rica"},"content":{"rendered":"<p> \n<\/p>\n<div>\n<figure class=\"AssetEmbedWrapper-fkZDUs kHRAYC asset-embed\">\n<div class=\"AssetEmbedAssetContainer-eEeytc eRSvCP asset-embed__asset-container\"><span class=\"SpanWrapper-zEXFr koTknX responsive-asset AssetEmbedResponsiveAsset-cIfZLr fHIkTW asset-embed__responsive-asset\"><picture class=\"ResponsiveImagePicture-cGZhnX jwYQWO AssetEmbedResponsiveAsset-cIfZLr fHIkTW asset-embed__responsive-asset responsive-image\"><img decoding=\"async\" alt=\"Costa Rica CCBEM afrocostarricense buceo arqueolog\u00eda historia\" loading=\"lazy\" class=\"ResponsiveImageContainer-eNxvmU cfBbTk responsive-image__image\" srcset=\"https:\/\/media.es.wired.com\/photos\/68f011a08a41113c673d062e\/master\/w_120,c_limit\/El%20CCBEM%20ha%20capacitado%20en%20buceo%20a%20varias%20decenas%20de%20jo%CC%81venes.%20Cortesi%CC%81a%20del%20Centro%20Comunitario%20de%20Buceo%20Embajadores%20y%20Embajadores%20del%20Mar.%20.JPG 120w, https:\/\/media.es.wired.com\/photos\/68f011a08a41113c673d062e\/master\/w_240,c_limit\/El%20CCBEM%20ha%20capacitado%20en%20buceo%20a%20varias%20decenas%20de%20jo%CC%81venes.%20Cortesi%CC%81a%20del%20Centro%20Comunitario%20de%20Buceo%20Embajadores%20y%20Embajadores%20del%20Mar.%20.JPG 240w, https:\/\/media.es.wired.com\/photos\/68f011a08a41113c673d062e\/master\/w_320,c_limit\/El%20CCBEM%20ha%20capacitado%20en%20buceo%20a%20varias%20decenas%20de%20jo%CC%81venes.%20Cortesi%CC%81a%20del%20Centro%20Comunitario%20de%20Buceo%20Embajadores%20y%20Embajadores%20del%20Mar.%20.JPG 320w, https:\/\/media.es.wired.com\/photos\/68f011a08a41113c673d062e\/master\/w_640,c_limit\/El%20CCBEM%20ha%20capacitado%20en%20buceo%20a%20varias%20decenas%20de%20jo%CC%81venes.%20Cortesi%CC%81a%20del%20Centro%20Comunitario%20de%20Buceo%20Embajadores%20y%20Embajadores%20del%20Mar.%20.JPG 640w, https:\/\/media.es.wired.com\/photos\/68f011a08a41113c673d062e\/master\/w_960,c_limit\/El%20CCBEM%20ha%20capacitado%20en%20buceo%20a%20varias%20decenas%20de%20jo%CC%81venes.%20Cortesi%CC%81a%20del%20Centro%20Comunitario%20de%20Buceo%20Embajadores%20y%20Embajadores%20del%20Mar.%20.JPG 960w, https:\/\/media.es.wired.com\/photos\/68f011a08a41113c673d062e\/master\/w_1280,c_limit\/El%20CCBEM%20ha%20capacitado%20en%20buceo%20a%20varias%20decenas%20de%20jo%CC%81venes.%20Cortesi%CC%81a%20del%20Centro%20Comunitario%20de%20Buceo%20Embajadores%20y%20Embajadores%20del%20Mar.%20.JPG 1280w, https:\/\/media.es.wired.com\/photos\/68f011a08a41113c673d062e\/master\/w_1600,c_limit\/El%20CCBEM%20ha%20capacitado%20en%20buceo%20a%20varias%20decenas%20de%20jo%CC%81venes.%20Cortesi%CC%81a%20del%20Centro%20Comunitario%20de%20Buceo%20Embajadores%20y%20Embajadores%20del%20Mar.%20.JPG 1600w\" sizes=\"100vw\" src=\"https:\/\/media.es.wired.com\/photos\/68f011a08a41113c673d062e\/master\/w_1600%2Cc_limit\/El%2520CCBEM%2520ha%2520capacitado%2520en%2520buceo%2520a%2520varias%2520decenas%2520de%2520jo%25CC%2581venes.%2520Cortesi%25CC%2581a%2520del%2520Centro%2520Comunitario%2520de%2520Buceo%2520Embajadores%2520y%2520Embajadores%2520del%2520Mar.%2520.JPG\"\/><\/picture><\/span><\/div>\n<div class=\"CaptionWrapper-jYrTxZ byeLF caption AssetEmbedCaption-fyuOdR eXMqGf asset-embed__caption\" data-testid=\"caption-wrapper\"><span class=\"BaseWrap-sc-gzmcOU BaseText-eqOrNE CaptionText-brNLzD deqABF imSbFE fGraOh caption__text\"><\/p>\n<p>La coordinadora Mar\u00eda Su\u00e1rez liderando una expedici\u00f3n frente a Punta Cahuita en 2021.<\/p>\n<p><\/span><span class=\"BaseWrap-sc-gzmcOU BaseText-eqOrNE CaptionCredit-eowWKH deqABF kpqIso gxwcqg caption__credit\">Wayne Lawrence\/Cortesi\u0301a CCBEM<\/span><\/div>\n<\/figure>\n<h2>Piratas o trata\u00a0transatl\u00e1ntica<\/h2>\n<p>Maraya es de Cocles, una peque\u00f1a comunidad al sur de Puerto Viejo de Talamanca, provincia de Lim\u00f3n, una de las siete provincias de Costa Rica. Su cant\u00f3n est\u00e1 a unos 25 kil\u00f3metros del Parque Nacional Cahuita. En Lim\u00f3n, dice con pesar, los j\u00f3venes son propensos a caer en riesgos por la falta de oportunidades laborales, como el consumo de drogas o la delincuencia. Aun as\u00ed, no cambia su costa por otra. \u201cLas playas son cristalinas. Desde Cocles veo la monta\u00f1a, hay \u00e1rboles, pero a 800 metros abajo, est\u00e1 el mar\u201d, apunta.<\/p>\n<p>Es un territorio con poblaci\u00f3n Bribri, Cab\u00e9car y afrodescendientes. Tambi\u00e9n hay tala, gentrificaci\u00f3n y, al mismo tiempo, tradici\u00f3n y vidas torneadas por el mar, con pesca o turismo mar\u00edtimo. \u201cHay muchas personas mayores, llegan turistas por b\u00fasqueda cultural\u201d, dice.<\/p>\n<p>Mientras aprend\u00edan a bucear, los entonces adolescentes recopilaron la memoria oral de sus abuelas y abuelos. Sol\u00edan escuchar que los hundimientos eran barcos piratas y ten\u00edan motivos para pensarlo. En el siglo XVII, la siembra de cacao se extendi\u00f3 por el Caribe. Para 1738, hab\u00eda cerca de 89 fincas de cacao en Costa Rica, trabajadas por personas negras entre el asedio constante de piratas y zambos-misquitos, aliados de los ingleses que buscaban tortugas de carey y cacao.<\/p>\n<hr\/>\n<div class=\"ContentCardEmbedWrapper-kFpFGN dpdjmB content-card-embed content-card-embed--stacked\" data-testid=\"ContentCardEmbedWrapper\">\n<div class=\"ContentCardEmbedImage-iBIXcR jiOHKG content-card-embed__image\" data-testid=\"ContentCardEmbedImage\"><span class=\"SpanWrapper-zEXFr koTknX responsive-asset\"><picture class=\"ResponsiveImagePicture-cGZhnX jwYQWO responsive-image\"><img decoding=\"async\" alt=\"mamuts\" loading=\"lazy\" class=\"ResponsiveImageContainer-eNxvmU cfBbTk responsive-image__image\" srcset=\"https:\/\/media.es.wired.com\/photos\/68b085c49f127a39f2062c91\/master\/w_120,c_limit\/WR-Mammut.jpg 120w, https:\/\/media.es.wired.com\/photos\/68b085c49f127a39f2062c91\/master\/w_240,c_limit\/WR-Mammut.jpg 240w, https:\/\/media.es.wired.com\/photos\/68b085c49f127a39f2062c91\/master\/w_320,c_limit\/WR-Mammut.jpg 320w, https:\/\/media.es.wired.com\/photos\/68b085c49f127a39f2062c91\/master\/w_640,c_limit\/WR-Mammut.jpg 640w\" sizes=\"100vw\" src=\"https:\/\/media.es.wired.com\/photos\/68b085c49f127a39f2062c91\/master\/w_775%2Cc_limit\/WR-Mammut.jpg\"\/><\/picture><\/span><\/div>\n<div class=\"ContentCardEmbedInfo-bSBhwc IbulD\">\n<div class=\"BaseWrap-sc-gzmcOU BaseText-eqOrNE ContentCardEmbedHed-kuAbUL deqABF jkWAvF fPZrfS content-card-embed__hed\" data-testid=\"ContentCardEmbedHed\">El primer estudio gen\u00f3mico de los mamuts de Santa Luc\u00eda fue una traves\u00eda muy mexicana<\/div>\n<p>As\u00ed fue como cient\u00edficos mexicanos lograron por primera vez extraer ADN de mamut en M\u00e9xico, a partir de molares hallados en Santa Luc\u00eda (AIFA). Un hito en los campos de la paleogen\u00f3mica y la historia natural del pa\u00eds.<\/p>\n<\/div>\n<\/div>\n<hr\/>\n<p>Pero la idea de que fueran en realidad restos de barcos esclavistas lat\u00eda en documentos del Archivo Nacional de Costa Rica y de Dinamarca, con referencias a dos barcos daneses de la trata transatl\u00e1ntica de esclavos que iban rumbo a la isla de Santo Tom\u00e1s, el <em>Federico el cuarto<\/em> y el <em>Christian Quinto<\/em>pero que nunca llegaron a su destino. Uno de los registros era un mapa encontrado en Sevilla que suger\u00eda que el lugar del naufragio ten\u00eda una costa de contorno similar a Cahuita. Adem\u00e1s, en la d\u00e9cada de 1980, en esa parte del Caribe, encontraron una manilla, es decir, una pulsera usada en el comercio de personas.<\/p>\n<p>Si se demostraba cient\u00edficamente que los restos en Cahuita eran esas naves danesas, perdidas en 1710, la historia se reescribir\u00eda.<\/p>\n<p>\u201cConfirmar o negar eso era importante para la identidad de nuestra poblaci\u00f3n, porque en Lim\u00f3n, la afrodescendencia lleg\u00f3 en 1800 para construir el ferrocarril, fueron personas que vinieron bajo motivos de contrato para trabajar; as\u00ed lleg\u00f3 la afrodescendencia en la historia oficial de Costa Rica. Si las embarcaciones eran esas, habr\u00edan llegado 100 a\u00f1os antes y de otra forma, algunos fueron libres y otros no por mucho tiempo\u201d, explica Maraya.<\/p>\n<p>En 1981, el arque\u00f3logo Stephen Gluckman organiz\u00f3 una expedici\u00f3n a los naufragios. Su equipo registr\u00f3 dos sitios: uno con anclas y ca\u00f1ones en un arrecife poco profundo y otro con un piso salpicado de ladrillos amarillos. Pero el trabajo de ciencia ciudadana riguroso, que lograr\u00eda reconectar con las ra\u00edces m\u00e1s profundas de esta historia, arrancar\u00eda tres d\u00e9cadas despu\u00e9s.<\/p>\n<\/div>\n\n","protected":false},"excerpt":{"rendered":"<p>La coordinadora Mar\u00eda Su\u00e1rez liderando una expedici\u00f3n frente a Punta Cahuita en 2021. Wayne Lawrence\/Cortesi\u0301a CCBEM Piratas o trata\u00a0transatl\u00e1ntica Maraya es de Cocles, una peque\u00f1a comunidad al sur de Puerto Viejo de Talamanca, provincia de Lim\u00f3n, una de las siete provincias de Costa Rica. Su cant\u00f3n est\u00e1 a unos 25 kil\u00f3metros del Parque Nacional Cahuita. &hellip;<\/p>\n","protected":false},"author":1,"featured_media":47679,"comment_status":"open","ping_status":"open","sticky":false,"template":"","format":"standard","meta":{"fifu_image_url":"https:\/\/media.es.wired.com\/photos\/6900f3d2e2a00603c86f6817\/16:9\/w_1280,c_limit\/WR-CostaRica.jpg","fifu_image_alt":"","footnotes":""},"categories":[763],"tags":[],"class_list":["post-47677","post","type-post","status-publish","format-standard","has-post-thumbnail","","category-estilo-de-vida"],"_links":{"self":[{"href":"https:\/\/noticiasveraces.com\/index.php?rest_route=\/wp\/v2\/posts\/47677","targetHints":{"allow":["GET"]}}],"collection":[{"href":"https:\/\/noticiasveraces.com\/index.php?rest_route=\/wp\/v2\/posts"}],"about":[{"href":"https:\/\/noticiasveraces.com\/index.php?rest_route=\/wp\/v2\/types\/post"}],"author":[{"embeddable":true,"href":"https:\/\/noticiasveraces.com\/index.php?rest_route=\/wp\/v2\/users\/1"}],"replies":[{"embeddable":true,"href":"https:\/\/noticiasveraces.com\/index.php?rest_route=%2Fwp%2Fv2%2Fcomments&post=47677"}],"version-history":[{"count":0,"href":"https:\/\/noticiasveraces.com\/index.php?rest_route=\/wp\/v2\/posts\/47677\/revisions"}],"wp:featuredmedia":[{"embeddable":true,"href":"https:\/\/noticiasveraces.com\/index.php?rest_route=\/wp\/v2\/media\/47679"}],"wp:attachment":[{"href":"https:\/\/noticiasveraces.com\/index.php?rest_route=%2Fwp%2Fv2%2Fmedia&parent=47677"}],"wp:term":[{"taxonomy":"category","embeddable":true,"href":"https:\/\/noticiasveraces.com\/index.php?rest_route=%2Fwp%2Fv2%2Fcategories&post=47677"},{"taxonomy":"post_tag","embeddable":true,"href":"https:\/\/noticiasveraces.com\/index.php?rest_route=%2Fwp%2Fv2%2Ftags&post=47677"}],"curies":[{"name":"wp","href":"https:\/\/api.w.org\/{rel}","templated":true}]}}