{"id":47675,"date":"2025-10-28T21:24:04","date_gmt":"2025-10-29T01:24:04","guid":{"rendered":"https:\/\/noticiasveraces.com\/?p=47675"},"modified":"2025-10-28T21:24:04","modified_gmt":"2025-10-29T01:24:04","slug":"colombia-autoriza-la-venta-de-flor-de-cannabis-medicinal-en-farmacias-albertonews","status":"publish","type":"post","link":"https:\/\/noticiasveraces.com\/?p=47675","title":{"rendered":"Colombia autoriza la venta de flor de cannabis medicinal en farmacias &#8211; AlbertoNews"},"content":{"rendered":"<p> \n<\/p>\n<div>\n<p>Colombia, uno de los pa\u00edses m\u00e1s golpeados por la guerra contra las drogas, autoriz\u00f3 la venta de flor de cannabis en farmacias con fines medicinales, seg\u00fan un decreto del Ministerio de Salud conocido este martes.<\/p>\n<p><strong>AFP<\/strong><\/p>\n<p>El pa\u00eds legaliz\u00f3 el cannabis medicinal en 2016 y en 2021 autoriz\u00f3 exportar la flor seca a pa\u00edses donde estaba regulada, pero hasta ahora esta no pod\u00eda comercializarse localmente ante un vac\u00edo legal.<\/p>\n<p>Con el nuevo decreto, el ministerio estipula que en adelante las farmacias y veterinarias que obtengan una licencia podr\u00e1n vender la flor del cannabis, que tiene el componente psicoactivo (THC). El consumidor deber\u00e1 presentar una prescripci\u00f3n m\u00e9dica para la compra.<\/p>\n<p>Para garantizar el cumplimiento de esta norma, el Ministerio de Justicia har\u00e1 un \u00abseguimiento de las semillas\u00bb para la siembra y el \u00abcultivo de plantas de cannabis psicoactivo\u00bb, de acuerdo con el texto fechado el 27 de octubre.<\/p>\n<p>Los ministerios de Salud, Justicia y Agricultura tienen cinco meses \u00abpara expedir la reglamentaci\u00f3n respectiva\u00bb que permita la implementaci\u00f3n del decreto.<\/p>\n<p>Colombia, el principal productor de coca\u00edna del mundo y donde existen grandes plantaciones de marihuana, despenaliz\u00f3 en los a\u00f1os noventa el porte y consumo de la dosis m\u00ednima de algunas drogas recreativas.<\/p>\n<p>La ley permite el consumo personal, el porte de dosis m\u00ednima y el autocultivo de cannabis, aunque no existe un mercado regulado para la compra y venta con fines recreativos.<\/p>\n<p>En la actualidad algunas regiones con sembrad\u00edos de cannabis est\u00e1n en conflicto. En marzo, el presidente izquierdista, Gustavo Petro, pidi\u00f3 al Congreso considerar la legalizaci\u00f3n total de la marihuana, incluidos los fines recreativos.<\/p>\n<p>El mandatario, muy cr\u00edtico de la guerra contra las drogas impulsada por Estados Unidos, sostiene que la prohibici\u00f3n causa m\u00e1s violencia.<\/p>\n<p>La alta producci\u00f3n de drogas en Colombia motiv\u00f3 recientes disputas entre Petro y el presidente estadounidense Donald Trump. El republicano sac\u00f3 al pa\u00eds sudamericano de la lista de pa\u00edses aliados antidrogas y anunci\u00f3 la suspensi\u00f3n del apoyo financiero.<\/p>\n<p>Trump asegura que Petro es un \u00abl\u00edder del narcotr\u00e1fico\u00bb y le impuso sanciones econ\u00f3micas.<\/p>\n<p>Otros pa\u00edses de la regi\u00f3n como Uruguay, Ecuador y Per\u00fa tambi\u00e9n han legalizado la producci\u00f3n de cannabis con fines medicinales.<\/p>\n<\/p>\n<p><strong>Si quieres recibir en tu celular esta y otras informaciones descarga Telegram, ingresa al link\u00a0https:\/\/t.me\/albertorodnews\u00a0y dale click a +Unirme.<\/strong><\/p>\n<p><strong>Alberto Noticias<\/strong><\/p>\n<\/p><\/div>\n\n","protected":false},"excerpt":{"rendered":"<p>Colombia, uno de los pa\u00edses m\u00e1s golpeados por la guerra contra las drogas, autoriz\u00f3 la venta de flor de cannabis en farmacias con fines medicinales, seg\u00fan un decreto del Ministerio de Salud conocido este martes. AFP El pa\u00eds legaliz\u00f3 el cannabis medicinal en 2016 y en 2021 autoriz\u00f3 exportar la flor seca a pa\u00edses donde &hellip;<\/p>\n","protected":false},"author":1,"featured_media":47676,"comment_status":"open","ping_status":"open","sticky":false,"template":"","format":"standard","meta":{"fifu_image_url":"https:\/\/bitlyanews.com\/wp-content\/uploads\/2022\/07\/Cannabis.-Foto-de-archivo..jpg","fifu_image_alt":"","footnotes":""},"categories":[13],"tags":[],"class_list":["post-47675","post","type-post","status-publish","format-standard","has-post-thumbnail","","category-mundo"],"_links":{"self":[{"href":"https:\/\/noticiasveraces.com\/index.php?rest_route=\/wp\/v2\/posts\/47675","targetHints":{"allow":["GET"]}}],"collection":[{"href":"https:\/\/noticiasveraces.com\/index.php?rest_route=\/wp\/v2\/posts"}],"about":[{"href":"https:\/\/noticiasveraces.com\/index.php?rest_route=\/wp\/v2\/types\/post"}],"author":[{"embeddable":true,"href":"https:\/\/noticiasveraces.com\/index.php?rest_route=\/wp\/v2\/users\/1"}],"replies":[{"embeddable":true,"href":"https:\/\/noticiasveraces.com\/index.php?rest_route=%2Fwp%2Fv2%2Fcomments&post=47675"}],"version-history":[{"count":0,"href":"https:\/\/noticiasveraces.com\/index.php?rest_route=\/wp\/v2\/posts\/47675\/revisions"}],"wp:featuredmedia":[{"embeddable":true,"href":"https:\/\/noticiasveraces.com\/index.php?rest_route=\/wp\/v2\/media\/47676"}],"wp:attachment":[{"href":"https:\/\/noticiasveraces.com\/index.php?rest_route=%2Fwp%2Fv2%2Fmedia&parent=47675"}],"wp:term":[{"taxonomy":"category","embeddable":true,"href":"https:\/\/noticiasveraces.com\/index.php?rest_route=%2Fwp%2Fv2%2Fcategories&post=47675"},{"taxonomy":"post_tag","embeddable":true,"href":"https:\/\/noticiasveraces.com\/index.php?rest_route=%2Fwp%2Fv2%2Ftags&post=47675"}],"curies":[{"name":"wp","href":"https:\/\/api.w.org\/{rel}","templated":true}]}}