{"id":47672,"date":"2025-10-28T20:23:14","date_gmt":"2025-10-29T00:23:14","guid":{"rendered":"https:\/\/noticiasveraces.com\/?p=47672"},"modified":"2025-10-28T20:23:14","modified_gmt":"2025-10-29T00:23:14","slug":"maria-corina-machado-celebro-que-rodrigo-paz-comience-una-era-de-orden-justicia-y-libertad-en-bolivia","status":"publish","type":"post","link":"https:\/\/noticiasveraces.com\/?p=47672","title":{"rendered":"Mar\u00eda Corina Machado celebr\u00f3 que Rodrigo Paz comience una era de orden, justicia y libertad en Bolivia"},"content":{"rendered":"<p> \n<\/p>\n<div>\n<p> <span rel=\"author\" class=\"fn\">con una esp\u00e1tula<\/span><\/p>\n<p> <time class=\"entry-date published updated\" datetime=\"2025-10-28T20:18:57-04:00\">octubre 28 2025, 8:18 pm<\/time> <span class=\"spot-im-replies-count\" data-post-id=\"5821799\"\/><\/p>\n<figure id=\"attachment_5810487\" aria-describedby=\"caption-attachment-5810487\" style=\"width: 640px\" class=\"wp-caption alignnone\"><img fetchpriority=\"high\" decoding=\"async\" onerror=\"this.onerror=null;this.src=\" https:=\"\" class=\"wp-image-5810487\" src=\"https:\/\/sandia.datanubex.uk\/wp-content\/uploads\/2025\/10\/Maria-Corina-Machado-Venezuela-4.jpg\" alt=\"\" width=\"640\" height=\"427\"\/><figcaption id=\"caption-attachment-5810487\" class=\"wp-caption-text\">La l\u00edder opositora Mar\u00eda Corina Machado, durante una de las concentraciones p\u00fablicas en Caracas. Foto<br \/>Mat\u00edas Delacroix (AP)<\/figcaption><\/figure>\n<\/p>\n<p>La l\u00edder de las fuerzas democr\u00e1ticas de Venezuela, Mar\u00eda Corina Machado, celebr\u00f3 este martes 28 de octubre la elecci\u00f3n de Rodrigo Paz Pereira como presidente de Bolivia, y le dedic\u00f3 un mensaje en su cuenta oficial de X (antes Twitter) en el que destac\u00f3 la uni\u00f3n entre ambos pueblos en la lucha por la libertad y la democracia.<\/p>\n<p><!-- Begin Mailchimp Signup Form --><\/p>\n<div id=\"mc_embed_signup\">\n<p><label for=\"mce-EMAIL\">  \u00a1\u00danete al club ahora! Suscr\u00edbete al bolet\u00edn m\u00e1s importante de Venezuela <\/label><iframe data-test-id=\"beehiiv-embed\" height=\"52\" frameborder=\"0\" scrolling=\"no\" style=\"margin: 0; border-radius: 0px !important; &#10; background-color: transparent;\" data-src=\"https:\/\/embeds.beehiiv.com\/cdab9503-16ae-4689-ad4f-1408c727a83a?slim=true\" class=\"lazyload\"><\/iframe><\/p>\n<\/div>\n<p><!--End mc_embed_signup 2--><\/p>\n<p><strong>Por: lapatilla.com<\/strong><\/p>\n<p>\u201cQuerido Presidente Electo, Rodrigo Paz, nuestras naciones han superado valientemente a\u00f1os de oscuridad, divisi\u00f3n y odio. Hoy, tanto en Bolivia como en Venezuela, hemos derribado definitivamente las barreras que buscaron dividir y confrontar a nuestros pueblos\u201d, expres\u00f3 Machado.<\/p>\n<p>La premio Nobel de la Paz, afirm\u00f3 que ambos pa\u00edses inician una nueva etapa de \u201corden, justicia, prosperidad y libertad en democracia\u201d, asegurando que Venezuela y Bolivia est\u00e1n unidas por un legado com\u00fan de lucha y esperanza.<\/p>\n<p>\u201cComienza una nueva era de ORDEN, JUSTICIA, PROSPERIDAD y LIBERTAD en DEMOCRACIA para ambas naciones, que est\u00e1n unidas por un legado que nos enorgullece y un futuro com\u00fan que nos inspira y moviliza\u201d, a\u00f1adi\u00f3.<\/p>\n<\/p>\n<blockquote>\n<p>LEE TAMBI\u00c9N: <strong>El duro mensaje de Rodrigo Paz a Nicol\u00e1s Maduro tras suspensi\u00f3n de Bolivia de la Alba<\/strong><\/p>\n<\/blockquote>\n<\/p>\n<p>El mensaje de Machado fue en respuesta a una publicaci\u00f3n de Rodrigo Paz Pereira, quien se dirigi\u00f3 a Nicol\u00e1s Maduro con duras cr\u00edticas.<\/p>\n<p>\u201cLo \u00fanico digno, se\u00f1or @NicolasMaduro, es que nuestro pueblo viva en paz. Con trabajo, salud y educaci\u00f3n. Vamos a construir un mejor pa\u00eds para todos los bolivianos: sin odios, sin divisi\u00f3n y sin persecuci\u00f3n. Esa es la dignidad que vamos a recuperar, siempre del lado de la democracia y la libertad. Bolivia representa esos valores. Usted, se\u00f1or Maduro, representa todo lo contrario\u201d, escribi\u00f3 el presidente electo boliviano en su cuenta de X.<\/p>\n<p>Las declaraciones de ambos l\u00edderes reflejan el fortalecimiento de los lazos entre las fuerzas democr\u00e1ticas de Am\u00e9rica Latina, en un contexto de cambios pol\u00edticos y promesas de renovaci\u00f3n institucional tanto en Venezuela como en Bolivia.<\/p>\n<\/p>\n<blockquote>\n<p>LEE TAMBI\u00c9N: <strong>Rodrigo Paz reafirm\u00f3 su apoyo a Mar\u00eda Corina Machado tras invitarla a Bolivia para su investidura (VIDEO)<\/strong><\/p>\n<\/blockquote>\n<\/p>\n<p>Con esta felicitaci\u00f3n p\u00fablica, Mar\u00eda Corina Machado reafirma su respaldo a los gobiernos que defienden la democracia y los derechos humanos en la regi\u00f3n.<\/p>\n<\/p>\n<p><img loading=\"lazy\" decoding=\"async\" onerror=\"this.onerror=null;this.src=\" https:=\"\" class=\"alignnone size-full wp-image-5821815 lazyload\" alt=\"\" width=\"605\" height=\"688\" src=\"https:\/\/sandia.datanubex.uk\/wp-content\/uploads\/2025\/10\/MCM-y-Rodrigo-Paz.jpg\" data-eio-rwidth=\"605\" data-eio-rheight=\"688\"\/><img loading=\"lazy\" decoding=\"async\" onerror=\"this.onerror=null;this.src=\" https:=\"\" class=\"alignnone size-full wp-image-5821815\" src=\"https:\/\/sandia.datanubex.uk\/wp-content\/uploads\/2025\/10\/MCM-y-Rodrigo-Paz.jpg\" alt=\"\" width=\"605\" height=\"688\" data-eio=\"l\"\/><\/p>\n<p>  <!-- CONTENT END 2 --><\/div>\n\n","protected":false},"excerpt":{"rendered":"<p>con una esp\u00e1tula octubre 28 2025, 8:18 pm La l\u00edder opositora Mar\u00eda Corina Machado, durante una de las concentraciones p\u00fablicas en Caracas. FotoMat\u00edas Delacroix (AP) La l\u00edder de las fuerzas democr\u00e1ticas de Venezuela, Mar\u00eda Corina Machado, celebr\u00f3 este martes 28 de octubre la elecci\u00f3n de Rodrigo Paz Pereira como presidente de Bolivia, y le dedic\u00f3 &hellip;<\/p>\n","protected":false},"author":1,"featured_media":47674,"comment_status":"open","ping_status":"open","sticky":false,"template":"","format":"standard","meta":{"fifu_image_url":"https:\/\/sandia.datanubex.uk\/wp-content\/uploads\/2025\/10\/ITKQ65U4CNBLVLOW3D6BICUPLI.avif","fifu_image_alt":"","footnotes":""},"categories":[13],"tags":[],"class_list":["post-47672","post","type-post","status-publish","format-standard","has-post-thumbnail","","category-mundo"],"_links":{"self":[{"href":"https:\/\/noticiasveraces.com\/index.php?rest_route=\/wp\/v2\/posts\/47672","targetHints":{"allow":["GET"]}}],"collection":[{"href":"https:\/\/noticiasveraces.com\/index.php?rest_route=\/wp\/v2\/posts"}],"about":[{"href":"https:\/\/noticiasveraces.com\/index.php?rest_route=\/wp\/v2\/types\/post"}],"author":[{"embeddable":true,"href":"https:\/\/noticiasveraces.com\/index.php?rest_route=\/wp\/v2\/users\/1"}],"replies":[{"embeddable":true,"href":"https:\/\/noticiasveraces.com\/index.php?rest_route=%2Fwp%2Fv2%2Fcomments&post=47672"}],"version-history":[{"count":0,"href":"https:\/\/noticiasveraces.com\/index.php?rest_route=\/wp\/v2\/posts\/47672\/revisions"}],"wp:featuredmedia":[{"embeddable":true,"href":"https:\/\/noticiasveraces.com\/index.php?rest_route=\/wp\/v2\/media\/47674"}],"wp:attachment":[{"href":"https:\/\/noticiasveraces.com\/index.php?rest_route=%2Fwp%2Fv2%2Fmedia&parent=47672"}],"wp:term":[{"taxonomy":"category","embeddable":true,"href":"https:\/\/noticiasveraces.com\/index.php?rest_route=%2Fwp%2Fv2%2Fcategories&post=47672"},{"taxonomy":"post_tag","embeddable":true,"href":"https:\/\/noticiasveraces.com\/index.php?rest_route=%2Fwp%2Fv2%2Ftags&post=47672"}],"curies":[{"name":"wp","href":"https:\/\/api.w.org\/{rel}","templated":true}]}}