{"id":47655,"date":"2025-10-28T19:22:25","date_gmt":"2025-10-28T23:22:25","guid":{"rendered":"https:\/\/noticiasveraces.com\/?p=47655"},"modified":"2025-10-28T19:22:25","modified_gmt":"2025-10-28T23:22:25","slug":"rafael-sarria-the-rise-of-diosdados-frontman","status":"publish","type":"post","link":"https:\/\/noticiasveraces.com\/?p=47655","title":{"rendered":"Rafael Sarr\u00eda: The Rise of Diosdado\u2019s Frontman"},"content":{"rendered":"<p> \n<\/p>\n<div>\n<p>Rafael Alfredo Sarr\u00eda D\u00edaz, un empresario bajo sanciones del Tesoro de Estados Unidos por actuar como testaferro de altos funcionarios del r\u00e9gimen de Maduro, se ha convertido en el actor de poder detr\u00e1s de FM Center, uno de los circuitos de radio m\u00e1s grandes del pa\u00eds. Las fuentes se\u00f1alan que despu\u00e9s de enero de 2025, cuando falleci\u00f3 el presidente de FM Centro, Sarr\u00eda hizo valer el control sobre la l\u00ednea editorial del grupo. Desde entonces ha establecido un r\u00e9gimen de censura y miedo entre los empleados.<\/p>\n<p>Seg\u00fan personas vinculadas al circuito, las tensiones entre los due\u00f1os de Rodr\u00edguez y Sarr\u00eda ya se notaban a mediados de 2024, cuando a\u00fan estaba vivo Rodolfo Rodr\u00edguez Miranda. Los desacuerdos se pod\u00edan escuchar y sentir m\u00e1s all\u00e1 de los muros de las oficinas presidenciales.<\/p>\n<p>Casi un a\u00f1o despu\u00e9s \u2014concretamente el 2 de mayo de 2025\u2014 las medidas de Sarr\u00eda no dejaron lugar a dudas. Nicol\u00e1s Maduro Guerra, hijo del jefe de Estado, fue recibido ese d\u00eda en el Centro FM como si fuera una estrella mundial, seg\u00fan se aprecia en videos compartidos en redes sociales. \u201cNicolasito\u201d estrech\u00f3 la mano de los empleados y fue entrevistado en uno de los programas emblem\u00e1ticos de la emisora. En total, entre el 29 de abril y el 22 de mayo apareci\u00f3 en tres programas diferentes. Era parte de su campa\u00f1a por un esca\u00f1o en la Asamblea Nacional.<\/p>\n<p>Como era de esperarse en unas elecciones sin competencia real para el oficialismo, Maduro Guerras fue elegido diputado el 25 de mayo de 2025. Pero el momento en que se rompi\u00f3 el guion ocurri\u00f3 en torno a su visita al circuito. Los videos que muestran el recorrido del candidato por los pasillos de FM Centro revelaron, por primera vez, el verdadero rostro de Rafael Sarr\u00eda. Las noticias que mencionaban al empresario desde 2018 hab\u00edan sido ilustradas con la imagen de otro hombre que tambi\u00e9n se llamaba Rafael Sarr\u00eda. <\/p>\n<p>FM Center naci\u00f3 en la d\u00e9cada de 1990 con la visi\u00f3n de construir la red de radio privada m\u00e1s amplia del pa\u00eds. Fundado por Rodolfo Rodr\u00edguez Garc\u00eda y dirigido junto a sus hijos Rodolfo, Martha, Marcia y Marlene Rodr\u00edguez Miranda\u2014esta \u00faltima casada con el cantante Ricardo Montaner\u2014el grupo se expandi\u00f3 a m\u00e1s de 60 estaciones en toda Venezuela, organizadas en subcircuitos como La Rom\u00e1ntica, Fiesta, Candela Pura y Hot 94.1.<\/p>\n<p>Martha Rodr\u00edguez Miranda, periodista y socia fundadora, explic\u00f3 que su hermano Rodolfo vendi\u00f3 el 30% de las acciones de la empresa a Sarr\u00eda en 2012, como parte de una estrategia familiar para conseguir una renovaci\u00f3n de licencia ante Conatel, regulador de radiodifusi\u00f3n bajo control chavista.<\/p>\n<blockquote class=\"wp-block-quote is-layout-flow wp-block-quote-is-layout-flow\">\n<p>Fuentes dentro de FM Center afirman que a Diosdado Cabello se le conoce con el c\u00f3digo \u201cDelta Charlie\u201d, y su opini\u00f3n dicta la l\u00ednea editorial.<\/p>\n<\/blockquote>\n<p>\u00abSarr\u00eda nos asegur\u00f3 que no se involucrar\u00eda en la redacci\u00f3n del circuito porque viv\u00eda en Espa\u00f1a. Cumpli\u00f3 esa promesa hasta hace muy poco\u00bb, dijo respondiendo brevemente a nuestras preguntas.<\/p>\n<p>Conatel es el organismo estatal que administra el espectro radioel\u00e9ctrico de Venezuela y regula a las empresas de telecomunicaciones. Es responsable del cierre de 233 estaciones de radio desde 2003, del cierre de RCTV y del bloqueo de 80 medios digitales en el pa\u00eds. Por ese motivo, era fundamental para los propietarios de circuitos contar con alguien que pudiera ayudarles a conseguir la licencia. Pero 12 a\u00f1os despu\u00e9s de la venta de esa participaci\u00f3n, la decisi\u00f3n se volvi\u00f3 en contra de la familia Rodr\u00edguez Miranda.<\/p>\n<h2 class=\"wp-block-heading\"><strong>Cadete, socio, censor<\/strong><\/h2>\n<p>Una ola de despidos ha afectado a FM Center desde mediados de 2024. Ha afectado a m\u00e1s de 20 trabajadores, entre ellos el periodista Isnardo Bravo, la locutora de radio Caterina Valentino y personal administrativo y t\u00e9cnico. Tras la muerte de Rodr\u00edguez Miranda hace nueve meses, Sarr\u00eda aprovech\u00f3 el vac\u00edo de poder para hacer valer el control sobre los herederos, seg\u00fan fuentes internas. Respaldado por Conatel, act\u00faa como si fuera el due\u00f1o absoluto.<\/p>\n<p>Los trabajadores describen el medio ambiente como un \u201cr\u00e9gimen de vigilancia y terror\u201d. Seg\u00fan estas fuentes, el nuevo secretario presidencial proviene de la Direcci\u00f3n General de Contrainteligencia Militar (DGCIM). Dentro del circuito, la influencia de Sarr\u00eda est\u00e1 ligada a su amistad con Diosdado Cabello, ahora posiblemente el hombre m\u00e1s poderoso de Venezuela. Afirman que se le conoce con el c\u00f3digo \u00abDelta Charlie\u00bb y que su opini\u00f3n dicta la l\u00ednea editorial.<\/p>\n<figure class=\"wp-block-embed is-type-video is-provider-tiktok wp-block-embed-tiktok\"\/>\n<figure class=\"wp-block-image size-full\"><img fetchpriority=\"high\" decoding=\"async\" width=\"551\" height=\"840\" data-attachment-id=\"87089\" src=\"https:\/\/www.caracaschronicles.com\/2025\/10\/28\/rafael-sarria-the-rise-of-diosdados-frontman\/nicolasito-sarria\/\" data-orig-file=\"https:\/\/www.caracaschronicles.com\/wp-content\/uploads\/2025\/10\/Nicolasito-Sarria.jpg\" data-orig-size=\"551,840\" data-comments-opened=\"1\" data-image-meta=\"{&quot;aperture&quot;:&quot;0&quot;,&quot;credit&quot;:&quot;&quot;,&quot;camera&quot;:&quot;&quot;,&quot;caption&quot;:&quot;&quot;,&quot;created_timestamp&quot;:&quot;0&quot;,&quot;copyright&quot;:&quot;&quot;,&quot;focal_length&quot;:&quot;0&quot;,&quot;iso&quot;:&quot;0&quot;,&quot;shutter_speed&quot;:&quot;0&quot;,&quot;title&quot;:&quot;&quot;,&quot;orientation&quot;:&quot;0&quot;}\" data-image-title=\"Nicolasito Sarr\u00eda\" data-image-description=\"\" data-image-caption=\"\" data-medium-file=\"https:\/\/www.caracaschronicles.com\/wp-content\/uploads\/2025\/10\/Nicolasito-Sarria-197x300.jpg\" data-large-file=\"https:\/\/www.caracaschronicles.com\/wp-content\/uploads\/2025\/10\/Nicolasito-Sarria.jpg\" alt=\"\" class=\"wp-image-87089\" srcset=\"https:\/\/www.caracaschronicles.com\/wp-content\/uploads\/2025\/10\/Nicolasito-Sarria.jpg 551w, https:\/\/www.caracaschronicles.com\/wp-content\/uploads\/2025\/10\/Nicolasito-Sarria-197x300.jpg 197w\" sizes=\"(max-width: 551px) 100vw, 551px\"\/><\/figure>\n<p>La relaci\u00f3n Cabello-Sarr\u00eda comenz\u00f3 el 21 de agosto de 1981, cuando ambos iniciaron su formaci\u00f3n en la Academia Militar de Venezuela junto a otros 540 j\u00f3venes. Es la misma instituci\u00f3n donde Hugo Ch\u00e1vez ense\u00f1\u00f3 y reclut\u00f3 a sus primeros aliados pol\u00edticos.<\/p>\n<p>Cabello hab\u00eda crecido en un hogar de bajos ingresos en El Furrial, estado de Monagas. Sarr\u00eda, por el contrario, pertenec\u00eda a una familia de clase media que viv\u00eda en Caracas. Pero la camarader\u00eda entre los aspirantes a oficiales ayud\u00f3 a construir su amistad.<\/p>\n<p>Entre los 540 cadetes se encontraban otros que luego participar\u00edan en los intentos golpistas de febrero y noviembre de 1992, la campa\u00f1a presidencial de Hugo Ch\u00e1vez y en su gesti\u00f3n tras asumir el poder en 1999. Entre ellos se encuentran los exministros Jesse Chac\u00f3n y Carlos Rotondaro, y Jos\u00e9 Gregorio Vielma Mora, exjefe del organismo fiscal SENIAT y gobernador del T\u00e1chira entre 2013 y 2018.<\/p>\n<blockquote class=\"wp-block-quote is-layout-flow wp-block-quote-is-layout-flow\">\n<p>A medida que Cabello se hizo m\u00e1s poderoso entre 2000 y 2025, los registros muestran que Sarr\u00eda D\u00edaz cre\u00f3 22 empresas en Venezuela, Estados Unidos, las Islas V\u00edrgenes y Francia.<\/p>\n<\/blockquote>\n<p>Sarr\u00eda se retir\u00f3 dos a\u00f1os del programa del Ej\u00e9rcito. Regres\u00f3 a la vida civil, tratando de encontrar trabajo y emprender negocios, mientras excompa\u00f1eros como Cabello se graduaban como subtenientes en 1987. De los 540 cadetes que iniciaron, s\u00f3lo 216 formaban parte de esa promoci\u00f3n del General de Brigada Tom\u00e1s Montilla.<\/p>\n<p>Algunos de esos oficiales participaron en los golpes de estado de 1992 antes de desempe\u00f1ar un papel en el espectacular ascenso de Ch\u00e1vez. En 1998, cuando Ch\u00e1vez hac\u00eda campa\u00f1a de gira, Sarr\u00eda se uni\u00f3 al equipo de seguridad del candidato. Cabello fue el encargado de coordinarlo. Ese empresario en sus inicios, que luego ingres\u00f3 al sector de seguros, no solo estaba ayudando a proteger a Ch\u00e1vez. Sarr\u00eda estaba gastando su propio dinero para financiar la candidatura. Y a trav\u00e9s de sus contactos ayud\u00f3 a proporcionar transporte a\u00e9reo al futuro presidente. Sarr\u00eda lo hizo utilizando aviones de amigos o conocidos<\/p>\n<p>\u201cSarr\u00eda apostaba al ganador para luego reclamar dividendos, siempre en sociedad con Cabello\u201d, recuerda un ex colega militar.<\/p>\n<p>Cuando Cabello lleg\u00f3 al poder, Sarr\u00eda ampli\u00f3 sus negocios. Los registros internacionales muestran que entre 2000 y 2025 cre\u00f3 22 empresas en Venezuela, Estados Unidos, Islas V\u00edrgenes y Francia. En Caracas compr\u00f3 una mansi\u00f3n en Valle Arriba decorada con obras de Jes\u00fas Soto. Propiedades valoradas en millones en Nueva York y Boca Rat\u00f3n. En Madrid, una vivienda de lujo en el exclusivo barrio de La Moraleja equipada con 150 c\u00e1maras y micr\u00f3fonos.<\/p>\n<p>Para este informe se contact\u00f3 con Rafael Sarr\u00eda. Hace m\u00e1s de una semana se enviaron dos correos electr\u00f3nicos solicitando una entrevista. Nunca lleg\u00f3 una respuesta.<\/p>\n<h3 class=\"wp-block-heading\"><strong>Encontrando al Sarr\u00eda sin rostro<\/strong><\/h3>\n<p>Sarr\u00eda logr\u00f3 mantener su rostro oculto durante a\u00f1os. No se encontraron im\u00e1genes del empresario real en los medios ni en las fuentes abiertas. El 18 de mayo de 2018, cuando la OFAC anunci\u00f3 sanciones contra Diosdado Cabello, Marleny Contreras, Jos\u00e9 David Cabello y Rafael Alfredo Sarr\u00eda D\u00edaz, medio <em>A Todo Momento<\/em> public\u00f3 un perfil de Sarr\u00eda titulado: \u201cRafael Sarr\u00eda D\u00edaz, el hombre vinculado a Diosdado Cabello\u201d. Ahora, eso s\u00f3lo se puede leer a trav\u00e9s de archive.org. Originalmente mostraba una foto de quien cre\u00edan que era Rafael Alfredo Sarr\u00eda D\u00edaz.<\/p>\n<p>Esto se sabe porque otra salida, <em>Venezuela al D\u00eda<\/em>public\u00f3 un art\u00edculo titulado: \u201c\u00bfQui\u00e9n es Rafael Sarr\u00eda, el hombre vinculado a las tramas de Diosdado Cabello?\u201d Al final dice que fue tomado de <em>A Todo Momento<\/em>. La fotograf\u00eda utilizada muestra a un hombre de m\u00e1s de 60 a\u00f1os, blanco, calvo, bien afeitado, delgado, vestido con chaqueta y corbata, de pie con un puente detr\u00e1s de \u00e9l.<\/p>\n<p>La investigaci\u00f3n para este informe confirma que el hombre de esa foto se llama Rafael Sarr\u00eda, pero no es quien dirige FM Center. Es hom\u00f3nimo, un ingeniero vasco que habla ingl\u00e9s, franc\u00e9s, italiano y euskera, y fue nombrado director de la compa\u00f1\u00eda de ferrocarriles del Pa\u00eds Vasco, Euskal Trenbide Sarea, en febrero de 2013.<\/p>\n<p>La foto del ingeniero pol\u00edglota vasco se ha utilizado para ilustrar otras historias, incluidos informes de 2021 sobre su detenci\u00f3n en Madrid. En aquel entonces, Sarr\u00eda D\u00edaz fue acusado de violencia y amenazas contra su exyerno.<\/p>\n<blockquote class=\"wp-block-quote is-layout-flow wp-block-quote-is-layout-flow\">\n<p>Sarr\u00eda aparece de pie al lado de Nicolasito: cabello y barba grises, chaqueta verde militar, pantal\u00f3n beige, una sonrisa que sugiere misi\u00f3n cumplida.<\/p>\n<\/blockquote>\n<p>En enero de 2022, medio de investigaci\u00f3n espa\u00f1ol <em>El Confidencial<\/em> mostr\u00f3 la primera foto del verdadero Rafael Sarr\u00eda. Pero su rostro no era visible. Apareci\u00f3 con una m\u00e1scara.<\/p>\n<p>Fue fotografiado entrando a los juzgados de Madrid para responder a las acusaciones de agresi\u00f3n de su exyerno, Roberto Elizondo Le\u00f3n. Este \u00faltimo afirm\u00f3 que Sarr\u00eda lo golpe\u00f3 durante una disputa por la custodia del hijo que Elizondo ten\u00eda con Ver\u00f3nica Sarr\u00eda, la hija del empresario.<\/p>\n<p>No fue hasta mayo de 2025 que Nicol\u00e1s Maduro Guerra revel\u00f3 una imagen m\u00e1s clara de Rafael Sarr\u00eda, en una gira de campa\u00f1a electoral que lleg\u00f3 hasta los pasillos de FM Centro. En un video de TikTok se ve al hijo del presidente caminando por la sede de Caracas. Sarr\u00eda aparece de pie a su lado: pelo y barba grises, chaqueta verde militar, pantal\u00f3n beige, una sonrisa que sugiere misi\u00f3n cumplida.<\/p>\n<p>Un experto venezolano en cibercrimen explic\u00f3 que casos como el de Sarr\u00eda pueden ocurrir por error o por dise\u00f1o. Puede suceder que alguien identifique err\u00f3neamente un nombre o una fotograf\u00eda de un personaje p\u00fablico, lo publique y otros lo repliquen sin malicia ni desinformaci\u00f3n coordinada. Un ejemplo fue Carlos Erick Malpica Flores, sobrino de Cilia Flores, quien durante mucho tiempo fue confundido con Temir Porras, vicecanciller de Ch\u00e1vez. Fue necesario un informe de investigaci\u00f3n de 2015 en los medios venezolanos para revelar el verdadero rostro del entonces vicepresidente de Finanzas y Tesorero Nacional de Pdvsa.<\/p>\n<p>Cuando informaci\u00f3n falsa se difunde intencionalmente, es una estrategia para proteger la identidad real de alguien. El experto recuerda el caso de N\u00e9stor Richardi Sequera, ex l\u00edder criminal del penal de Tocuyito, Carabobo, quien aspiraba a ser cantante de m\u00fasica urbana. Algunas versiones de su nombre circularon en la prensa para impedir una identificaci\u00f3n adecuada.<\/p>\n<p>En el caso de Sarr\u00eda, ya sea por error o intencionalidad, la imagen que proteg\u00eda su identidad colaps\u00f3 gracias a una publicaci\u00f3n en TikTok de Nicol\u00e1s Maduro Guerra. Esas im\u00e1genes exponen el rostro de Sarr\u00eda, el hombre que, a trav\u00e9s de negocios y amistad, at\u00f3 su destino al de las figuras m\u00e1s poderosas del r\u00e9gimen chavista-madurista.<\/p>\n<p><em>La versi\u00f3n en video de esta historia est\u00e1 disponible en <\/em><em>canal de youtube<\/em><em>  de <\/em>El Pitazo<em>.<\/em><\/p>\n<\/p><\/div>\n\n","protected":false},"excerpt":{"rendered":"<p>Rafael Alfredo Sarr\u00eda D\u00edaz, un empresario bajo sanciones del Tesoro de Estados Unidos por actuar como testaferro de altos funcionarios del r\u00e9gimen de Maduro, se ha convertido en el actor de poder detr\u00e1s de FM Center, uno de los circuitos de radio m\u00e1s grandes del pa\u00eds. Las fuentes se\u00f1alan que despu\u00e9s de enero de 2025, &hellip;<\/p>\n","protected":false},"author":1,"featured_media":47656,"comment_status":"open","ping_status":"open","sticky":false,"template":"","format":"standard","meta":{"fifu_image_url":"https:\/\/www.caracaschronicles.com\/wp-content\/uploads\/2025\/10\/RafaelSarriaFMCenter.jpg","fifu_image_alt":"","footnotes":""},"categories":[13],"tags":[],"class_list":["post-47655","post","type-post","status-publish","format-standard","has-post-thumbnail","","category-mundo"],"_links":{"self":[{"href":"https:\/\/noticiasveraces.com\/index.php?rest_route=\/wp\/v2\/posts\/47655","targetHints":{"allow":["GET"]}}],"collection":[{"href":"https:\/\/noticiasveraces.com\/index.php?rest_route=\/wp\/v2\/posts"}],"about":[{"href":"https:\/\/noticiasveraces.com\/index.php?rest_route=\/wp\/v2\/types\/post"}],"author":[{"embeddable":true,"href":"https:\/\/noticiasveraces.com\/index.php?rest_route=\/wp\/v2\/users\/1"}],"replies":[{"embeddable":true,"href":"https:\/\/noticiasveraces.com\/index.php?rest_route=%2Fwp%2Fv2%2Fcomments&post=47655"}],"version-history":[{"count":0,"href":"https:\/\/noticiasveraces.com\/index.php?rest_route=\/wp\/v2\/posts\/47655\/revisions"}],"wp:featuredmedia":[{"embeddable":true,"href":"https:\/\/noticiasveraces.com\/index.php?rest_route=\/wp\/v2\/media\/47656"}],"wp:attachment":[{"href":"https:\/\/noticiasveraces.com\/index.php?rest_route=%2Fwp%2Fv2%2Fmedia&parent=47655"}],"wp:term":[{"taxonomy":"category","embeddable":true,"href":"https:\/\/noticiasveraces.com\/index.php?rest_route=%2Fwp%2Fv2%2Fcategories&post=47655"},{"taxonomy":"post_tag","embeddable":true,"href":"https:\/\/noticiasveraces.com\/index.php?rest_route=%2Fwp%2Fv2%2Ftags&post=47655"}],"curies":[{"name":"wp","href":"https:\/\/api.w.org\/{rel}","templated":true}]}}