{"id":47649,"date":"2025-10-28T16:43:05","date_gmt":"2025-10-28T20:43:05","guid":{"rendered":"https:\/\/noticiasveraces.com\/?p=47649"},"modified":"2025-10-28T16:43:05","modified_gmt":"2025-10-28T20:43:05","slug":"el-horror-en-el-aula-una-red-de-trata-reclutaba-adolescentes-en-colegios-de-argentina","status":"publish","type":"post","link":"https:\/\/noticiasveraces.com\/?p=47649","title":{"rendered":"El horror en el aula: una red de trata reclutaba adolescentes en colegios de Argentina"},"content":{"rendered":"<p> \n<\/p>\n<div>\n<p data-start=\"677\" data-end=\"1112\">Una investigaci\u00f3n judicial destap\u00f3 una red de trata de personas que operaba en la provincia de Salta y que, seg\u00fan la fiscal\u00eda, <strong data-start=\"828\" data-end=\"895\">reclutaba alumnas de entre 11 y 18 a\u00f1os en colegios secundarios<\/strong>. Hasta el momento se identificaron <strong data-start=\"931\" data-end=\"946\">33 v\u00edctimas<\/strong> y se presume que podr\u00eda haber m\u00e1s. El caso conmociona al norte argentino y gener\u00f3 una fuerte reacci\u00f3n social por el lugar donde actuaban los captadores: las aulas.<\/p>\n<p data-start=\"677\" data-end=\"1112\">Seg\u00fan la investigaci\u00f3n, la red operaba en torno a un colegio de la ciudad de Salta, donde uno de los imputados, identificado como conductor de los coches de alquiler que son conocidos como &#8216;rem\u00eds&#8217; en Argentina, <strong data-start=\"402\" data-end=\"465\">frecuentaba la zona y se ganaba la confianza de las alumnas<\/strong>. De acuerdo con la causa, el hombre <strong data-start=\"502\" data-end=\"544\">reclutaba a adolescentes de cuarto a\u00f1o<\/strong>ofrec\u00eda dinero a cambio de encuentros sexuales con hombres adultos y luego <strong data-start=\"621\" data-end=\"670\">las amenazaba con contarles todo a sus padres<\/strong> si intentaban negarse o alejarse del grupo, de acuerdo con lo publicado por P\u00e1gina\/12 y medios locales.<\/p>\n<div class=\"ReadMore-root Section-root Section-is1to3-xs_is1to1\" data-widgets=\"ReadMore\">\n<div class=\"Section-container Section-isRow-isTop-isWrap\">\n<article class=\"Card-root Card-is1to1 Card-default \">\n<div class=\"Card-imageWrap\">\n<div class=\"Card-picture\">\n<picture class=\"Picture-root Picture-default\"><!--[if IE 9]><video style=\"display: none;\"><![endif]--><source media=\"(-webkit-min-device-pixel-ratio: 2) and (min-resolution: 120dpi)\" data-srcset=\"&#10;                                            https:\/\/mf.b37mrtl.ru\/actualidad\/public_images\/2025.10\/thumbnail\/68ff8cb959bf5b03ce4c0fc5.jpg 850w,&#10;                                    https:\/\/mf.b37mrtl.ru\/actualidad\/public_images\/2025.10\/article\/68ff8cb959bf5b03ce4c0fc5.jpg 1960w,            \" srcset=\"&#10;                                    data:image\/png;base64,iVBORw0KGgoAAAANSUhEUgAAABAAAAAJCAQAAACRI2S5AAAAEElEQVR42mNkIAAYRxWAAQAG9gAKqv6+AwAAAABJRU5ErkJggg==&#10;                            \"><source data-srcset=\"&#10;                                            https:\/\/mf.b37mrtl.ru\/actualidad\/public_images\/2025.10\/thumbnail\/68ff8cb959bf5b03ce4c0fc5.jpg 460,&#10;                                  https:\/\/mf.b37mrtl.ru\/actualidad\/public_images\/2025.10\/article\/68ff8cb959bf5b03ce4c0fc5.jpg 980w,&#10;            \" srcset=\"&#10;                                    data:image\/png;base64,iVBORw0KGgoAAAANSUhEUgAAABAAAAAJCAQAAACRI2S5AAAAEElEQVR42mNkIAAYRxWAAQAG9gAKqv6+AwAAAABJRU5ErkJggg==&#10;                            \"><!--[if IE 9]><\/video><![endif]--><img decoding=\"async\" data-sizes=\"auto\" src=\"&#10;                                    data:image\/png;base64,iVBORw0KGgoAAAANSUhEUgAAABAAAAAJCAQAAACRI2S5AAAAEElEQVR42mNkIAAYRxWAAQAG9gAKqv6+AwAAAABJRU5ErkJggg==&#10;                            \" class=\"Picture-root Picture-default lazyload\" data-src=\"https:\/\/mf.b37mrtl.ru\/actualidad\/public_images\/2025.10\/thumbnail\/68ff8cb959bf5b03ce4c0fc5.jpg\" alt=\"Viol\u00f3, tortur\u00f3 y mat\u00f3 a una ni\u00f1a: el salvaje crimen que trajo un castigo sin precedentes a su autora\"\/><\/source><\/source><\/picture><!-- noscript pattern --><img decoding=\"async\" src=\"https:\/\/mf.b37mrtl.ru\/actualidad\/public_images\/2025.10\/article\/68ff8cb959bf5b03ce4c0fc5.jpg\" alt=\"Viol\u00f3, tortur\u00f3 y mat\u00f3 a una ni\u00f1a: el salvaje crimen que trajo un castigo sin precedentes a su autora\"\/>    <\/div>\n<\/p><\/div>\n<\/article><\/div>\n<\/p><\/div>\n<p data-start=\"677\" data-end=\"1112\">Este lunes, la Sala II de la C\u00e1mara Federal de Apelaciones de Salta <strong data-start=\"358\" data-end=\"416\">confirm\u00f3 la prisi\u00f3n preventiva de 7 de los 8 imputados<\/strong> por trata de personas con fines de explotaci\u00f3n sexual de alumnas.<\/p>\n<h3 data-start=\"677\" data-end=\"1112\">Metodolog\u00eda Epstein<\/h3>\n<p data-start=\"677\" data-end=\"1112\">La jueza federal Mariana Catalano compar\u00f3 la causa con el caso <strong data-start=\"1530\" data-end=\"1549\">Jeffrey Epstein<\/strong> por la modalidad de captaci\u00f3n de una chica a otra, ya que <strong data-start=\"1610\" data-end=\"1680\">las propias v\u00edctimas eran inducidas a reclutar nuevas adolescentes<\/strong> dentro de los colegios. Catalano aclar\u00f3 que\u00a0ello no aten\u00faa la responsabilidad de los adultos involucrados, sino que ilustra c\u00f3mo se ampli\u00f3 el c\u00edrculo de captaci\u00f3n.<\/p>\n<p data-start=\"1544\" data-end=\"2011\">Las defensas de algunos de los imputados que admitieron haber mantenido relaciones sexuales con las adolescentes alegaron que <strong data-start=\"388\" data-end=\"430\">desconoc\u00edan que fueran menores de edad<\/strong>. Sin embargo, fuentes judiciales citadas por P\u00e1gina\/12 afirmaron que ese argumento es insostenible: \u00abNo hay chance de que nadie diga que no se dio cuenta de que eran menores de edad. Porque hay chicas que parecen de 11 a\u00f1os\u00bb. <\/p>\n<\/div>\n\n","protected":false},"excerpt":{"rendered":"<p>Una investigaci\u00f3n judicial destap\u00f3 una red de trata de personas que operaba en la provincia de Salta y que, seg\u00fan la fiscal\u00eda, reclutaba alumnas de entre 11 y 18 a\u00f1os en colegios secundarios. Hasta el momento se identificaron 33 v\u00edctimas y se presume que podr\u00eda haber m\u00e1s. El caso conmociona al norte argentino y gener\u00f3 &hellip;<\/p>\n","protected":false},"author":1,"featured_media":47651,"comment_status":"open","ping_status":"open","sticky":false,"template":"","format":"standard","meta":{"fifu_image_url":"https:\/\/mf.b37mrtl.ru\/actualidad\/public_images\/2025.10\/article\/69010e9b59bf5b38615ada50.jpg","fifu_image_alt":"","footnotes":""},"categories":[13],"tags":[],"class_list":["post-47649","post","type-post","status-publish","format-standard","has-post-thumbnail","","category-mundo"],"_links":{"self":[{"href":"https:\/\/noticiasveraces.com\/index.php?rest_route=\/wp\/v2\/posts\/47649","targetHints":{"allow":["GET"]}}],"collection":[{"href":"https:\/\/noticiasveraces.com\/index.php?rest_route=\/wp\/v2\/posts"}],"about":[{"href":"https:\/\/noticiasveraces.com\/index.php?rest_route=\/wp\/v2\/types\/post"}],"author":[{"embeddable":true,"href":"https:\/\/noticiasveraces.com\/index.php?rest_route=\/wp\/v2\/users\/1"}],"replies":[{"embeddable":true,"href":"https:\/\/noticiasveraces.com\/index.php?rest_route=%2Fwp%2Fv2%2Fcomments&post=47649"}],"version-history":[{"count":0,"href":"https:\/\/noticiasveraces.com\/index.php?rest_route=\/wp\/v2\/posts\/47649\/revisions"}],"wp:featuredmedia":[{"embeddable":true,"href":"https:\/\/noticiasveraces.com\/index.php?rest_route=\/wp\/v2\/media\/47651"}],"wp:attachment":[{"href":"https:\/\/noticiasveraces.com\/index.php?rest_route=%2Fwp%2Fv2%2Fmedia&parent=47649"}],"wp:term":[{"taxonomy":"category","embeddable":true,"href":"https:\/\/noticiasveraces.com\/index.php?rest_route=%2Fwp%2Fv2%2Fcategories&post=47649"},{"taxonomy":"post_tag","embeddable":true,"href":"https:\/\/noticiasveraces.com\/index.php?rest_route=%2Fwp%2Fv2%2Ftags&post=47649"}],"curies":[{"name":"wp","href":"https:\/\/api.w.org\/{rel}","templated":true}]}}