{"id":47646,"date":"2025-10-28T16:18:05","date_gmt":"2025-10-28T20:18:05","guid":{"rendered":"https:\/\/noticiasveraces.com\/?p=47646"},"modified":"2025-10-28T16:18:05","modified_gmt":"2025-10-28T20:18:05","slug":"oficialistas-marcharan-desde-la-urbina-hasta-petare-cuales-son-las-vias-que-estaran-restringidas","status":"publish","type":"post","link":"https:\/\/noticiasveraces.com\/?p=47646","title":{"rendered":"Oficialistas marchar\u00e1n desde La Urbina hasta Petare: cu\u00e1les son las v\u00edas que estar\u00e1n restringidas"},"content":{"rendered":"<p> \n<\/p>\n<div>\n<p>Nahum Fern\u00e1ndez, vicepresidente de Movilizaci\u00f3n y Eventos del Partido Socialista Unido de Venezuela (PSUV), convoc\u00f3 <strong>una marcha para la tarde del martes 28 de octubre<\/strong>.<\/p>\n<div class=\"ruby-table-contents rbtoc table-fw\">\n<ul class=\"toc-content h5\">\n<li>V\u00edas alternas en el municipio Sucre<\/li>\n<li>Otro cierre de v\u00eda reciente en Caracas por marca<\/li>\n<\/ul>\n<\/div>\n<p>La marcha tendr\u00e1 como punto de concentraci\u00f3n el <strong>Centro de Diagn\u00f3stico Integral (CDI) de La Urbina<\/strong> y finalizar\u00e1 en las inmediaciones del <strong>barrio 5 de Julio de Petare<\/strong>en el municipio Sucre del estado Miranda. <\/p>\n<blockquote data-service=\"instagram\" data-category=\"marketing\" data-placeholder-image=\"https:\/\/eldiario.com\/wp-content\/plugins\/complianz-gdpr\/assets\/images\/placeholders\/instagram-minimal.jpg\" class=\"cmplz-placeholder-element instagram-media\" data-instgrm-permalink=\"https:\/\/www.instagram.com\/p\/DQVerbHES9Z\/?utm_source=ig_embed&amp;utm_campaign=loading\" data-instgrm-version=\"14\" style=\"background:#fff;border:0;border-radius:3px;margin:1px;max-width:540px;min-width:326px;padding:0;width:99.375%;width:-webkit-calc(100% - 2px);width:calc(100% - 2px);\"\/>\n<p>Esta actividad se realizar\u00e1 para rechazar \u201clas maniobras de manipulaci\u00f3n y desestabilizaci\u00f3n promovidas por Estados Unidos para socavar la soberan\u00eda de Venezuela\u201d. <\/p>\n<p>De acuerdo con la informaci\u00f3n de los voceros, la convocatoria est\u00e1 pautada para comenzar a las<strong> 5:00 pm del martes 28 de octubre<\/strong>. <\/p>\n<p>El CDI de La Urbina se encuentra ubicado en la carretera vieja Petare-Guarenas. A\u00fan no se ha determinado si la ruta de la manifestaci\u00f3n emplear\u00e1 dicha v\u00eda o si ser\u00e1 redireccionada a la autopista Gran Mariscal de Ayacucho.<\/p>\n<h2 id=\"vias-alternas-en-el-municipio-sucre\" class=\"rb-heading-index-0-824600 wp-block-heading\"><strong>V\u00edas alternas en el municipio Sucre<\/strong><\/h2>\n<p>-Avenida R\u00f3mulo Gallegos desde el distribuidor de La Urbina hasta Los Dos Caminos<\/p>\n<p>-Avenida Boyac\u00e1 (Cota mil) desde los accesos de la Autopista Gran Cacique Guaicaipuro<\/p>\n<h2 id=\"otro-cierre-de-via-reciente-en-caracas-por-marca\" class=\"rb-heading-index-1-824600 wp-block-heading\"><strong>Otro cierre de v\u00eda reciente en Caracas por marca<\/strong><\/h2>\n<figure class=\"wp-block-image size-large\"><picture fetchpriority=\"high\" decoding=\"async\" class=\"wp-image-101695\"><source type=\"image\/webp\" sizes=\"(max-width: 1024px) 100vw, 1024px\" nitro-lazy-srcset=\"https:\/\/eldiario.com\/nitropack_static\/DWpklAePbJBFiBKvuTtiGMLbtJlHUqWt\/assets\/images\/optimized\/rev-4610e21\/eldiario.com\/wp-content\/uploads\/2020\/12\/DSC1283-1024x683.jpg.webp 1024w, https:\/\/eldiario.com\/nitropack_static\/DWpklAePbJBFiBKvuTtiGMLbtJlHUqWt\/assets\/images\/optimized\/rev-4610e21\/eldiario.com\/wp-content\/uploads\/2020\/12\/DSC1283-300x200.jpg.webp 300w, https:\/\/eldiario.com\/nitropack_static\/DWpklAePbJBFiBKvuTtiGMLbtJlHUqWt\/assets\/images\/optimized\/rev-4610e21\/eldiario.com\/wp-content\/uploads\/2020\/12\/DSC1283-768x512.jpg.webp 768w, https:\/\/eldiario.com\/nitropack_static\/DWpklAePbJBFiBKvuTtiGMLbtJlHUqWt\/assets\/images\/optimized\/rev-4610e21\/eldiario.com\/wp-content\/uploads\/2020\/12\/DSC1283-1536x1024.jpg.webp 1536w, https:\/\/eldiario.com\/nitropack_static\/DWpklAePbJBFiBKvuTtiGMLbtJlHUqWt\/assets\/images\/optimized\/rev-4610e21\/eldiario.com\/wp-content\/uploads\/2020\/12\/DSC1283.jpg.webp 1600w\" nitro-lazy-empty=\"\" id=\"ODI5OjQ3MA==-1\" srcset=\"data:image\/svg+xml;nitro-empty-id=ODI5OjQ3MA==-1;base64,PHN2ZyB2aWV3Qm94PSIwIDAgMTAyNCA2ODMiIHdpZHRoPSIxMDI0IiBoZWlnaHQ9IjY4MyIgeG1sbnM9Imh0dHA6Ly93d3cudzMub3JnLzIwMDAvc3ZnIj48L3N2Zz4=\"\/><img fetchpriority=\"high\" width=\"1024\" height=\"683\" alt=\"Av. Francisco de Miranda este 6 de diciembre\" sizes=\"(max-width: 1024px) 100vw, 1024px\" srcset=\"https:\/\/eldiario.com\/nitropack_static\/DWpklAePbJBFiBKvuTtiGMLbtJlHUqWt\/assets\/images\/optimized\/rev-4610e21\/eldiario.com\/wp-content\/uploads\/2020\/12\/DSC1283-1024x683.jpg 1024w, https:\/\/eldiario.com\/nitropack_static\/DWpklAePbJBFiBKvuTtiGMLbtJlHUqWt\/assets\/images\/optimized\/rev-4610e21\/eldiario.com\/wp-content\/uploads\/2020\/12\/DSC1283-300x200.jpg 300w, https:\/\/eldiario.com\/nitropack_static\/DWpklAePbJBFiBKvuTtiGMLbtJlHUqWt\/assets\/images\/optimized\/rev-4610e21\/eldiario.com\/wp-content\/uploads\/2020\/12\/DSC1283-768x512.jpg 768w, https:\/\/eldiario.com\/nitropack_static\/DWpklAePbJBFiBKvuTtiGMLbtJlHUqWt\/assets\/images\/optimized\/rev-4610e21\/eldiario.com\/wp-content\/uploads\/2020\/12\/DSC1283-1536x1024.jpg 1536w, https:\/\/eldiario.com\/nitropack_static\/DWpklAePbJBFiBKvuTtiGMLbtJlHUqWt\/assets\/images\/optimized\/rev-4610e21\/eldiario.com\/wp-content\/uploads\/2020\/12\/DSC1283.jpg 1600w\" src=\"https:\/\/eldiario.com\/nitropack_static\/DWpklAePbJBFiBKvuTtiGMLbtJlHUqWt\/assets\/images\/optimized\/rev-4610e21\/eldiario.com\/wp-content\/uploads\/2020\/12\/DSC1283-1024x683.jpg\" class=\"nitro-lazy\" decoding=\"async\" nitro-lazy-empty=\"\" id=\"ODMwOjYxNA==-1\"\/> <\/picture><figcaption class=\"wp-element-caption\">Foto: Jos\u00e9 Daniel Ramos @danielj2511<\/figcaption><\/figure>\n<p>El 6 de octubre, miembros del PSUV convocaron una manifestaci\u00f3n en respaldo al gobierno de Nicol\u00e1s Maduro<\/p>\n<p>La concentraci\u00f3n comenz\u00f3 a la 12:00 pm en el Gran Muro de Petare, en el municipio Sucre, y luego iniciar\u00e1 una marcha que llegar\u00e1 hasta la sede de la Organizaci\u00f3n de las Naciones Unidas (ONU), ubicada a la torre Parque Cristal en la avenida Francisco de Miranda, a la altura de Altamira, municipio Chacao.<\/p>\n<p>El recorrido fue de aproximadamente 4,5 kil\u00f3metros por la avenida Francisco de Miranda, una de las v\u00edas m\u00e1s concurridas de Caracas.<\/p>\n<p>El equipo de <strong>El Diario<\/strong> constat\u00f3 la instalaci\u00f3n de al menos tres tarimas para la marcha oficialista ubicadas en el Gran Muro de Petare, en la avenida Francisco de Miranda a la altura del centro comercial L\u00edder y otra en Chacao.<\/p>\n<\/p><\/div>\n<p><script async src=\"\/\/www.instagram.com\/embed.js\"><\/script><br \/>\n<br \/>\n","protected":false},"excerpt":{"rendered":"<p>Nahum Fern\u00e1ndez, vicepresidente de Movilizaci\u00f3n y Eventos del Partido Socialista Unido de Venezuela (PSUV), convoc\u00f3 una marcha para la tarde del martes 28 de octubre. V\u00edas alternas en el municipio Sucre Otro cierre de v\u00eda reciente en Caracas por marca La marcha tendr\u00e1 como punto de concentraci\u00f3n el Centro de Diagn\u00f3stico Integral (CDI) de La &hellip;<\/p>\n","protected":false},"author":1,"featured_media":47648,"comment_status":"open","ping_status":"open","sticky":false,"template":"","format":"standard","meta":{"fifu_image_url":"https:\/\/eldiario.com\/wp-content\/uploads\/2025\/10\/Petare-1200x675.png","fifu_image_alt":"","footnotes":""},"categories":[4],"tags":[],"class_list":["post-47646","post","type-post","status-publish","format-standard","has-post-thumbnail","","category-historias-destacadas"],"_links":{"self":[{"href":"https:\/\/noticiasveraces.com\/index.php?rest_route=\/wp\/v2\/posts\/47646","targetHints":{"allow":["GET"]}}],"collection":[{"href":"https:\/\/noticiasveraces.com\/index.php?rest_route=\/wp\/v2\/posts"}],"about":[{"href":"https:\/\/noticiasveraces.com\/index.php?rest_route=\/wp\/v2\/types\/post"}],"author":[{"embeddable":true,"href":"https:\/\/noticiasveraces.com\/index.php?rest_route=\/wp\/v2\/users\/1"}],"replies":[{"embeddable":true,"href":"https:\/\/noticiasveraces.com\/index.php?rest_route=%2Fwp%2Fv2%2Fcomments&post=47646"}],"version-history":[{"count":0,"href":"https:\/\/noticiasveraces.com\/index.php?rest_route=\/wp\/v2\/posts\/47646\/revisions"}],"wp:featuredmedia":[{"embeddable":true,"href":"https:\/\/noticiasveraces.com\/index.php?rest_route=\/wp\/v2\/media\/47648"}],"wp:attachment":[{"href":"https:\/\/noticiasveraces.com\/index.php?rest_route=%2Fwp%2Fv2%2Fmedia&parent=47646"}],"wp:term":[{"taxonomy":"category","embeddable":true,"href":"https:\/\/noticiasveraces.com\/index.php?rest_route=%2Fwp%2Fv2%2Fcategories&post=47646"},{"taxonomy":"post_tag","embeddable":true,"href":"https:\/\/noticiasveraces.com\/index.php?rest_route=%2Fwp%2Fv2%2Ftags&post=47646"}],"curies":[{"name":"wp","href":"https:\/\/api.w.org\/{rel}","templated":true}]}}