{"id":47612,"date":"2025-10-28T11:33:04","date_gmt":"2025-10-28T15:33:04","guid":{"rendered":"https:\/\/noticiasveraces.com\/?p=47612"},"modified":"2025-10-28T11:33:04","modified_gmt":"2025-10-28T15:33:04","slug":"miles-de-estudiantes-salen-a-la-calle-para-protestar-contra-el-bullying-esto-no-es-un-juego-de-ninos-educacion","status":"publish","type":"post","link":"https:\/\/noticiasveraces.com\/?p=47612","title":{"rendered":"Miles de estudiantes salen a la calle para protestar contra el \u2018bullying\u2019: \u201cEsto no es un juego de ni\u00f1os\u201d | Educaci\u00f3n"},"content":{"rendered":"<p> \n<\/p>\n<div data-dtm-region=\"articulo_cuerpo\">\n<p class=\"\">Alejandra, Mart\u00edn, Claudia, Jainely o Irene se han preguntado estas \u00faltimas semanas si, en el caso de que sus familias, sus amigas m\u00e1s cercanas o alg\u00fan profesor no los hubieran arropado, habr\u00edan podido acabar encontr\u00e1ndose en la situaci\u00f3n de Sandra, la sevillana de 14 a\u00f1os que se quit\u00f3 la vida el pasado 14 de octubre y que sufr\u00eda un acoso escolar del que su colegio era conocedor, pero frente al que no activ\u00f3 los protocolos correspondientes. Para ellos, estar esta ma\u00f1ana en la manifestaci\u00f3n convocada por el Sindicato de Estudiantes en la capital andaluza para denunciar el <i>intimidaci\u00f3n <\/i>era m\u00e1s que una obligaci\u00f3n, la forma de visibilizar que el acoso escolar no es algo excepcional y que, sobre todo, no se debe esconder. <\/p>\n<p class=\"\">\u201cEsto no es un juego y los que hemos sufrido <i>intimidaci\u00f3n<\/i> estamos hartos de escucharlo\u201d, advierte Alejandra, de 16 a\u00f1os, que lleva un cartel con las fotos de otros menores de edad que se suicidaron tras soportar el hostigamiento y la persecuci\u00f3n de otros compa\u00f1eros. Miles de estudiantes, muchos de ellos acompa\u00f1ados por madres y padres, igualmente concienciados con este problema, han abarrotado la avenida de la Constituci\u00f3n por la que ha discurrido la manifestaci\u00f3n convocada en Sevilla, y que se ha replicado en la mayor\u00eda de capitales de provincia de toda Espa\u00f1a.<\/p>\n<p class=\"\">Pr\u00e1cticamente, en todos los grupos de amigos que estaban en la marcha hab\u00eda un caso de acoso, pero, en la mayor\u00eda, un amigo o un familiar se hab\u00eda convertido en su ancla de salvaci\u00f3n. Es la situaci\u00f3n de una ni\u00f1a de 16 a\u00f1os, que pide no dar su nombre, y que ha venido desde Utrera. Ella sufri\u00f3 acoso a los 14 a\u00f1os, como Sandra. \u201cEstos d\u00edas me he sentido muy identificada con ella\u201d, cuenta. Su centro abri\u00f3 el protocolo porque su madre amenaz\u00f3 con denunciar a la Guardia Civil el <i>intimidaci\u00f3n <\/i>de unas compa\u00f1eras. \u201cDijeron que era cosa de ni\u00f1as y al final las cambiaron de clase, pero el acoso segu\u00eda en los pasillos\u201d, relata. Este a\u00f1o, como ella ha repetido, se siente m\u00e1s tranquila, pero el recuerdo persiste. \u201cMe dieron ataques de ansiedad, gracias a mi mejor amiga y a un profesor que me vio llorar he podido salir adelante\u201d, cuenta. \u201cNunca ha estado sola\u201d, incide su amiga, que tampoco quiere dar su nombre.<\/p>\n<p class=\"\">Mart\u00edn tuvo m\u00e1s suerte. Tiene 14 a\u00f1os y sufri\u00f3 acoso escolar con 11. En su caso, a diferencia del de Sandra, los protocolos funcionaron. \u201cUna amiga me dijo que lo contara. Habl\u00e9 con los profesores, ellos con mis padres y el centro expuls\u00f3 a mis acosadores una semana\u201d, recuerda. \u201cNos parece lamentable que una ni\u00f1a se haya quitado la vida porque otras tres compa\u00f1eras no quisieran dejarla en paz\u201d, abunda. <\/p>\n<p class=\"\">El suicidio de Sandra se ha convertido en un tema de conversaci\u00f3n recurrente entre los chavales de la edad de la joven sevillana y de los que van a Bachillerato. \u201cPor supuesto que nos hemos preguntado si en nuestro centro estamos protegidos\u201d, cuenta Jainely, que tiene 16 a\u00f1os y cursa 1\u00ba de Bachillerato. Sabe de lo que habla porque ella tambi\u00e9n sufri\u00f3 acoso cuando ten\u00eda 11 a\u00f1os. \u201cGracias a mi madre y a una amiga se aplic\u00f3 el protocolo, pero los profesores no supieron detectarlo\u201d, cuenta. \u201cMe parece muy injusto lo que se ha hecho con Sandra. Lo sab\u00edan y no se hizo nada por proteger a la persona que m\u00e1s sufr\u00eda\u201d, abunda. <\/p>\n<p class=\"\">Ana vive en el barrio de Sandra, aunque acude a otro centro escolar. \u201cAll\u00ed se comenta todo, el caso, las pintadas en el colegio\u2026\u201d, se\u00f1ala. \u201cEstoy aqu\u00ed porque es necesario que se entienda que esto es una falta de atenci\u00f3n del colegio y para luchar por nuestros derechos, tenemos derecho a estudiar en un entorno seguro, a sentirnos protegidos\u201d, explica.<\/p>\n<h3 class=\"\">\u201cLos ni\u00f1os no pueden ir con miedo al colegio\u201d<\/h3>\n<p class=\"\">\u201cA m\u00ed me acorralaban por los pasillos y estoy aqu\u00ed para que esto no vuelva a pasar m\u00e1s. En mi instituto s\u00ed me siento protegida, pero cuando iba a la ESO no. Es muy fuerte que en el caso de Sandra esto haya acabado as\u00ed, pero no hay suficiente implicaci\u00f3n o conocimiento\u201d, recalca Claudia, de 17 a\u00f1os y que sufri\u00f3 <i>intimidaci\u00f3n<\/i> estafa 11.<\/p>\n<figure class=\"a_m a_m-h \"><span class=\"_db a_m_w _pr lb_btn\"><img decoding=\"auto\" class=\"_re lazyload a_m-h\" height=\"276\" srcset=\"https:\/\/imagenes.elpais.com\/resizer\/v2\/URSVJVWK5NEJ3L6UWPJBROW3TI.jpg?auth=516b84e378b96ed0363b173837bbe4ca6aaf92fc9fa549c4e815750f8518b910&amp;width=414 414w,https:\/\/imagenes.elpais.com\/resizer\/v2\/URSVJVWK5NEJ3L6UWPJBROW3TI.jpg?auth=516b84e378b96ed0363b173837bbe4ca6aaf92fc9fa549c4e815750f8518b910&amp;width=828 640w,https:\/\/imagenes.elpais.com\/resizer\/v2\/URSVJVWK5NEJ3L6UWPJBROW3TI.jpg?auth=516b84e378b96ed0363b173837bbe4ca6aaf92fc9fa549c4e815750f8518b910&amp;width=980 1000w,https:\/\/imagenes.elpais.com\/resizer\/v2\/URSVJVWK5NEJ3L6UWPJBROW3TI.jpg?auth=516b84e378b96ed0363b173837bbe4ca6aaf92fc9fa549c4e815750f8518b910&amp;width=1960 1960w\" width=\"414\" sizes=\"auto, (min-width:1199px) 1155px,(min-width:1001px) calc(100vw - 44px),(min-width:768px) 767px, 100vw\" src=\"https:\/\/imagenes.elpais.com\/resizer\/v2\/URSVJVWK5NEJ3L6UWPJBROW3TI.jpg?auth=516b84e378b96ed0363b173837bbe4ca6aaf92fc9fa549c4e815750f8518b910&amp;width=414\" loading=\"lazy\"\/><svg aria-hidden=\"true\" class=\"icon_multimedia_ampliar | _pa a_m_i a_m_i-a _dn\" viewbox=\"0 0 40 40\"><use xlink:href=\"#svg-ampliar\"\/><\/svg><\/span><figcaption class=\"a_m_p\" aria-hidden=\"true\"><span>Sevilla 28\/10\/25   Manifestaci\u00f3n contra el bullying y en recuerdo a Sandra Pe\u00f1a  foto. ALEJANDRO RUESGA<\/span><span class=\"a_m_m\">Alejandro Ruesga<\/span><\/figcaption><\/figure>\n<p class=\"\">Esa es la premisa con la que Esther ha acompa\u00f1ado a su hija Ana\u00eds, de 12 a\u00f1os, a la manifestaci\u00f3n. \u201cHace mucha falta que el sistema cambie, que se tomen medidas, nuestros hijos no pueden ir con miedo al colegio\u201d. \u201cNo queremos que se vuelva a repetir\u201d, incide Cathaysa, otra madre que ha querido llevar a sus hijos de ocho a\u00f1os, Carmen y Pablo, a la manifestaci\u00f3n. \u201cEn casa hemos hablado del tema, ellos tienen claro lo que es el acoso y por qu\u00e9 no hay que permitirlo\u201d, insiste. Carmen se\u00f1ala al cartel que ha pintado ella misma: \u201cSi no nos re\u00edmos los dos, no es gracioso\u201d. <\/p>\n<p class=\"\">\u201cA m\u00ed me toca bastante. Mi hermana estuvo ingresada el a\u00f1o pasado por ansiedad\u201d, cuenta Irene, sobre el caso de acoso de su hermana Sof\u00eda, de 15. \u201cEstamos cansados de que esto siga ocurriendo y que no se adopten soluciones\u201d, contin\u00faa. En el caso de su hermana, el centro opt\u00f3 \u00fanicamente por cambiarla de clase para que no estuviera junto a sus acosadoras. En el caso de Alejandra, tuvo que ser ella la que acab\u00f3 cambi\u00e1ndose de centro. \u201cDa igual el cambio de aula, el <i>intimidaci\u00f3n<\/i> siempre va a estar presente\u201d, advierte.<\/p>\n<p class=\"\">Cambiar a las tres chicas que presuntamente acosaban a Sandra es lo \u00fanico que su colegio, Irlandesas de Loreto, un privado concertado, hizo, pese a que la madre de la ni\u00f1a hab\u00eda pedido a la direcci\u00f3n que activaran el protocolo antiacoso el 3 de septiembre y que desde el final de curso, la direcci\u00f3n conoc\u00eda determinadas conductas autol\u00edticas de la menor. Su familia tambi\u00e9n ha estado presente en la manifestaci\u00f3n. <\/p>\n<p class=\"\">Al final, en la parte donde el silencio sonaba mucho m\u00e1s fuerte que los gritos pidiendo justicia para Sandra que recorr\u00edan el resto de la marcha. Detr\u00e1s de una pancarta reclamando \u201cNo al acoso escolar\u201d. Con rostro serio, pero tambi\u00e9n un tanto abrumados por el apoyo de tanta gente, tal y como reconoc\u00eda m\u00e1s con gestos que con palabras, el t\u00edo de la joven, Isaac Villar. <\/p>\n<p class=\"\">La familia convive ahora con la insoportable certeza de que el colegio no hizo nada por aplacar el acoso que sufr\u00eda su hija. Esperan que su caso sea un antes y un despu\u00e9s en c\u00f3mo los centros abordan el <i>intimidaci\u00f3n<\/i>. Entre los miles de personas que se agolpan en la plaza frente al Palacio de San Telmo, sede de la Junta de Andaluc\u00eda, se entremezclan tres compa\u00f1eras del equipo de f\u00fatbol de Sandra, que llevan la camiseta de paseo del club, el Honeybal. \u201cPara nosotras ha sido algo inesperado porque no sab\u00edamos que sufr\u00eda acoso. Lo que queremos es que se haga algo para que esto no vuelva a pasar, que se haga justicia\u201d, dicen, muy afectadas. <\/p>\n<p class=\"\">La Fiscal\u00eda de Menores est\u00e1 investigando a las supuestas acosadoras de Sandra y la actuaci\u00f3n del colegio, al igual que la Defensor\u00eda de la Infancia y la Inspecci\u00f3n de Trabajo. \u201cDamos por hecho que en nuestros centros recibiremos protecci\u00f3n, pero el caso de Sandra demuestra que muchos colegios est\u00e1n m\u00e1s pendientes de su reputaci\u00f3n que de c\u00f3mo nos sintamos\u201d, reflexiona la joven de Utrera.<\/p>\n<p class=\"\"><i>Las personas con conductas suicidas y sus familiares pueden llamar al 024, una l\u00ednea de atenci\u00f3n del Ministerio de Sanidad. Tambi\u00e9n pueden dirigirse al Tel\u00e9fono de la Esperanza (<\/i><i>717 003 717<\/i><i>), dedicado a la prevenci\u00f3n de este problema. En casos que afecten a menores, la Fundaci\u00f3n Anar dispone del tel\u00e9fono <\/i><i>900 20 20 10<\/i><i>  y del chat de la p\u00e1gina <\/i><i>https:\/\/www.anar.org<\/i><i>  de Ayuda a Ni\u00f1os\/as y Adolescentes.<\/i><\/p>\n<\/div>\n\n","protected":false},"excerpt":{"rendered":"<p>Alejandra, Mart\u00edn, Claudia, Jainely o Irene se han preguntado estas \u00faltimas semanas si, en el caso de que sus familias, sus amigas m\u00e1s cercanas o alg\u00fan profesor no los hubieran arropado, habr\u00edan podido acabar encontr\u00e1ndose en la situaci\u00f3n de Sandra, la sevillana de 14 a\u00f1os que se quit\u00f3 la vida el pasado 14 de octubre &hellip;<\/p>\n","protected":false},"author":1,"featured_media":47613,"comment_status":"open","ping_status":"open","sticky":false,"template":"","format":"standard","meta":{"fifu_image_url":"https:\/\/imagenes.elpais.com\/resizer\/v2\/X3XD7DUXJNBI7DKTEHQRIGVC24.jpg?auth=779290e2b4b99b63d1d10307b3a4b4e0df479a83a2c4ba94164785c9f594ad9f&width=1200","fifu_image_alt":"","footnotes":""},"categories":[11],"tags":[],"class_list":["post-47612","post","type-post","status-publish","format-standard","has-post-thumbnail","","category-viaje"],"_links":{"self":[{"href":"https:\/\/noticiasveraces.com\/index.php?rest_route=\/wp\/v2\/posts\/47612","targetHints":{"allow":["GET"]}}],"collection":[{"href":"https:\/\/noticiasveraces.com\/index.php?rest_route=\/wp\/v2\/posts"}],"about":[{"href":"https:\/\/noticiasveraces.com\/index.php?rest_route=\/wp\/v2\/types\/post"}],"author":[{"embeddable":true,"href":"https:\/\/noticiasveraces.com\/index.php?rest_route=\/wp\/v2\/users\/1"}],"replies":[{"embeddable":true,"href":"https:\/\/noticiasveraces.com\/index.php?rest_route=%2Fwp%2Fv2%2Fcomments&post=47612"}],"version-history":[{"count":0,"href":"https:\/\/noticiasveraces.com\/index.php?rest_route=\/wp\/v2\/posts\/47612\/revisions"}],"wp:featuredmedia":[{"embeddable":true,"href":"https:\/\/noticiasveraces.com\/index.php?rest_route=\/wp\/v2\/media\/47613"}],"wp:attachment":[{"href":"https:\/\/noticiasveraces.com\/index.php?rest_route=%2Fwp%2Fv2%2Fmedia&parent=47612"}],"wp:term":[{"taxonomy":"category","embeddable":true,"href":"https:\/\/noticiasveraces.com\/index.php?rest_route=%2Fwp%2Fv2%2Fcategories&post=47612"},{"taxonomy":"post_tag","embeddable":true,"href":"https:\/\/noticiasveraces.com\/index.php?rest_route=%2Fwp%2Fv2%2Ftags&post=47612"}],"curies":[{"name":"wp","href":"https:\/\/api.w.org\/{rel}","templated":true}]}}